{"id":111800,"date":"2025-12-09T13:25:10","date_gmt":"2025-12-09T13:25:10","guid":{"rendered":"https:\/\/www.europesays.com\/fi\/111800\/"},"modified":"2025-12-09T13:25:10","modified_gmt":"2025-12-09T13:25:10","slug":"lux-helsinki-pitenee-kuusipaivaiseksi-festivaalin-suurin-valoteos-tulee-erikoiseen-paikkaan-paikalliset","status":"publish","type":"post","link":"https:\/\/www.europesays.com\/fi\/111800\/","title":{"rendered":"Lux Helsinki pitenee kuusip\u00e4iv\u00e4iseksi \u2013\u2009festivaalin suurin valoteos tulee erikoiseen paikkaan | Paikalliset"},"content":{"rendered":"<p>Lux Helsinki -valotaidefestivaali laajenee yleis\u00f6n toiveesta kuusip\u00e4iv\u00e4iseksi, kertoo tapahtuman j\u00e4rjest\u00e4v\u00e4 Helsingin Tapahtumas\u00e4\u00e4ti\u00f6 tiedotteessaan.<\/p>\n<p>\t\t\t\t\t<img class=\"diks-card__image\" src=\"https:\/\/www.europesays.com\/fi\/wp-content\/uploads\/2025\/12\/10578006.jpg\"   loading=\"lazy\" decoding=\"sync\" alt=\"\"\/><\/p>\n<p>Valotaideteokset ovat esill\u00e4 loppiaisesta, 6. tammikuuta, sunnuntaihin 11. tammikuuta asti.<\/p>\n<p><strong class=\"diks-storyline__impact\"> Teokset<\/strong> sijoittuvat Helsingin ytimeen, muun muassa Kansalaistorille, Hietalahdentorille, Vanhaan kirkkopuistoon, Espan lavalle, Erottajan aukiolle ja Citycenteriin.<\/p>\n<p>Valotaide levitt\u00e4ytyy my\u00f6s Kanneltaloon ja kymmeneen keskustan taidegalleriaan.<\/p>\n<p>\t\t<a class=\"diks-gallery__link\" href=\"https:\/\/i.media.fi\/incoming\/1f3oat\/11192321.jpg\/alternates\/FREE_1440\/11192321.jpg\" data-thumbnail=\"\" data-sub-html=\"Steve Thompsonin Mycelium Network -teokset tuhannet v\u00e4rikk\u00e4\u00e4t animoidut valokuitunauhat syk\u00e4htelev\u00e4t ja kimaltelevat eri voimakkuuksilla kuin kommunikoiden ymp\u00e4r\u00f6ivien eli\u00f6iden kanssa. Steve Thompson\" aria-label=\"Katso isompi kuva\" rel=\"nofollow noopener\" target=\"_blank\"><br \/>\n\t\t\t\t<img class=\"diks-figure__image\" src=\"https:\/\/www.europesays.com\/fi\/wp-content\/uploads\/2025\/12\/11192321.jpg\" loading=\"lazy\" decoding=\"sync\" alt=\"\"\/><\/p>\n<p>\t\t\t<\/a><br \/>\n\t\t\t\t\tSteve Thompsonin Mycelium Network -teokset tuhannet v\u00e4rikk\u00e4\u00e4t animoidut valokuitunauhat syk\u00e4htelev\u00e4t ja kimaltelevat eri voimakkuuksilla kuin kommunikoiden ymp\u00e4r\u00f6ivien eli\u00f6iden kanssa. Steve Thompson<\/p>\n<p><strong class=\"diks-storyline__impact\">Kanneltalossa<\/strong> ja Helsingin keskustan tuttujen rakennuksien pinnoilla sek\u00e4 puistoissa ja aukioilla on koettavissa 20 teosta, jotka kertovat tarinoita ja her\u00e4tt\u00e4v\u00e4t ajatuksia valon ja v\u00e4rien kautta.<\/p>\n<p>Teoskokonaisuuden voi kokea vapaavalintaisessa j\u00e4rjestyksess\u00e4, tiedotteessa neuvotaan.<\/p>\n<p><strong class=\"diks-storyline__impact\">Tapahtuman <\/strong>suurin valotaideteos Valon huoneet valaisee Hietalahdessa sijaitsevan Helsingin telakan ikoniset nosturit talven pimeydess\u00e4 loistaviksi majakoiksi.<\/p>\n<p>\u2013\u2009Teokseni kunnioittaa telakan historiaa, niit\u00e4 ihmisi\u00e4, jotka ovat tehneet ty\u00f6t\u00e4 telakalla ja sytytt\u00e4neet telakan valot jo yli 160 vuotta. Pimein\u00e4 ja tuulisina aamuina aikaisin ja kylmin\u00e4, lyhyin\u00e4 talvip\u00e4ivin\u00e4, kertoo suomalaisturkkilainen kuvataiteilija <strong>Melek Mazici<\/strong> telakkaa nykyisin is\u00e4nn\u00f6iv\u00e4n laivanrakennusyhti\u00f6 Davien tiedotteessa.<\/p>\n<p>Davien tiedotteen mukaan valotaidetapahtumassa mukanaolo symboloi Helsingin telakan renesanssia.<\/p>\n<p>Yrityksen telakalla rakentama j\u00e4\u00e4nmurtaja on &#8221;sytytt\u00e4nyt valot&#8221; j\u00e4lleen telakalle.<\/p>\n<p>\t\t<a class=\"diks-gallery__link\" href=\"https:\/\/i.media.fi\/incoming\/6dfwen\/11192313.jpg\/alternates\/FREE_1440\/11192313.jpg\" data-thumbnail=\"\" data-sub-html=\"Melek Mazicin Valon Huoneet -teos muodostaa kokonaisuuden, jossa nostureiden v\u00e4rivalaistut rakenteet yhdistyv\u00e4 lasereilla. Melek Mazic\" aria-label=\"Katso isompi kuva\" rel=\"nofollow noopener\" target=\"_blank\"><br \/>\n\t\t\t\t<img class=\"diks-figure__image\" src=\"https:\/\/www.europesays.com\/fi\/wp-content\/uploads\/2025\/12\/11192313.jpg\" loading=\"lazy\" decoding=\"sync\" alt=\"\"\/><\/p>\n<p>\t\t\t<\/a><br \/>\n\t\t\t\t\tMelek Mazicin Valon Huoneet -teos muodostaa kokonaisuuden, jossa nostureiden v\u00e4rivalaistut rakenteet yhdistyv\u00e4 lasereilla. Melek Mazic<\/p>\n<p><strong class=\"diks-storyline__impact\">Lux<\/strong> Helsinki valaisee loppiaisena, arkena ja viikonvaihteessa 6.\u201311. tammikuuta kello 17\u201322.<\/p>\n<p>Pimeisiin talven aamuihin tuodaan valoenergiaa Lux Aamun voimin 8.\u20139. tammikuuta, jolloin osa keskustan teoksista on valaistu kello 7\u20139.<\/p>\n<p><strong class=\"diks-storyline__impact\">Festivaalin <\/strong>j\u00e4rjest\u00e4j\u00e4t ovat arvioineet, ett\u00e4 tapahtumassa vierailee noin 300\u2009000\u2013400\u2009000 k\u00e4vij\u00e4\u00e4.<\/p>\n","protected":false},"excerpt":{"rendered":"Lux Helsinki -valotaidefestivaali laajenee yleis\u00f6n toiveesta kuusip\u00e4iv\u00e4iseksi, kertoo tapahtuman j\u00e4rjest\u00e4v\u00e4 Helsingin Tapahtumas\u00e4\u00e4ti\u00f6 tiedotteessaan. Valotaideteokset ovat esill\u00e4 loppiaisesta, 6.&hellip;\n","protected":false},"author":2,"featured_media":111801,"comment_status":"","ping_status":"","sticky":false,"template":"","format":"standard","meta":{"footnotes":""},"categories":[130],"tags":[137,33,31,30,104,32,485,109],"class_list":{"0":"post-111800","1":"post","2":"type-post","3":"status-publish","4":"format-standard","5":"has-post-thumbnail","7":"category-viihde","8":"tag-entertainment","9":"tag-fi","10":"tag-finland","11":"tag-finnish","12":"tag-helsinki","13":"tag-suomi","14":"tag-taide-yleista","15":"tag-viihde"},"share_on_mastodon":{"url":"https:\/\/pubeurope.com\/@fi\/115689837406830998","error":""},"_links":{"self":[{"href":"https:\/\/www.europesays.com\/fi\/wp-json\/wp\/v2\/posts\/111800","targetHints":{"allow":["GET"]}}],"collection":[{"href":"https:\/\/www.europesays.com\/fi\/wp-json\/wp\/v2\/posts"}],"about":[{"href":"https:\/\/www.europesays.com\/fi\/wp-json\/wp\/v2\/types\/post"}],"author":[{"embeddable":true,"href":"https:\/\/www.europesays.com\/fi\/wp-json\/wp\/v2\/users\/2"}],"replies":[{"embeddable":true,"href":"https:\/\/www.europesays.com\/fi\/wp-json\/wp\/v2\/comments?post=111800"}],"version-history":[{"count":0,"href":"https:\/\/www.europesays.com\/fi\/wp-json\/wp\/v2\/posts\/111800\/revisions"}],"wp:featuredmedia":[{"embeddable":true,"href":"https:\/\/www.europesays.com\/fi\/wp-json\/wp\/v2\/media\/111801"}],"wp:attachment":[{"href":"https:\/\/www.europesays.com\/fi\/wp-json\/wp\/v2\/media?parent=111800"}],"wp:term":[{"taxonomy":"category","embeddable":true,"href":"https:\/\/www.europesays.com\/fi\/wp-json\/wp\/v2\/categories?post=111800"},{"taxonomy":"post_tag","embeddable":true,"href":"https:\/\/www.europesays.com\/fi\/wp-json\/wp\/v2\/tags?post=111800"}],"curies":[{"name":"wp","href":"https:\/\/api.w.org\/{rel}","templated":true}]}}