{"id":111805,"date":"2025-12-09T13:30:09","date_gmt":"2025-12-09T13:30:09","guid":{"rendered":"https:\/\/www.europesays.com\/fi\/111805\/"},"modified":"2025-12-09T13:30:09","modified_gmt":"2025-12-09T13:30:09","slug":"lasse-lehtosen-x-tili-on-palannut-uutissuomalainen","status":"publish","type":"post","link":"https:\/\/www.europesays.com\/fi\/111805\/","title":{"rendered":"Lasse Lehtosen X-tili on palannut | Uutissuomalainen"},"content":{"rendered":"<p>Kelan p\u00e4\u00e4johtaja <strong>Lasse Lehtosen<\/strong> X-tili on palautettu. Asiasta kertoi ensimm\u00e4isen\u00e4 <a href=\"https:\/\/www.is.fi\/kotimaa\/art-2000011680229.html\" rel=\"nofollow noopener\" target=\"_blank\">Ilta-Sanomat<\/a>. Toistaiseksi Lehtonen ei ole kuitenkaan julkaissut uusia p\u00e4ivityksi\u00e4.<\/p>\n<p>Lehtosen X-tili katosi 17. marraskuuta. H\u00e4n kertoi marraskuussa pohtineensa kahden viikon sometauon pit\u00e4mist\u00e4 vaimonsa ja \u00e4itins\u00e4 suosituksesta.<\/p>\n<p><strong class=\"diks-storyline__impact\">Eilen maanantaina kerrottiin<\/strong>, ett\u00e4 Lehtonen on sairauslomalla alkuvuoteen asti. Kela tiedotti sunnuntaina, ett\u00e4 Brysseliss\u00e4 ty\u00f6matkalla ollut Lehtonen on joutunut sairaalahoitoon.<\/p>\n<p>\t\t\t\t\t<img class=\"diks-card__image\" src=\"https:\/\/www.europesays.com\/fi\/wp-content\/uploads\/2025\/12\/11190194.jpg\"   loading=\"lazy\" decoding=\"sync\" alt=\"\"\/><\/p>\n<p>\t\t\t\t\t<img class=\"diks-card__image\" src=\"https:\/\/www.europesays.com\/fi\/wp-content\/uploads\/2025\/12\/11189357.jpg\"   loading=\"lazy\" decoding=\"sync\" alt=\"\"\/><\/p>\n","protected":false},"excerpt":{"rendered":"Kelan p\u00e4\u00e4johtaja Lasse Lehtosen X-tili on palautettu. Asiasta kertoi ensimm\u00e4isen\u00e4 Ilta-Sanomat. Toistaiseksi Lehtonen ei ole kuitenkaan julkaissut uusia&hellip;\n","protected":false},"author":2,"featured_media":111806,"comment_status":"","ping_status":"","sticky":false,"template":"","format":"standard","meta":{"footnotes":""},"categories":[12],"tags":[22,23,26,27,33,31,30,17,24,25,28,29,923,15,18,21,764,103,32,765,502,679,167,19,20,860,16],"class_list":{"0":"post-111805","1":"post","2":"type-post","3":"status-publish","4":"format-standard","5":"has-post-thumbnail","7":"category-suomi","8":"tag-breaking-news","9":"tag-breakingnews","10":"tag-featured-news","11":"tag-featurednews","12":"tag-fi","13":"tag-finland","14":"tag-finnish","15":"tag-headlines","16":"tag-latest-news","17":"tag-latestnews","18":"tag-main-news","19":"tag-mainnews","20":"tag-matkustaminen","21":"tag-news","22":"tag-otsikot","23":"tag-paauutiset","24":"tag-sairaudet","25":"tag-sosiaalikysymykset","26":"tag-suomi","27":"tag-taudit-ja-hairiot","28":"tag-terveydenhoito","29":"tag-terveydenhuollon-toimintalaitokset","30":"tag-terveys","31":"tag-top-stories","32":"tag-topstories","33":"tag-tyoelama","34":"tag-uutiset"},"share_on_mastodon":{"url":"https:\/\/pubeurope.com\/@fi\/115689857309283840","error":""},"_links":{"self":[{"href":"https:\/\/www.europesays.com\/fi\/wp-json\/wp\/v2\/posts\/111805","targetHints":{"allow":["GET"]}}],"collection":[{"href":"https:\/\/www.europesays.com\/fi\/wp-json\/wp\/v2\/posts"}],"about":[{"href":"https:\/\/www.europesays.com\/fi\/wp-json\/wp\/v2\/types\/post"}],"author":[{"embeddable":true,"href":"https:\/\/www.europesays.com\/fi\/wp-json\/wp\/v2\/users\/2"}],"replies":[{"embeddable":true,"href":"https:\/\/www.europesays.com\/fi\/wp-json\/wp\/v2\/comments?post=111805"}],"version-history":[{"count":0,"href":"https:\/\/www.europesays.com\/fi\/wp-json\/wp\/v2\/posts\/111805\/revisions"}],"wp:featuredmedia":[{"embeddable":true,"href":"https:\/\/www.europesays.com\/fi\/wp-json\/wp\/v2\/media\/111806"}],"wp:attachment":[{"href":"https:\/\/www.europesays.com\/fi\/wp-json\/wp\/v2\/media?parent=111805"}],"wp:term":[{"taxonomy":"category","embeddable":true,"href":"https:\/\/www.europesays.com\/fi\/wp-json\/wp\/v2\/categories?post=111805"},{"taxonomy":"post_tag","embeddable":true,"href":"https:\/\/www.europesays.com\/fi\/wp-json\/wp\/v2\/tags?post=111805"}],"curies":[{"name":"wp","href":"https:\/\/api.w.org\/{rel}","templated":true}]}}