{"id":111823,"date":"2025-12-09T13:57:11","date_gmt":"2025-12-09T13:57:11","guid":{"rendered":"https:\/\/www.europesays.com\/fi\/111823\/"},"modified":"2025-12-09T13:57:11","modified_gmt":"2025-12-09T13:57:11","slug":"kahden-auton-peraanajo-jyvaskylassa-keski-suomi","status":"publish","type":"post","link":"https:\/\/www.europesays.com\/fi\/111823\/","title":{"rendered":"Kahden auton per\u00e4\u00e4najo Jyv\u00e4skyl\u00e4ss\u00e4 | Keski-Suomi"},"content":{"rendered":"<p>Jyv\u00e4skyl\u00e4n Vaajakoskella Kanavuoren kohdalla sijaitsevassa liikenneympyr\u00e4ss\u00e4 on tapahtunut per\u00e4\u00e4najo. Kaksi Nelostiet\u00e4 Etel\u00e4-Suomesta p\u00e4in ajanutta autoa kolaroivat liikenneympyr\u00e4\u00e4n saapuessa.<\/p>\n<p>Onnettomuudesta ei sattunut henkil\u00f6vahinkoja, ja autot s\u00e4ilyiv\u00e4t ajokunnossa. Alueella ei ollut en\u00e4\u00e4 kello kolmen aikaan liikennehaittaa, Keski-Suomen pelastuslaitokselta kerrotaan.<\/p>\n","protected":false},"excerpt":{"rendered":"Jyv\u00e4skyl\u00e4n Vaajakoskella Kanavuoren kohdalla sijaitsevassa liikenneympyr\u00e4ss\u00e4 on tapahtunut per\u00e4\u00e4najo. Kaksi Nelostiet\u00e4 Etel\u00e4-Suomesta p\u00e4in ajanutta autoa kolaroivat liikenneympyr\u00e4\u00e4n saapuessa.&hellip;\n","protected":false},"author":2,"featured_media":35535,"comment_status":"","ping_status":"","sticky":false,"template":"","format":"standard","meta":{"footnotes":""},"categories":[5],"tags":[22,23,26,27,33,31,30,17,24,25,121,28,29,15,837,120,18,21,122,54,32,128,19,20,546,16],"class_list":{"0":"post-111823","1":"post","2":"type-post","3":"status-publish","4":"format-standard","5":"has-post-thumbnail","7":"category-otsikot","8":"tag-breaking-news","9":"tag-breakingnews","10":"tag-featured-news","11":"tag-featurednews","12":"tag-fi","13":"tag-finland","14":"tag-finnish","15":"tag-headlines","16":"tag-latest-news","17":"tag-latestnews","18":"tag-liikenne-ja-kuljetus","19":"tag-main-news","20":"tag-mainnews","21":"tag-news","22":"tag-onnettomuudet","23":"tag-onnettomuustapaus","24":"tag-otsikot","25":"tag-paauutiset","26":"tag-pelastaminen","27":"tag-pelastuspalvelut","28":"tag-suomi","29":"tag-tieliikenne","30":"tag-top-stories","31":"tag-topstories","32":"tag-turvallisuus","33":"tag-uutiset"},"share_on_mastodon":{"url":"https:\/\/pubeurope.com\/@fi\/115689963114677186","error":""},"_links":{"self":[{"href":"https:\/\/www.europesays.com\/fi\/wp-json\/wp\/v2\/posts\/111823","targetHints":{"allow":["GET"]}}],"collection":[{"href":"https:\/\/www.europesays.com\/fi\/wp-json\/wp\/v2\/posts"}],"about":[{"href":"https:\/\/www.europesays.com\/fi\/wp-json\/wp\/v2\/types\/post"}],"author":[{"embeddable":true,"href":"https:\/\/www.europesays.com\/fi\/wp-json\/wp\/v2\/users\/2"}],"replies":[{"embeddable":true,"href":"https:\/\/www.europesays.com\/fi\/wp-json\/wp\/v2\/comments?post=111823"}],"version-history":[{"count":0,"href":"https:\/\/www.europesays.com\/fi\/wp-json\/wp\/v2\/posts\/111823\/revisions"}],"wp:featuredmedia":[{"embeddable":true,"href":"https:\/\/www.europesays.com\/fi\/wp-json\/wp\/v2\/media\/35535"}],"wp:attachment":[{"href":"https:\/\/www.europesays.com\/fi\/wp-json\/wp\/v2\/media?parent=111823"}],"wp:term":[{"taxonomy":"category","embeddable":true,"href":"https:\/\/www.europesays.com\/fi\/wp-json\/wp\/v2\/categories?post=111823"},{"taxonomy":"post_tag","embeddable":true,"href":"https:\/\/www.europesays.com\/fi\/wp-json\/wp\/v2\/tags?post=111823"}],"curies":[{"name":"wp","href":"https:\/\/api.w.org\/{rel}","templated":true}]}}