{"id":111824,"date":"2025-12-09T14:02:09","date_gmt":"2025-12-09T14:02:09","guid":{"rendered":"https:\/\/www.europesays.com\/fi\/111824\/"},"modified":"2025-12-09T14:02:09","modified_gmt":"2025-12-09T14:02:09","slug":"ympariston-tilasta-laadittu-tieteellinen-raportti-julkaistiin","status":"publish","type":"post","link":"https:\/\/www.europesays.com\/fi\/111824\/","title":{"rendered":"Ymp\u00e4rist\u00f6n tilasta laadittu tieteellinen raportti julkaistiin"},"content":{"rendered":"<p><strong class=\"typography-bold\">Raportissa ei kaunistella kest\u00e4vyysmurroksen hintalappua, mutta korostetaan, ett\u00e4 toimimattomuuden kustannukset ovat paljon korkeammat.<\/strong><\/p>\n<p>Ilmastonmuutos, biodiversiteetin katoaminen sek\u00e4 maaper\u00e4n k\u00f6yhtyminen, aavikoituminen ja saastuminen ovat aiheuttaneet jo suurta vahinkoa planeetalle ja mittavia taloudellisia kustannuksia, selvi\u00e4\u00e4 tiistaina julkaistusta YK:n raportista.<\/p>\n<p>Raportissa esitet\u00e4\u00e4n, ett\u00e4 ilmastoyst\u00e4v\u00e4llisill\u00e4 investoinneilla voitaisiin tulevina vuosikymmenin\u00e4 lis\u00e4t\u00e4 maailman bruttokansantuotetta, v\u00e4ltt\u00e4\u00e4 miljoonia kuolemantapauksia ja nostaa satoja miljoonia ihmisi\u00e4 n\u00e4l\u00e4st\u00e4 ja k\u00f6yhyydest\u00e4.<\/p>\n<p>Raportin mukaan vaadittavat toimet edellytt\u00e4isiv\u00e4t koko yhteiskunnan l\u00e4p\u00e4isevi\u00e4 perustavanlaatuisia muutoksia.<\/p>\n<p>Suomen ymp\u00e4rist\u00f6keskuksen (Syke) mukaan muutoksia esitet\u00e4\u00e4n raportissa ensisijaisesti talouden j\u00e4rjestelmiin laaja-alaisten hy\u00f6tyjen saavuttamiseksi. Ne vuorostaan mahdollistavat tarvittavat muutokset materiaali-, energia- ja ruokaj\u00e4rjestelmiss\u00e4, kuten siirtym\u00e4n kiertotalouteen, hiilest\u00e4 irtautumisen, kest\u00e4v\u00e4n maatalouden ja luonnon ennallistamisen.<\/p>\n<p>Vaikka kest\u00e4vyysmurros vaatii alkuinvestointeja, ovat toimimattomuuden taloudelliset kustannukset raportin mukaan paljon korkeammat.<\/p>\n<p>\u2013\u2009Raportti osoittaa, ett\u00e4 muutos on mahdollinen, jos yhdist\u00e4mme voimamme ja toimimme rohkeasti, Syke kertoi julkaisussaan.<\/p>\n<p><strong class=\"typography-bold\">Lue my\u00f6s: <\/strong><a class=\"underline\" data-testid=\"internal-link\" role=\"link\" data-sentry-element=\"Link\" data-sentry-component=\"InternalLink\" data-sentry-source-file=\"InternalLink.tsx\" href=\"https:\/\/www.mtvuutiset.fi\/artikkeli\/suomen-talvet-voivat-kylmeta-hurjasti-ei-todellakaan-paluu-vanhoihin-kunnon-aikoihin\/9244544\" rel=\"nofollow noopener\" target=\"_blank\"><\/a><\/p>\n","protected":false},"excerpt":{"rendered":"Raportissa ei kaunistella kest\u00e4vyysmurroksen hintalappua, mutta korostetaan, ett\u00e4 toimimattomuuden kustannukset ovat paljon korkeammat. Ilmastonmuutos, biodiversiteetin katoaminen sek\u00e4 maaper\u00e4n&hellip;\n","protected":false},"author":2,"featured_media":111825,"comment_status":"","ping_status":"","sticky":false,"template":"","format":"standard","meta":{"footnotes":""},"categories":[113],"tags":[446,33,31,30,118,32,119,447],"class_list":{"0":"post-111824","1":"post","2":"type-post","3":"status-publish","4":"format-standard","5":"has-post-thumbnail","7":"category-ymparisto","8":"tag-environment","9":"tag-fi","10":"tag-finland","11":"tag-finnish","12":"tag-science","13":"tag-suomi","14":"tag-tiede","15":"tag-ymparisto"},"share_on_mastodon":{"url":"https:\/\/pubeurope.com\/@fi\/115689982723028986","error":""},"_links":{"self":[{"href":"https:\/\/www.europesays.com\/fi\/wp-json\/wp\/v2\/posts\/111824","targetHints":{"allow":["GET"]}}],"collection":[{"href":"https:\/\/www.europesays.com\/fi\/wp-json\/wp\/v2\/posts"}],"about":[{"href":"https:\/\/www.europesays.com\/fi\/wp-json\/wp\/v2\/types\/post"}],"author":[{"embeddable":true,"href":"https:\/\/www.europesays.com\/fi\/wp-json\/wp\/v2\/users\/2"}],"replies":[{"embeddable":true,"href":"https:\/\/www.europesays.com\/fi\/wp-json\/wp\/v2\/comments?post=111824"}],"version-history":[{"count":0,"href":"https:\/\/www.europesays.com\/fi\/wp-json\/wp\/v2\/posts\/111824\/revisions"}],"wp:featuredmedia":[{"embeddable":true,"href":"https:\/\/www.europesays.com\/fi\/wp-json\/wp\/v2\/media\/111825"}],"wp:attachment":[{"href":"https:\/\/www.europesays.com\/fi\/wp-json\/wp\/v2\/media?parent=111824"}],"wp:term":[{"taxonomy":"category","embeddable":true,"href":"https:\/\/www.europesays.com\/fi\/wp-json\/wp\/v2\/categories?post=111824"},{"taxonomy":"post_tag","embeddable":true,"href":"https:\/\/www.europesays.com\/fi\/wp-json\/wp\/v2\/tags?post=111824"}],"curies":[{"name":"wp","href":"https:\/\/api.w.org\/{rel}","templated":true}]}}