{"id":111830,"date":"2025-12-09T14:16:11","date_gmt":"2025-12-09T14:16:11","guid":{"rendered":"https:\/\/www.europesays.com\/fi\/111830\/"},"modified":"2025-12-09T14:16:11","modified_gmt":"2025-12-09T14:16:11","slug":"norjan-ampumahiihtopomo-myontaa-tahtivalmentaja-erik-torneus-kulstadia-houkutellaan-takaisin-kotimaahansa-urheilu","status":"publish","type":"post","link":"https:\/\/www.europesays.com\/fi\/111830\/","title":{"rendered":"Norjan ampumahiihtopomo my\u00f6nt\u00e4\u00e4 \u2013 t\u00e4htivalmentaja Erik Torneus Kulstadia houkutellaan takaisin kotimaahansa | Urheilu"},"content":{"rendered":"<p class=\"aw-1gybjub aw-5vja16 kEtdKx kmuxyA yle__article__paragraph\">Suomi saattaa menett\u00e4\u00e4 t\u00e4htivalmentajansa Norjaan t\u00e4m\u00e4n kauden j\u00e4lkeen. Maan liitto kiinnostunut Erik Torneus Kulstadista. Suomen tavoite pit\u00e4\u00e4 miehest\u00e4 kiinni.<\/p>\n<p><img decoding=\"async\" alt=\"Suvi Minkkinen ja Erik Torneus-Kulstad juhlivat Minkkisen voittoa \u00d6stersundissa 5.12.2025.\" src=\"https:\/\/www.europesays.com\/fi\/wp-content\/uploads\/2025\/12\/39-156559169347375dd2ab.jpeg\" class=\"aw-1l9m598 hKVVvP\"\/><\/p>\n<p>Avaa kuvien katselu<\/p>\n<p>Erik Torneus Kulstad ja Suvi Minkkinen ottivat ilon irti urheilijan voitettua maailmancupin sprinttikilpailun \u00d6stersundissa viime perjantaina. Kuva: Getty Images<\/p>\n<p class=\"aw-1gybjub aw-1p7kakr kEtdKx cEmitX yle__article__paragraph\">\u2013 <strong class=\"aw-ak79eh KyCXm yle__article__strong\">Erik Torneus Kulstad<\/strong> kuuluu sille melko lyhyelle listalle, jolta valitsemme tulevat maajoukkuevalmentajamme. H\u00e4n on erinomainen valmentaja, ja olemme olleet h\u00e4neen yhteydess\u00e4 mahdollisesta ty\u00f6sopimuksesta. Erik p\u00e4\u00e4tt\u00e4\u00e4 tietenkin ammatillisesta tulevaisuudestaan itse.<\/p>\n<p class=\"aw-1gybjub aw-1p7kakr kEtdKx cEmitX yle__article__paragraph\">Norjan ampumahiihtoliiton maajoukkuetoiminnan johtaja <strong class=\"aw-ak79eh KyCXm yle__article__strong\">Per-Arne Botnan<\/strong> ei kierrellyt ja kaarrellut, kun kommentoi maansa valmentajahakua tiistaina Yle Urheilulle.<\/p>\n<p class=\"aw-1gybjub aw-1p7kakr kEtdKx cEmitX yle__article__paragraph\">Suomeen vuonna 2022 vain 27-vuotiaana rekrytoidun Kulstadin n\u00e4yt\u00f6t ovat viime kausilta niin kovat, ett\u00e4 mies t\u00e4ytt\u00e4\u00e4 jo maailman parhaankin ampumahiihtomaan valintakriteerit. T\u00e4m\u00e4 tarkoittaa sit\u00e4, ett\u00e4 Suomi on suuressa vaarassa menett\u00e4\u00e4 lajin kurssin kokonaan k\u00e4\u00e4nt\u00e4neen p\u00e4\u00e4valmentajansa tulevana kev\u00e4\u00e4n\u00e4.<\/p>\n<p class=\"aw-1gybjub aw-1p7kakr kEtdKx cEmitX yle__article__paragraph\">Suomen ampumahiihtoliiton puheenjohtaja <strong class=\"aw-ak79eh KyCXm yle__article__strong\">Jaakko Puurula<\/strong> kommentoi Yle Urheilulle, ett\u00e4 my\u00f6s Suomi on neuvotellut Kulstadin kanssa sopimuksesta \u201dhyv\u00e4ss\u00e4 hengess\u00e4\u201d. Taloudellisesti ja resurssillisesti Suomi ei kuitenkaan pysty Norjan tarjoukseen vastaamaan, jos mahtimaa todella oman poikansa haluaa ja tahtotila on molemminpuolinen.<\/p>\n<p>Vaimokin maajoukkuevalmentaja<\/p>\n<p class=\"aw-1gybjub aw-1p7kakr kEtdKx cEmitX yle__article__paragraph\">Taustalla painavat my\u00f6s henkil\u00f6kohtaiset syyt. Kulstadin ja t\u00e4m\u00e4n puolison koti on Oslossa, ja parilla on pieni lapsi. <strong class=\"aw-ak79eh KyCXm yle__article__strong\">Eline Kulstad Torneuksen<\/strong> ty\u00f6nantaja on Norjan jalkapalloliitto.<\/p>\n<p><img decoding=\"async\" alt=\"Jalkapallovalmentaja Eline Kulstad Torneus.\" src=\"https:\/\/www.europesays.com\/fi\/wp-content\/uploads\/2025\/12\/39-156679569380d8d635bd.jpeg\" loading=\"lazy\" class=\"aw-1l9m598 hKVVvP\"\/><\/p>\n<p>Avaa kuvien katselu<\/p>\n<p>My\u00f6s Erik Torneus Kulstadin puoliso on kiireinen ja ty\u00f6ss\u00e4\u00e4n paljon matkustava urheiluammattilainen. Eline Kulstad Torneus on Norjan alle 17-vuotiaiden tytt\u00f6jen jalkapallomaajoukkueen p\u00e4\u00e4valmentaja. Kuva: IMAGO\/Sportpix\/ All Over Press<\/p>\n<p class=\"aw-1gybjub aw-1p7kakr kEtdKx cEmitX yle__article__paragraph\">H\u00e4n on p\u00e4\u00e4valmentaja alle 17-vuotiaiden tytt\u00f6jen maajoukkueessa, joka aiemmin t\u00e4n\u00e4 vuonna pelasi ik\u00e4luokkansa MM-kisoissa Marokossa. Ty\u00f6sopimus kotimaan apumahiihtoliittoon pudottaisi selv\u00e4sti ruuhkavuosia el\u00e4v\u00e4n Kulstadin matkustusvuorokausia ja helpottaisi perhearkea. T\u00e4ll\u00e4 saattaa olla miehen p\u00e4\u00e4t\u00f6ksenteossa suuri vaikutus.<\/p>\n<p class=\"aw-1gybjub aw-1p7kakr kEtdKx cEmitX yle__article__paragraph\">\u2013 Kaikkien nelj\u00e4n maajoukkuevalmentajamme sopimukset umpeutuvat ensi kev\u00e4\u00e4n\u00e4, kuten olympiakauden j\u00e4lkeen on tyypillist\u00e4. Erikin puolesta puhuu tietysti my\u00f6s se, ett\u00e4 h\u00e4n on norjalainen, Botnan sanoo.<\/p>\n<p><img decoding=\"async\" alt=\"Johan-Olav Botn jublar.\" src=\"https:\/\/www.europesays.com\/fi\/wp-content\/uploads\/2025\/12\/39-156553669345fedf10b9.jpeg\" loading=\"lazy\" class=\"aw-1l9m598 hKVVvP\"\/><\/p>\n<p>Avaa kuvien katselu<\/p>\n<p>Vaikka Norjan t\u00e4hdist\u00e4 Johannes Thingnes B\u00f6 ja t\u00e4m\u00e4n veli Tarjei B\u00f6 lopettivat viime kev\u00e4\u00e4n\u00e4, tahti ei ole hiipunut. Johan-Olav Botn juhli normaalimatkan voittoa \u00d6stersundin maailmancupissa viime viikolla. Kuva: EPA<\/p>\n<p class=\"aw-1gybjub aw-1p7kakr kEtdKx cEmitX yle__article__paragraph\">Miesten valmentajista ranskalainen <strong class=\"aw-ak79eh KyCXm yle__article__strong\">Siegfried Mazet<\/strong> on jo kertonut palaavansa kotimaahansa. Miesten toisena valmentajana on ty\u00f6skennellyt my\u00f6s maastohiihdon parista maineikas <strong class=\"aw-ak79eh KyCXm yle__article__strong\">Egil Kristiansen<\/strong>. Naisten maajoukkuevalmentajina ovat toimineet <strong class=\"aw-ak79eh KyCXm yle__article__strong\">Patrick Oberegger<\/strong> ja <strong class=\"aw-ak79eh KyCXm yle__article__strong\">Sverre Huber Kaas<\/strong>.<\/p>\n<p>Legendat eiv\u00e4t k\u00e4ytett\u00e4viss\u00e4<\/p>\n<p class=\"aw-1gybjub aw-1p7kakr kEtdKx cEmitX yle__article__paragraph\">Norjalla olisi valmennust\u00f6ihin omasta takaa uransa lopettaneita lajilegendoja, kuten Kulstadin entinen esimies <strong class=\"aw-ak79eh KyCXm yle__article__strong\">Ole Einar Bj\u00f6rndalen<\/strong> tai viime kauden j\u00e4lkeen lopettaneet veljekset <strong class=\"aw-ak79eh KyCXm yle__article__strong\">Johannes Thingnes B\u00f6<\/strong> ja <strong class=\"aw-ak79eh KyCXm yle__article__strong\">Tarjei B\u00f6<\/strong>. N\u00e4it\u00e4 ei kuitenkaan Norjan maajoukkuevalmennus maajoukkuejohtajan mukaan ainakaan t\u00e4ss\u00e4 vaiheessa kiinnosta.<\/p>\n<p class=\"aw-1gybjub aw-1p7kakr kEtdKx cEmitX yle__article__paragraph\">\u2013 Heille on tarjolla lajin parista muita houkuttelevia ja hyvin korvattuja t\u00f6it\u00e4, Botnan toteaa ja viittaa l\u00e4hinn\u00e4 media-alan asiantuntijateht\u00e4viin.<\/p>\n<p class=\"aw-1gybjub aw-1p7kakr kEtdKx cEmitX yle__article__paragraph\">Vaikka Norjan liitto yritt\u00e4\u00e4 saada tulevan valmennuskvartettinsa valmiiksi niin pian kuin mahdollista, se ei maajoukkuepomon mukaan aio h\u00e4irit\u00e4 kenenk\u00e4\u00e4n ty\u00f6rauhaa t\u00e4rke\u00e4ll\u00e4 kaudella.<\/p>\n<p class=\"aw-1gybjub aw-1p7kakr kEtdKx cEmitX yle__article__paragraph\">\u2013 Olympiakisoja edelt\u00e4v\u00e4 aika ja kisa-aika rauhoitetaan.<\/p>\n","protected":false},"excerpt":{"rendered":"Suomi saattaa menett\u00e4\u00e4 t\u00e4htivalmentajansa Norjaan t\u00e4m\u00e4n kauden j\u00e4lkeen. Maan liitto kiinnostunut Erik Torneus Kulstadista. Suomen tavoite pit\u00e4\u00e4 miehest\u00e4&hellip;\n","protected":false},"author":2,"featured_media":111831,"comment_status":"","ping_status":"","sticky":false,"template":"","format":"standard","meta":{"footnotes":""},"categories":[158],"tags":[2094,15194,33,31,30,385,3451,1240,1422,159,32,13016,160],"class_list":{"0":"post-111830","1":"post","2":"type-post","3":"status-publish","4":"format-standard","5":"has-post-thumbnail","7":"category-urheilu","8":"tag-ampumahiihto","9":"tag-erik-bartlett-kulstad","10":"tag-fi","11":"tag-finland","12":"tag-finnish","13":"tag-norja","14":"tag-paavalmentaja","15":"tag-raha","16":"tag-ranska","17":"tag-sports","18":"tag-suomi","19":"tag-tarjous","20":"tag-urheilu"},"share_on_mastodon":{"url":"https:\/\/pubeurope.com\/@fi\/115690038086216024","error":""},"_links":{"self":[{"href":"https:\/\/www.europesays.com\/fi\/wp-json\/wp\/v2\/posts\/111830","targetHints":{"allow":["GET"]}}],"collection":[{"href":"https:\/\/www.europesays.com\/fi\/wp-json\/wp\/v2\/posts"}],"about":[{"href":"https:\/\/www.europesays.com\/fi\/wp-json\/wp\/v2\/types\/post"}],"author":[{"embeddable":true,"href":"https:\/\/www.europesays.com\/fi\/wp-json\/wp\/v2\/users\/2"}],"replies":[{"embeddable":true,"href":"https:\/\/www.europesays.com\/fi\/wp-json\/wp\/v2\/comments?post=111830"}],"version-history":[{"count":0,"href":"https:\/\/www.europesays.com\/fi\/wp-json\/wp\/v2\/posts\/111830\/revisions"}],"wp:featuredmedia":[{"embeddable":true,"href":"https:\/\/www.europesays.com\/fi\/wp-json\/wp\/v2\/media\/111831"}],"wp:attachment":[{"href":"https:\/\/www.europesays.com\/fi\/wp-json\/wp\/v2\/media?parent=111830"}],"wp:term":[{"taxonomy":"category","embeddable":true,"href":"https:\/\/www.europesays.com\/fi\/wp-json\/wp\/v2\/categories?post=111830"},{"taxonomy":"post_tag","embeddable":true,"href":"https:\/\/www.europesays.com\/fi\/wp-json\/wp\/v2\/tags?post=111830"}],"curies":[{"name":"wp","href":"https:\/\/api.w.org\/{rel}","templated":true}]}}