{"id":111832,"date":"2025-12-09T14:17:08","date_gmt":"2025-12-09T14:17:08","guid":{"rendered":"https:\/\/www.europesays.com\/fi\/111832\/"},"modified":"2025-12-09T14:17:08","modified_gmt":"2025-12-09T14:17:08","slug":"mirella-ja-sexmane-romanttinen-itsenaisyyspaiva-katso-kuvat","status":"publish","type":"post","link":"https:\/\/www.europesays.com\/fi\/111832\/","title":{"rendered":"Mirella ja Sexmane: Romanttinen itsen\u00e4isyysp\u00e4iv\u00e4 \u2013 katso kuvat!"},"content":{"rendered":"<p>\n            (240904) &#8212; Helsinki, September 4, 2024 \u2013 Mirella poses for the camera during El\u00e4m\u00e4 Lapselle &#8211; concert in Helsinki, Finland, 4. September 2024. (Matti Matikainen\/Aller Media)<br \/>\n            Matti Matikainen\n        <\/p>\n<p class=\"subtitle \">T\u00e4htiartistien viikonloppu sujui romanttisissa ja glamouria hehkuvissa tunnelmissa.<\/p>\n<p class=\"article-content article-content-width !bg-background\">Musiikkimaailman kyyhkyl\u00e4iset\u00a0 (oik. )\u00a0<br \/>ja  () hempeiliv\u00e4t avoimesti itsen\u00e4isyysp\u00e4iv\u00e4n\u00e4.<\/p>\n<p class=\"font-weight-bold m-font-weight-bold article-content article-content-width !bg-background\">Video: Katri Helena reagoi Tommin vauvahaaveisiin.<\/p>\n<p class=\"article-content article-content-width !bg-background\">Mirella julkaisi <a href=\"https:\/\/www.instagram.com\/p\/DR-NH-Vjc0V\/?img_index=9\" target=\"_blank\" rel=\"nofollow noopener\">Instagram-tililleen<\/a> kuvakarusellin, jossa poseeraa huippun\u00e4ytt\u00e4v\u00e4ss\u00e4 asussaan.<\/p>\n<p class=\"article-content article-content-width !bg-background\">Laulajan iltapuvussa on kaunis, helmin koristeltu yl\u00e4osa. Koko look huokuu salamavalojen loisteessa glamouria.<\/p>\n<p>Rakkauskuvia!<\/p>\n<p class=\"article-content article-content-width !bg-background\">Mirellan kuvakoosteessa huomion kiinnitt\u00e4\u00e4 seitsem\u00e4s kohta, jossa h\u00e4n poseeraa rakkaansa Sexmanen seurassa.<\/p>\n<p class=\"article-content article-content-width !bg-background\">Otokset on napattu \u00f6kyhotelli K\u00e4mpiss\u00e4 Helsingiss\u00e4. Paikassa j\u00e4rjestettiin viralliset itsen\u00e4isyysp\u00e4iv\u00e4n jatkot. Mirella oli yksi jatkojen esiintyjist\u00e4.<\/p>\n<p class=\"article-content article-content-width !bg-background\">Yhteiskuvassa Mirella istuu p\u00f6yd\u00e4ll\u00e4, kun taas Sexmane istuu etualalla lattialla. Kumpikin hehkuu onnea hymy kasvoillaan.\u00a0<\/p>\n<p class=\"article-content article-content-width !bg-background\">Yhdeks\u00e4nness\u00e4 kuvassa he k\u00e4velev\u00e4t rinnakkain hotellin k\u00e4yt\u00e4v\u00e4ll\u00e4. Sexmanella on musta puku, jossa on helmenv\u00e4rinen kravatti.<\/p>\n<p class=\"article-content article-content-width !bg-background\">Kaksikon asut sopivat yhteen t\u00e4ydellisesti. N\u00e4ytt\u00e4v\u00e4 parivaljakko hurmasi someseuraajansa. Moni onkin kommentoinut kuvaa punaisten syd\u00e4nten kera, ja useat ovat nimitt\u00e4neet Mirellaa &#8221;prinsessaksi&#8221; julkaisun kommenttikent\u00e4ss\u00e4.<\/p>\n<p>        <a itemprop=\"url\" href=\"https:\/\/www.seiska.fi\/katso\/yllatyskaanne-linnan-juhlien-kattelyssa-poikkeuksellinen-valinta-hammastyttaa\/2013795\" rel=\"nofollow noopener\" target=\"_blank\"><\/p>\n<p>\nPoikkeuksellinen ratkaisu!\n<\/p>\n<p class=\"section-date\">\n        <strong class=\"article-section\" data-section=\"katso\"><br \/>\n            katso<br \/>\n        <\/strong><br \/>\n        6.12. 19:03\n    <\/p>\n<p>Yll\u00e4tysk\u00e4\u00e4nne Linnan juhlien k\u00e4ttelyss\u00e4 \u2013 poikkeuksellinen valinta h\u00e4mm\u00e4stytt\u00e4\u00e4\n    <\/p>\n<p itemprop=\"description\" class=\"subtitle \">\n    Itsen\u00e4isyysp\u00e4iv\u00e4n juhlavastaanotolla todistettiin jotain ennenkuulumatonta.\n<\/p>\n<p>        <\/a><\/p>\n<p>Kiitt\u00e4\u00e4 rakkaitaan<\/p>\n<p class=\"article-content article-content-width !bg-background\">Julkaisun kuvauksessa Mirella kiitt\u00e4\u00e4 valokuvaajaa, meikkaajaa sek\u00e4 mekkonsa tekij\u00f6it\u00e4.<\/p>\n<p class=\"article-content article-content-width !bg-background\">\u2013 Niin absurdi p\u00e4iv\u00e4 takana. Kiitos suuresta kunniasta saada esiinty\u00e4 Presidentinlinnassa ja jatkoilla K\u00e4mpiss\u00e4! Oli aikamoinen p\u00e4iv\u00e4, iso kiitos mun rakkaille jotka piti musta huolen, h\u00e4n kiittelee.<\/p>\n<p class=\"article-content article-content-width !bg-background\">N\u00e4et kuvan alla olevasta upotuksesta tai <a href=\"https:\/\/www.instagram.com\/p\/DR-NH-Vjc0V\/?img_index=9\" target=\"_blank\" rel=\"nofollow noopener\">t\u00e4st\u00e4 linkist\u00e4<\/a>, mik\u00e4li upotus ei toimi.<\/p>\n<p>        <a itemprop=\"url\" href=\"https:\/\/www.seiska.fi\/kotimaa\/poptahti-mirellan-okylomakohde-paljastui-nain-kalliisti-han-yopyy\/1979512\" rel=\"nofollow noopener\" target=\"_blank\"><\/p>\n<p>\nKallis luksushotelli!\n<\/p>\n<p class=\"section-date\">\n        <strong class=\"article-section\" data-section=\"kotimaa\"><br \/>\n            kotimaa<br \/>\n        <\/strong><br \/>\n        1.11. 07:30\n    <\/p>\n<p>Popt\u00e4hti Mirellan \u00f6kylomakohde paljastui \u2013 n\u00e4in kalliisti h\u00e4n y\u00f6pyy\n    <\/p>\n<p itemprop=\"description\" class=\"subtitle \">\n    Mukana lomalla on Mirellan kuvien perusteella my\u00f6s h\u00e4nen rakkaansa Sexmane. Luksushotelliy\u00f6n hinta ly\u00f6 \u00e4llik\u00e4ll\u00e4.\n<\/p>\n<p>        <\/a><\/p>\n<p><script async src=\"\/\/www.instagram.com\/embed.js\"><\/script><\/p>\n","protected":false},"excerpt":{"rendered":"(240904) &#8212; Helsinki, September 4, 2024 \u2013 Mirella poses for the camera during El\u00e4m\u00e4 Lapselle &#8211; concert in&hellip;\n","protected":false},"author":2,"featured_media":111833,"comment_status":"","ping_status":"","sticky":false,"template":"","format":"standard","meta":{"footnotes":""},"categories":[130],"tags":[137,33,31,30,104,18037,20696,5159,7819,8658,1065,651,32,109],"class_list":{"0":"post-111832","1":"post","2":"type-post","3":"status-publish","4":"format-standard","5":"has-post-thumbnail","7":"category-viihde","8":"tag-entertainment","9":"tag-fi","10":"tag-finland","11":"tag-finnish","12":"tag-helsinki","13":"tag-itsenaisyyspaiva","14":"tag-kamp","15":"tag-laulaja","16":"tag-mirella","17":"tag-mirella-roininen","18":"tag-sexmane","19":"tag-suhteet","20":"tag-suomi","21":"tag-viihde"},"share_on_mastodon":{"url":"https:\/\/pubeurope.com\/@fi\/115690041751877635","error":""},"_links":{"self":[{"href":"https:\/\/www.europesays.com\/fi\/wp-json\/wp\/v2\/posts\/111832","targetHints":{"allow":["GET"]}}],"collection":[{"href":"https:\/\/www.europesays.com\/fi\/wp-json\/wp\/v2\/posts"}],"about":[{"href":"https:\/\/www.europesays.com\/fi\/wp-json\/wp\/v2\/types\/post"}],"author":[{"embeddable":true,"href":"https:\/\/www.europesays.com\/fi\/wp-json\/wp\/v2\/users\/2"}],"replies":[{"embeddable":true,"href":"https:\/\/www.europesays.com\/fi\/wp-json\/wp\/v2\/comments?post=111832"}],"version-history":[{"count":0,"href":"https:\/\/www.europesays.com\/fi\/wp-json\/wp\/v2\/posts\/111832\/revisions"}],"wp:featuredmedia":[{"embeddable":true,"href":"https:\/\/www.europesays.com\/fi\/wp-json\/wp\/v2\/media\/111833"}],"wp:attachment":[{"href":"https:\/\/www.europesays.com\/fi\/wp-json\/wp\/v2\/media?parent=111832"}],"wp:term":[{"taxonomy":"category","embeddable":true,"href":"https:\/\/www.europesays.com\/fi\/wp-json\/wp\/v2\/categories?post=111832"},{"taxonomy":"post_tag","embeddable":true,"href":"https:\/\/www.europesays.com\/fi\/wp-json\/wp\/v2\/tags?post=111832"}],"curies":[{"name":"wp","href":"https:\/\/api.w.org\/{rel}","templated":true}]}}