{"id":111837,"date":"2025-12-09T14:22:09","date_gmt":"2025-12-09T14:22:09","guid":{"rendered":"https:\/\/www.europesays.com\/fi\/111837\/"},"modified":"2025-12-09T14:22:09","modified_gmt":"2025-12-09T14:22:09","slug":"helsingin-paloheinassa-ei-paase-hiihtamaan-toistaiseksi-espoon-oittaalla-latu-auki","status":"publish","type":"post","link":"https:\/\/www.europesays.com\/fi\/111837\/","title":{"rendered":"Helsingin Palohein\u00e4ss\u00e4 ei p\u00e4\u00e4se hiiht\u00e4m\u00e4\u00e4n toistaiseksi, Espoon Oittaalla latu auki"},"content":{"rendered":"<p>Talvi|Espoon Oittaalla ja Vantaan Hakunilassa p\u00e4\u00e4see sivakoimaan t\u00e4ll\u00e4 viikolla, vaikka p\u00e4iv\u00e4st\u00e4 toiseen jatkuneet vesisateet ovat sy\u00f6neet latuja.<\/p>\n<p>Lue tiivistelm\u00e4<\/p>\n<p>Tiivistelm\u00e4 on teko\u00e4lyn tekem\u00e4 ja ihmisen tarkistama.<\/p>\n<p class=\"article-body mb-nof-24 px-nof-16 sndp-summary-bullet-point-font\">P\u00e4\u00e4kaupunkiseudun hiiht\u00e4j\u00e4t k\u00e4rsiv\u00e4t leudosta s\u00e4\u00e4st\u00e4. Helsingin Palohein\u00e4n latu on sulanut.<\/p>\n<p class=\"article-body mb-nof-24 px-nof-16 sndp-summary-bullet-point-font\">Espoon Oittaalla ja Vantaan Hakunilassa p\u00e4\u00e4see hiiht\u00e4m\u00e4\u00e4n noin kilometrin matkalla s\u00e4il\u00f6lumen ja keinolumen ansiosta.<\/p>\n<p class=\"article-body mb-nof-24 px-nof-16 sndp-summary-bullet-point-font\">Latumestari Mika Salo kertoo, ett\u00e4 Oittaan latua ei pidennet\u00e4 viikonlopun pakkasista huolimatta, koska l\u00e4mp\u00f6tilan ennustetaan nousevan taas ensi viikolla.<\/p>\n<p class=\"article-body mb-nof-24 px-nof-16\">P\u00e4\u00e4kaupunkiseudulla on tuskailtu hyv\u00e4n aikaa, kun talvi ei tahdo saapua. Sen sijaan l\u00e4mp\u00f6asteet, vesisade ja pimeys ovat tulleet tutuksi.<\/p>\n<p class=\"article-body mb-nof-24 px-nof-16\">Moni kuntohiiht\u00e4j\u00e4 on haljeta menohaluihinsa, kun laduille on p\u00e4\u00e4ssyt korkeintaan vaihtelevasti.<\/p>\n<p class=\"article-body mb-nof-24 px-nof-16\">Tunnetuimmista hiihtopaikoista surkein tilanne t\u00e4ll\u00e4 hetkell\u00e4 on Helsingin Palohein\u00e4ss\u00e4. Liikuntapalvelujen tiimiesihenkil\u00f6n <a class=\"article-personlink\" href=\"https:\/\/www.hs.fi\/haku\/?query=Mircos%20Kienasen\" rel=\"nofollow noopener\" target=\"_blank\">Mircos Kienasen<\/a> viesti on tyly tiistaina.<\/p>\n<p class=\"article-body mb-nof-24 px-nof-16\">\u201dLatu on sulanut. Meill\u00e4 ei p\u00e4\u00e4se hiiht\u00e4m\u00e4\u00e4n t\u00e4ll\u00e4 hetkell\u00e4.\u201d<\/p>\n<p class=\"article-body mb-nof-24 px-nof-16\">Edes viikonlopulle luvatut pakkaset eiv\u00e4t v\u00e4ltt\u00e4m\u00e4tt\u00e4 auta asiaa. S\u00e4\u00e4n ennustetaan lauhtuvan uudelleen seuraavalla viikolla.<\/p>\n<p class=\"article-body mb-nof-24 px-nof-16\">\u201dSamoja s\u00e4\u00e4ennusteita katsomme t\u00e4\u00e4ll\u00e4, ja niiden perusteella n\u00e4kym\u00e4 ei ole kummoinen. Pit\u00e4isi olla v\u00e4hint\u00e4\u00e4n kolme astetta pakkasta pidemm\u00e4n aikaa, ett\u00e4 pystyisimme tekem\u00e4\u00e4n jotain viisasta. Yhden asteen pakkanen ei auta viel\u00e4\u201d, Kienanen kertoo.<\/p>\n<p class=\"article-body mb-nof-24 px-nof-16\">\u201dIhan viimeisimm\u00e4t ennusteet n\u00e4ytt\u00e4v\u00e4t v\u00e4h\u00e4n enemm\u00e4n pakkasta. Seuraamme koko ajan miten ennuste toteutuu, ja ett\u00e4 p\u00e4\u00e4st\u00e4\u00e4nk\u00f6 sittenkin tekem\u00e4\u00e4n uutta lunta.\u201d<\/p>\n<p><img decoding=\"async\" src=\"https:\/\/www.europesays.com\/fi\/wp-content\/uploads\/2025\/12\/1765290129_372_468.jpg\" alt=\"Oittaalla latua on noin kilometri t\u00e4ll\u00e4 hetkell\u00e4. Arkistokuva on edellistalvelta.\" class=\"_Img_1rerz_1\" style=\"aspect-ratio:1.5\" loading=\"eager\"\/><\/p>\n<p class=\"article-picture-caption\">Oittaalla latua on noin kilometri t\u00e4ll\u00e4 hetkell\u00e4. Arkistokuva on edellistalvelta. Kuva:\u00a0Rio Gandara \/ HS<\/p>\n<p class=\"article-body mb-nof-24 px-nof-16\">Espoon Oittaalla on parempi tilanne. Latumestari <a class=\"article-personlink\" href=\"https:\/\/www.hs.fi\/haku\/?query=Mika%20Salon\" rel=\"nofollow noopener\" target=\"_blank\">Mika Salon<\/a> mukaan hiihdett\u00e4v\u00e4\u00e4 latua on yhteens\u00e4 noin kilometri. Pohjana on s\u00e4il\u00f6lumi ja p\u00e4\u00e4ll\u00e4 tykkilunta.<\/p>\n<p class=\"article-body mb-nof-24 px-nof-16\">\u201dKokonaisuutena tilanne on yll\u00e4tt\u00e4v\u00e4n hyv\u00e4, kun miettii millainen s\u00e4\u00e4 on ollut. Talvia on ollut huonompiakin, mutta kyll\u00e4 muutamat edellisp\u00e4iv\u00e4t ovat olleet todella sulattavia.\u201d<\/p>\n<p class=\"article-body mb-nof-24 px-nof-16\">\u201dMeill\u00e4 on lunta hyvin varastossa. Saamme t\u00e4ytetty\u00e4 kohtia, joista latu on ohentunut liikaa.\u201d<\/p>\n<p class=\"article-body mb-nof-24 px-nof-16\">Salon mukaan latua ei pidennet\u00e4, vaikka viikonlopuksi luvatut pakkaset toteutuisivat.<\/p>\n<p class=\"article-body mb-nof-24 px-nof-16\">\u201dTein p\u00e4\u00e4t\u00f6ksen ettei l\u00e4hdet\u00e4 pident\u00e4m\u00e4\u00e4n, vaan yll\u00e4pidet\u00e4\u00e4n nykyist\u00e4 p\u00e4tk\u00e4\u00e4. Pakkasista on luvattu sen verran lyhyit\u00e4, ett\u00e4 on j\u00e4rkev\u00e4mp\u00e4\u00e4 tykitt\u00e4\u00e4 lis\u00e4\u00e4 lunta koko nykyisen ladun alueelle. N\u00e4in saadaan my\u00f6s ladun reunat lumisemmaksi, suojaamaan latua sulamiselta\u201d, Salo kertoo.<\/p>\n<p class=\"article-body mb-nof-24 px-nof-16\">Liikuntapaikkamestari <a class=\"article-personlink\" href=\"https:\/\/www.hs.fi\/haku\/?query=Arto%20Sepp%C3%A4nen\" rel=\"nofollow noopener\" target=\"_blank\">Arto Sepp\u00e4nen<\/a> kuvailee Vantaan Hakunilan tilannetta melko surkeaksi. Asialle tehd\u00e4\u00e4n mit\u00e4 voidaan.<\/p>\n<p class=\"article-body mb-nof-24 px-nof-16\">Hakunilan latu suljetaan huoltotoimenpiteiden vuoksi tiistain ja keskiviikon v\u00e4liseksi y\u00f6ksi.<\/p>\n<p class=\"article-body mb-nof-24 px-nof-16\">\u201dMeill\u00e4 on jonkin verran tykkilunta tallessa. Ensi y\u00f6n\u00e4 paikataan mit\u00e4 pystyt\u00e4\u00e4n ja ajetaan ladut. Sen j\u00e4lkeen latua on 1,2 kilometri\u00e4\u201d, Sepp\u00e4nen lupasi tiistaina.<\/p>\n<p class=\"article-body mb-nof-24 px-nof-16\">Hakunilassa on keinolumilatu. Lunta tehd\u00e4\u00e4n lumitykeill\u00e4 ja lumentekokoneella.<\/p>\n<p class=\"article-body mb-nof-24 px-nof-16\">\u201dJos viikonlopuksi luvattu pakkanen toteutuu, alamme heti tehd\u00e4 lis\u00e4\u00e4 lunta. Mutta katsotaan, kuinka k\u00e4y. Se mink\u00e4 Foreca t\u00e4n\u00e4\u00e4n lupaa, se saattaa huomenna ottaa.\u201d<\/p>\n<p class=\"article-body mb-nof-24 px-nof-16\">\u201dT\u00e4m\u00e4 on ollut v\u00e4h\u00e4n hassu talvi.\u201d<\/p>\n<p class=\"article-body mb-nof-24 px-nof-16\">Sepp\u00e4sen mukaan tavoitteena on kasvattaa Hakunilan latujen mitta 2,5 kilometriin heti kun mahdollista.<\/p>\n<p class=\"article-body mb-nof-24 px-nof-16\">\u201dHirve\u00e4sti haluttaisiin tehd\u00e4 sellainen, mutta n\u00e4ill\u00e4 keleill\u00e4 se on tosi vaikeaa. T\u00e4ll\u00e4 hetkell\u00e4 ensimm\u00e4inen tavoite on, ett\u00e4 turvataan nykyisen ladun olemassaolo.\u201d<\/p>\n","protected":false},"excerpt":{"rendered":"Talvi|Espoon Oittaalla ja Vantaan Hakunilassa p\u00e4\u00e4see sivakoimaan t\u00e4ll\u00e4 viikolla, vaikka p\u00e4iv\u00e4st\u00e4 toiseen jatkuneet vesisateet ovat sy\u00f6neet latuja. Lue&hellip;\n","protected":false},"author":2,"featured_media":111838,"comment_status":"","ping_status":"","sticky":false,"template":"","format":"standard","meta":{"footnotes":""},"categories":[12],"tags":[22,23,26,27,33,31,30,17,46,24,25,28,29,15,18,21,32,19,20,16],"class_list":{"0":"post-111837","1":"post","2":"type-post","3":"status-publish","4":"format-standard","5":"has-post-thumbnail","7":"category-suomi","8":"tag-breaking-news","9":"tag-breakingnews","10":"tag-featured-news","11":"tag-featurednews","12":"tag-fi","13":"tag-finland","14":"tag-finnish","15":"tag-headlines","16":"tag-helsingin-sanomat","17":"tag-latest-news","18":"tag-latestnews","19":"tag-main-news","20":"tag-mainnews","21":"tag-news","22":"tag-otsikot","23":"tag-paauutiset","24":"tag-suomi","25":"tag-top-stories","26":"tag-topstories","27":"tag-uutiset"},"share_on_mastodon":{"url":"https:\/\/pubeurope.com\/@fi\/115690061804550517","error":""},"_links":{"self":[{"href":"https:\/\/www.europesays.com\/fi\/wp-json\/wp\/v2\/posts\/111837","targetHints":{"allow":["GET"]}}],"collection":[{"href":"https:\/\/www.europesays.com\/fi\/wp-json\/wp\/v2\/posts"}],"about":[{"href":"https:\/\/www.europesays.com\/fi\/wp-json\/wp\/v2\/types\/post"}],"author":[{"embeddable":true,"href":"https:\/\/www.europesays.com\/fi\/wp-json\/wp\/v2\/users\/2"}],"replies":[{"embeddable":true,"href":"https:\/\/www.europesays.com\/fi\/wp-json\/wp\/v2\/comments?post=111837"}],"version-history":[{"count":0,"href":"https:\/\/www.europesays.com\/fi\/wp-json\/wp\/v2\/posts\/111837\/revisions"}],"wp:featuredmedia":[{"embeddable":true,"href":"https:\/\/www.europesays.com\/fi\/wp-json\/wp\/v2\/media\/111838"}],"wp:attachment":[{"href":"https:\/\/www.europesays.com\/fi\/wp-json\/wp\/v2\/media?parent=111837"}],"wp:term":[{"taxonomy":"category","embeddable":true,"href":"https:\/\/www.europesays.com\/fi\/wp-json\/wp\/v2\/categories?post=111837"},{"taxonomy":"post_tag","embeddable":true,"href":"https:\/\/www.europesays.com\/fi\/wp-json\/wp\/v2\/tags?post=111837"}],"curies":[{"name":"wp","href":"https:\/\/api.w.org\/{rel}","templated":true}]}}