{"id":111839,"date":"2025-12-09T14:23:08","date_gmt":"2025-12-09T14:23:08","guid":{"rendered":"https:\/\/www.europesays.com\/fi\/111839\/"},"modified":"2025-12-09T14:23:08","modified_gmt":"2025-12-09T14:23:08","slug":"heinolan-yliajosta-epailty-vangittiin-uhrina-noin-20-vuotias-paikallinen-mies-paijat-hame","status":"publish","type":"post","link":"https:\/\/www.europesays.com\/fi\/111839\/","title":{"rendered":"Heinolan yliajosta ep\u00e4ilty vangittiin \u2013 uhrina noin 20-vuotias paikallinen mies | P\u00e4ij\u00e4t-H\u00e4me"},"content":{"rendered":"<p class=\"aw-1gybjub aw-5vja16 kEtdKx kmuxyA yle__article__paragraph\">Nuori mies kuoli lauantaina, kun taposta ep\u00e4illyn kuljettama auto osui h\u00e4neen jalka\u00adk\u00e4yt\u00e4v\u00e4ll\u00e4. <\/p>\n<p>14:59\u2022P\u00e4ivitetty 16:03<\/p>\n<p class=\"aw-1gybjub aw-1p7kakr kEtdKx cEmitX yle__article__paragraph\">Heinolan lauantaisesta yliajosta ep\u00e4ilty noin 30-vuotias mies on vangittu. Miest\u00e4 ep\u00e4ill\u00e4\u00e4\u00e4n taposta, kolmesta tapon yrityksest\u00e4, t\u00f6rke\u00e4st\u00e4 rattijuopumuksesta ja liikennepaosta tieliikenteess\u00e4.<\/p>\n<p class=\"aw-1gybjub aw-1p7kakr kEtdKx cEmitX yle__article__paragraph\">P\u00e4ij\u00e4t-H\u00e4meen k\u00e4r\u00e4j\u00e4oikeus vangitsi tiistaina miehen teoista ep\u00e4iltyn\u00e4 todenn\u00e4k\u00f6isin syin.<\/p>\n<p class=\"aw-1gybjub aw-1p7kakr kEtdKx cEmitX yle__article__paragraph\"><a class=\"aw-iao6s4 iHOxEa yle__article__link\" href=\"https:\/\/yle.fi\/a\/74-20198269\" role=\"link\" rel=\"nofollow noopener\" target=\"_blank\">Nuori mies kuoli Heinolassa viime lauantaina<\/a>, kun ep\u00e4illyn kuljettama auto osui h\u00e4neen jalkak\u00e4yt\u00e4v\u00e4ll\u00e4. Kolme muuta uhrin seurueessa liikkunutta miest\u00e4 ei loukkaantunut.<\/p>\n<p class=\"aw-1gybjub aw-1p7kakr kEtdKx cEmitX yle__article__paragraph\">Poliisin mukaan ep\u00e4ilty ja seurue olivat ennen yliajoa asioineet yht\u00e4aikaa paikallisella grillikioskilla.<\/p>\n<p class=\"aw-1gybjub aw-1p7kakr kEtdKx cEmitX yle__article__paragraph\">\u2013 Riita on ehk\u00e4 liian vahva ilmaisu, mutta kyse oli \u201dnegatiiviss\u00e4vyisest\u00e4 kohtaamisesta\u201d, rikoskomisario <strong class=\"aw-ak79eh KyCXm yle__article__strong\">Ville Hahl<\/strong> H\u00e4meen poliisista kertoo tapahtumista kioskilla.<\/p>\n<p class=\"aw-1gybjub aw-1p7kakr kEtdKx cEmitX yle__article__paragraph\">Poliisi ei avaa illan tapahtumia tarkemmin, koska todistajien kuuleminen on viel\u00e4 kesken. Poliisin mukaan ulkopaikkakuntalainen ep\u00e4ilty ja uhri eiv\u00e4t tunteneet toisiaan.<\/p>\n","protected":false},"excerpt":{"rendered":"Nuori mies kuoli lauantaina, kun taposta ep\u00e4illyn kuljettama auto osui h\u00e4neen jalka\u00adk\u00e4yt\u00e4v\u00e4ll\u00e4. 14:59\u2022P\u00e4ivitetty 16:03 Heinolan lauantaisesta yliajosta ep\u00e4ilty&hellip;\n","protected":false},"author":2,"featured_media":74,"comment_status":"","ping_status":"","sticky":false,"template":"","format":"standard","meta":{"footnotes":""},"categories":[5],"tags":[22,23,26,27,33,31,30,17,3894,71,24,25,4133,28,29,15,18,21,1268,1263,32,19999,19,20,16],"class_list":{"0":"post-111839","1":"post","2":"type-post","3":"status-publish","4":"format-standard","5":"has-post-thumbnail","7":"category-otsikot","8":"tag-breaking-news","9":"tag-breakingnews","10":"tag-featured-news","11":"tag-featurednews","12":"tag-fi","13":"tag-finland","14":"tag-finnish","15":"tag-headlines","16":"tag-heinola","17":"tag-kotimaa","18":"tag-latest-news","19":"tag-latestnews","20":"tag-liikennejuopumus","21":"tag-main-news","22":"tag-mainnews","23":"tag-news","24":"tag-otsikot","25":"tag-paauutiset","26":"tag-paijat-hame","27":"tag-rikosepailyt","28":"tag-suomi","29":"tag-tappo","30":"tag-top-stories","31":"tag-topstories","32":"tag-uutiset"},"share_on_mastodon":{"url":"https:\/\/pubeurope.com\/@fi\/115690065305897245","error":""},"_links":{"self":[{"href":"https:\/\/www.europesays.com\/fi\/wp-json\/wp\/v2\/posts\/111839","targetHints":{"allow":["GET"]}}],"collection":[{"href":"https:\/\/www.europesays.com\/fi\/wp-json\/wp\/v2\/posts"}],"about":[{"href":"https:\/\/www.europesays.com\/fi\/wp-json\/wp\/v2\/types\/post"}],"author":[{"embeddable":true,"href":"https:\/\/www.europesays.com\/fi\/wp-json\/wp\/v2\/users\/2"}],"replies":[{"embeddable":true,"href":"https:\/\/www.europesays.com\/fi\/wp-json\/wp\/v2\/comments?post=111839"}],"version-history":[{"count":0,"href":"https:\/\/www.europesays.com\/fi\/wp-json\/wp\/v2\/posts\/111839\/revisions"}],"wp:featuredmedia":[{"embeddable":true,"href":"https:\/\/www.europesays.com\/fi\/wp-json\/wp\/v2\/media\/74"}],"wp:attachment":[{"href":"https:\/\/www.europesays.com\/fi\/wp-json\/wp\/v2\/media?parent=111839"}],"wp:term":[{"taxonomy":"category","embeddable":true,"href":"https:\/\/www.europesays.com\/fi\/wp-json\/wp\/v2\/categories?post=111839"},{"taxonomy":"post_tag","embeddable":true,"href":"https:\/\/www.europesays.com\/fi\/wp-json\/wp\/v2\/tags?post=111839"}],"curies":[{"name":"wp","href":"https:\/\/api.w.org\/{rel}","templated":true}]}}