{"id":111840,"date":"2025-12-09T14:35:08","date_gmt":"2025-12-09T14:35:08","guid":{"rendered":"https:\/\/www.europesays.com\/fi\/111840\/"},"modified":"2025-12-09T14:35:08","modified_gmt":"2025-12-09T14:35:08","slug":"krista-parmakoski-sairastui-koronaan-ilta-sanomat","status":"publish","type":"post","link":"https:\/\/www.europesays.com\/fi\/111840\/","title":{"rendered":"Krista P\u00e4rm\u00e4koski sairastui koronaan &#8211; Ilta-Sanomat"},"content":{"rendered":"<p>Hiiht\u00e4j\u00e4 kertoi uutisesta Instagram-tilill\u00e4\u00e4n.<\/p>\n<p class=\"article-body mb-nof-24 px-nof-16\">Krista P\u00e4rm\u00e4koski on sairastunut koronavirukseen ja joutuu j\u00e4tt\u00e4m\u00e4\u00e4n Davosin hiihtoleirin kesken.<\/p>\n<p class=\"article-body mb-nof-24 px-nof-16\">Maastohiiht\u00e4j\u00e4 kertoi asiasta <a class=\"article-genericlink\" href=\"https:\/\/www.instagram.com\/p\/DSC1Gs7jB3l\/?img_index=1\" rel=\"nofollow noopener\" target=\"_blank\">Instagram-tilill\u00e4\u00e4n<\/a>.<\/p>\n<p class=\"article-body mb-nof-24 px-nof-16\">\u2013\u2009Davos ei pett\u00e4is t\u00e4ll\u00e4k\u00e4\u00e4n kertaa, mutta koronavirus vei voiton ja kotimatka alkaa ennen aikojaan, P\u00e4rm\u00e4koski kirjoitti kuvan yhteydess\u00e4.<\/p>\n<p class=\"article-body mb-nof-24 px-nof-16\">P\u00e4rm\u00e4koski kertoo, ett\u00e4 viime viikonloppuna alkaneet vaikeudet jatkuvat nyt sairastumisen takia.<\/p>\n<p class=\"article-body mb-nof-24 px-nof-16\">\u2013\u2009Varmaa on se, ett\u00e4 alkuper\u00e4iseen kisakalenteriin tulee muutos ja ruvetaan miettim\u00e4\u00e4n uutta suunnitelmaa.<\/p>\n<p class=\"article-body mb-nof-24 px-nof-16\">P\u00e4rm\u00e4koski suhtautuu tilanteeseen luottavaisesti ja kertoo, kuinka \u201dplan B:ll\u00e4 on ennenkin p\u00e4rj\u00e4tty.\u201d<\/p>\n<p class=\"article-body mb-nof-24 px-nof-16\">Julkaisu on ker\u00e4nnyt suuren m\u00e4\u00e4r\u00e4n kannustusviestej\u00e4 sairastavalle P\u00e4rm\u00e4koskelle. Muun muassa maastohiiht\u00e4j\u00e4 <a class=\"article-personlink\" href=\"https:\/\/www.is.fi\/haku\/?query=Jasmi%20Joensuu\" rel=\"nofollow noopener\" target=\"_blank\">Jasmi Joensuu<\/a> on j\u00e4tt\u00e4nyt syd\u00e4nemojin tsempiksi.<\/p>\n<p class=\"article-body mb-nof-24 px-nof-16\">\u2013\u2009Kiertotiet on toiminut ennenkin! maastohiiht\u00e4j\u00e4 <a class=\"article-personlink\" href=\"https:\/\/www.is.fi\/haku\/?query=Vilma%20Nissinen\" rel=\"nofollow noopener\" target=\"_blank\">Vilma Nissinen<\/a> kommentoi.<\/p>\n<p class=\"article-body mb-nof-24 px-nof-16\">Davosissa hiihdet\u00e4\u00e4n maailmancupin osakilpailut ensi viikonloppuna. Perjantaina kisataan parisprintit, lauantaina sprintit ja sunnuntaina 10 kilometrin vapaan v\u00e4liaikal\u00e4ht\u00f6kilpailu.<\/p>\n<p><script async src=\"\/\/www.instagram.com\/embed.js\"><\/script><\/p>\n","protected":false},"excerpt":{"rendered":"Hiiht\u00e4j\u00e4 kertoi uutisesta Instagram-tilill\u00e4\u00e4n. Krista P\u00e4rm\u00e4koski on sairastunut koronavirukseen ja joutuu j\u00e4tt\u00e4m\u00e4\u00e4n Davosin hiihtoleirin kesken. Maastohiiht\u00e4j\u00e4 kertoi asiasta&hellip;\n","protected":false},"author":2,"featured_media":111841,"comment_status":"","ping_status":"","sticky":false,"template":"","format":"standard","meta":{"footnotes":""},"categories":[136],"tags":[407,137,33,31,30,34,408,32,109],"class_list":{"0":"post-111840","1":"post","2":"type-post","3":"status-publish","4":"format-standard","5":"has-post-thumbnail","7":"category-julkkikset","8":"tag-celebrities","9":"tag-entertainment","10":"tag-fi","11":"tag-finland","12":"tag-finnish","13":"tag-ilta-sanomat","14":"tag-julkkikset","15":"tag-suomi","16":"tag-viihde"},"share_on_mastodon":{"url":"https:\/\/pubeurope.com\/@fi\/115690112461580785","error":""},"_links":{"self":[{"href":"https:\/\/www.europesays.com\/fi\/wp-json\/wp\/v2\/posts\/111840","targetHints":{"allow":["GET"]}}],"collection":[{"href":"https:\/\/www.europesays.com\/fi\/wp-json\/wp\/v2\/posts"}],"about":[{"href":"https:\/\/www.europesays.com\/fi\/wp-json\/wp\/v2\/types\/post"}],"author":[{"embeddable":true,"href":"https:\/\/www.europesays.com\/fi\/wp-json\/wp\/v2\/users\/2"}],"replies":[{"embeddable":true,"href":"https:\/\/www.europesays.com\/fi\/wp-json\/wp\/v2\/comments?post=111840"}],"version-history":[{"count":0,"href":"https:\/\/www.europesays.com\/fi\/wp-json\/wp\/v2\/posts\/111840\/revisions"}],"wp:featuredmedia":[{"embeddable":true,"href":"https:\/\/www.europesays.com\/fi\/wp-json\/wp\/v2\/media\/111841"}],"wp:attachment":[{"href":"https:\/\/www.europesays.com\/fi\/wp-json\/wp\/v2\/media?parent=111840"}],"wp:term":[{"taxonomy":"category","embeddable":true,"href":"https:\/\/www.europesays.com\/fi\/wp-json\/wp\/v2\/categories?post=111840"},{"taxonomy":"post_tag","embeddable":true,"href":"https:\/\/www.europesays.com\/fi\/wp-json\/wp\/v2\/tags?post=111840"}],"curies":[{"name":"wp","href":"https:\/\/api.w.org\/{rel}","templated":true}]}}