{"id":111842,"date":"2025-12-09T14:38:08","date_gmt":"2025-12-09T14:38:08","guid":{"rendered":"https:\/\/www.europesays.com\/fi\/111842\/"},"modified":"2025-12-09T14:38:08","modified_gmt":"2025-12-09T14:38:08","slug":"the-office-tahti-steve-carellin-uusi-komediasarja-alkaa-hbo-maxissa-maaliskuussa","status":"publish","type":"post","link":"https:\/\/www.europesays.com\/fi\/111842\/","title":{"rendered":"The Office -t\u00e4hti Steve Carellin uusi komediasarja alkaa HBO Maxissa maaliskuussa"},"content":{"rendered":"<p>Steve Carell esitt\u00e4\u00e4 p\u00e4\u00e4osaa tulevassa Rooster-komediasarjassa.<\/p>\n<p>Bill Lawrencen (Ted Lasso, Shrinking, Bad Monkey) uusi HBO-sarja on saanut nimekseen Rooster, uutisoi <a href=\"https:\/\/deadline.com\/2025\/12\/bill-lawrence-hbo-comedy-title-rooster-steve-carell-1236642261\/\" target=\"_blank\" rel=\"noreferrer noopener nofollow\">Deadline<\/a>. P\u00e4\u00e4osaa uudessa komediasarjassa esitt\u00e4\u00e4 The Office -t\u00e4hti <a href=\"https:\/\/muropaketti.com\/avainsana\/steve-carell\/\" rel=\"nofollow noopener\" target=\"_blank\">Steve Carell<\/a>.<\/p>\n<p>Kymmenest\u00e4 jaksosta koostuva Rooster alkaa HBO Maxissa maaliskuussa 2026. Lawrence toimii sarjassa toisena showrunnerina yhdess\u00e4 Matt Tarsesin kanssa.<\/p>\n<p>Yliopiston kampukselle sijoittuva sarja kertoo Carellin esitt\u00e4m\u00e4n kirjailijan ja h\u00e4nen tytt\u00e4rens\u00e4 (Charly Clive) haastavasta suhteesta. Muissa rooleissa n\u00e4hd\u00e4\u00e4n muun muassa Danielle Deadwyler, Phil Dunster, John C. McGinley ja Lauren Tsai.<\/p>\n<p>Carell on viime aikoina muun muassa elokuvassa Mountainhead ja tv-sarjassa The Four Seasons. H\u00e4n n\u00e4ytteli keskeist\u00e4 roolia my\u00f6s Apple TV:n palkitun The Morning Show -sarjan alkupuolella.<\/p>\n","protected":false},"excerpt":{"rendered":"Steve Carell esitt\u00e4\u00e4 p\u00e4\u00e4osaa tulevassa Rooster-komediasarjassa. Bill Lawrencen (Ted Lasso, Shrinking, Bad Monkey) uusi HBO-sarja on saanut nimekseen&hellip;\n","protected":false},"author":2,"featured_media":111843,"comment_status":"","ping_status":"","sticky":false,"template":"","format":"standard","meta":{"footnotes":""},"categories":[133],"tags":[137,33,31,30,280,1369,20697,32,206,156,109],"class_list":{"0":"post-111842","1":"post","2":"type-post","3":"status-publish","4":"format-standard","5":"has-post-thumbnail","7":"category-televisiot","8":"tag-entertainment","9":"tag-fi","10":"tag-finland","11":"tag-finnish","12":"tag-hbo-max","13":"tag-sarjat","14":"tag-steve-carell","15":"tag-suomi","16":"tag-televisiot","17":"tag-tv","18":"tag-viihde"},"share_on_mastodon":{"url":"https:\/\/pubeurope.com\/@fi\/115690124308080049","error":""},"_links":{"self":[{"href":"https:\/\/www.europesays.com\/fi\/wp-json\/wp\/v2\/posts\/111842","targetHints":{"allow":["GET"]}}],"collection":[{"href":"https:\/\/www.europesays.com\/fi\/wp-json\/wp\/v2\/posts"}],"about":[{"href":"https:\/\/www.europesays.com\/fi\/wp-json\/wp\/v2\/types\/post"}],"author":[{"embeddable":true,"href":"https:\/\/www.europesays.com\/fi\/wp-json\/wp\/v2\/users\/2"}],"replies":[{"embeddable":true,"href":"https:\/\/www.europesays.com\/fi\/wp-json\/wp\/v2\/comments?post=111842"}],"version-history":[{"count":0,"href":"https:\/\/www.europesays.com\/fi\/wp-json\/wp\/v2\/posts\/111842\/revisions"}],"wp:featuredmedia":[{"embeddable":true,"href":"https:\/\/www.europesays.com\/fi\/wp-json\/wp\/v2\/media\/111843"}],"wp:attachment":[{"href":"https:\/\/www.europesays.com\/fi\/wp-json\/wp\/v2\/media?parent=111842"}],"wp:term":[{"taxonomy":"category","embeddable":true,"href":"https:\/\/www.europesays.com\/fi\/wp-json\/wp\/v2\/categories?post=111842"},{"taxonomy":"post_tag","embeddable":true,"href":"https:\/\/www.europesays.com\/fi\/wp-json\/wp\/v2\/tags?post=111842"}],"curies":[{"name":"wp","href":"https:\/\/api.w.org\/{rel}","templated":true}]}}