{"id":111846,"date":"2025-12-09T14:43:09","date_gmt":"2025-12-09T14:43:09","guid":{"rendered":"https:\/\/www.europesays.com\/fi\/111846\/"},"modified":"2025-12-09T14:43:09","modified_gmt":"2025-12-09T14:43:09","slug":"jare-tiihonen-ilmestyi-kouluun-lahdessa","status":"publish","type":"post","link":"https:\/\/www.europesays.com\/fi\/111846\/","title":{"rendered":"Jare Tiihonen ilmestyi kouluun Lahdessa"},"content":{"rendered":"<p>Jare Tiihonen ilmestyi entiseen lukioonsa. Koulun rehtori ja Tiihosen manageri kertovat, mist\u00e4 oli kyse.<\/p>\n<p class=\"article-body mb-nof-24 px-nof-16\">Uransa lopettanut rap-artisti <a class=\"article-personlink\" href=\"https:\/\/www.is.fi\/haku\/?query=Jare%20Tiihonen\" rel=\"nofollow noopener\" target=\"_blank\">Jare Tiihonen<\/a> ilmestyi Lahden lyseoon tiistaina iltap\u00e4iv\u00e4ll\u00e4. H\u00e4n oli puhumassa lukion opiskelijoille kirjaansa Missio vai mielenrauha liittyvist\u00e4 teemoista.<\/p>\n<p class=\"article-body mb-nof-24 px-nof-16\">Tiihosen manageri <a class=\"article-personlink\" href=\"https:\/\/www.is.fi\/haku\/?query=Carla%20Ahonius\" rel=\"nofollow noopener\" target=\"_blank\">Carla Ahonius<\/a> kertoo, ett\u00e4 kutsu tilaisuuteen tuli Tiihosen entiselt\u00e4 historian opettajalta ja koulun nykyiselt\u00e4 apulaisrehtorilta <a class=\"article-personlink\" href=\"https:\/\/www.is.fi\/haku\/?query=Kalle%20Niemiselt%C3%A4\" rel=\"nofollow noopener\" target=\"_blank\">Kalle Niemiselt\u00e4<\/a>.<\/p>\n<p class=\"article-body mb-nof-24 px-nof-16\">\u2013 Jaren vanha historian opettaja Kalle laittoi Jarelle viesti\u00e4 ja ehdotti, olisiko t\u00e4llainen mahdollista, Ahonius taustoittaa.<\/p>\n<p class=\"article-body mb-nof-24 px-nof-16\">\u2013 Kalle oli lukenut Jaren kirjan ja sanoi, ett\u00e4 siell\u00e4 on hirve\u00e4n hyvi\u00e4 teemoja nuorille.<\/p>\n<p class=\"article-body mb-nof-24 px-nof-16\">Entisen\u00e4 Lahden lyseon opiskelijana Tiihonen suostui mielell\u00e4\u00e4n. Ahonius lis\u00e4\u00e4, ett\u00e4 Tiihonen halusi p\u00e4\u00e4st\u00e4 puhumaan nuorille esimerkiksi mielenterveyteen liittyvist\u00e4 asioista.<\/p>\n<p class=\"article-body mb-nof-24 px-nof-16\">Tilaisuus kesti 75 minuuttia. Ensin Nieminen haastatteli Tiihosta, mink\u00e4 j\u00e4lkeen nuoret saivat kysell\u00e4 ex-artistilta kysymyksi\u00e4.<\/p>\n<blockquote class=\"citation\">\n<p>\u201d<\/p>\n<p>Jarehan on Lahden lyseon oma poika. H\u00e4n on p\u00e4\u00e4ssyt t\u00e4\u00e4lt\u00e4 ylioppilaaksi ja el\u00e4\u00e4 aina meid\u00e4n arjessamme ja juhlassamme.<\/p>\n<\/blockquote>\n<p><img decoding=\"async\" src=\"https:\/\/www.europesays.com\/fi\/wp-content\/uploads\/2025\/12\/1765291389_921_468.jpg\" alt=\"Cheekin entinen historianopettaja, koulun apulaisrehtori Kalle Nieminen jututti Cheeki\u00e4 lavalla.\" class=\"_Img_1rerz_1\" style=\"aspect-ratio:0.75\" loading=\"eager\"\/><\/p>\n<p class=\"article-picture-caption\">Cheekin entinen historianopettaja, koulun apulaisrehtori Kalle Nieminen jututti Cheeki\u00e4 lavalla. Kuva:\u00a0Lukijan kuva<\/p>\n<p class=\"article-body mb-nof-24 px-nof-16\">Rehtori <a class=\"article-personlink\" href=\"https:\/\/www.is.fi\/haku\/?query=Tero%20Matkaniemi\" rel=\"nofollow noopener\" target=\"_blank\">Tero Matkaniemi<\/a> kertoo, ett\u00e4 tilaisuus oli nuorten keskuudessa pitk\u00e4\u00e4n ja hartaasti odotettu.<\/p>\n<p class=\"article-body mb-nof-24 px-nof-16\">\u2013 Jarehan on Lahden lyseon oma poika. H\u00e4n on p\u00e4\u00e4ssyt t\u00e4\u00e4lt\u00e4 ylioppilaaksi ja el\u00e4\u00e4 aina meid\u00e4n arjessamme ja juhlassamme, Matkaniemi sanoo.<\/p>\n<p class=\"article-body mb-nof-24 px-nof-16\">\u2013 Kaikki n\u00e4m\u00e4 Jaren j\u00e4lkeen nousseet sukupolvet tiet\u00e4v\u00e4t kyll\u00e4 Jaren ja fanittavat h\u00e4nt\u00e4, lukevat kirjoja ja nyt kuuntelevat t\u00e4t\u00e4 keskustelua.<\/p>\n<p class=\"article-body mb-nof-24 px-nof-16\">Matkaniemi kertoo, ett\u00e4 keskustelussa Tiihonen ja Nieminen muistelivat menneit\u00e4 ja sivusivat Tiihosen ensimm\u00e4isi\u00e4 oppitunteja lyseossa.<\/p>\n<p class=\"article-body mb-nof-24 px-nof-16\">\u2013 Sujuu oikein mukavasti. H\u00e4n puhuu muun muassa nuoruudesta, ty\u00f6nteon eetoksesta ja palautumisesta, Matkaniemi sanoo.<\/p>\n","protected":false},"excerpt":{"rendered":"Jare Tiihonen ilmestyi entiseen lukioonsa. Koulun rehtori ja Tiihosen manageri kertovat, mist\u00e4 oli kyse. Uransa lopettanut rap-artisti Jare&hellip;\n","protected":false},"author":2,"featured_media":111847,"comment_status":"","ping_status":"","sticky":false,"template":"","format":"standard","meta":{"footnotes":""},"categories":[130],"tags":[137,33,31,30,34,32,109],"class_list":{"0":"post-111846","1":"post","2":"type-post","3":"status-publish","4":"format-standard","5":"has-post-thumbnail","7":"category-viihde","8":"tag-entertainment","9":"tag-fi","10":"tag-finland","11":"tag-finnish","12":"tag-ilta-sanomat","13":"tag-suomi","14":"tag-viihde"},"share_on_mastodon":{"url":"https:\/\/pubeurope.com\/@fi\/115690144332323790","error":""},"_links":{"self":[{"href":"https:\/\/www.europesays.com\/fi\/wp-json\/wp\/v2\/posts\/111846","targetHints":{"allow":["GET"]}}],"collection":[{"href":"https:\/\/www.europesays.com\/fi\/wp-json\/wp\/v2\/posts"}],"about":[{"href":"https:\/\/www.europesays.com\/fi\/wp-json\/wp\/v2\/types\/post"}],"author":[{"embeddable":true,"href":"https:\/\/www.europesays.com\/fi\/wp-json\/wp\/v2\/users\/2"}],"replies":[{"embeddable":true,"href":"https:\/\/www.europesays.com\/fi\/wp-json\/wp\/v2\/comments?post=111846"}],"version-history":[{"count":0,"href":"https:\/\/www.europesays.com\/fi\/wp-json\/wp\/v2\/posts\/111846\/revisions"}],"wp:featuredmedia":[{"embeddable":true,"href":"https:\/\/www.europesays.com\/fi\/wp-json\/wp\/v2\/media\/111847"}],"wp:attachment":[{"href":"https:\/\/www.europesays.com\/fi\/wp-json\/wp\/v2\/media?parent=111846"}],"wp:term":[{"taxonomy":"category","embeddable":true,"href":"https:\/\/www.europesays.com\/fi\/wp-json\/wp\/v2\/categories?post=111846"},{"taxonomy":"post_tag","embeddable":true,"href":"https:\/\/www.europesays.com\/fi\/wp-json\/wp\/v2\/tags?post=111846"}],"curies":[{"name":"wp","href":"https:\/\/api.w.org\/{rel}","templated":true}]}}