{"id":111848,"date":"2025-12-09T14:46:08","date_gmt":"2025-12-09T14:46:08","guid":{"rendered":"https:\/\/www.europesays.com\/fi\/111848\/"},"modified":"2025-12-09T14:46:08","modified_gmt":"2025-12-09T14:46:08","slug":"hs-rakennusliitto-epailee-etta-googlen-datakeskuksen-tyomaalla-haminassa-on-riistetty-tyontekijoita-paikalliset","status":"publish","type":"post","link":"https:\/\/www.europesays.com\/fi\/111848\/","title":{"rendered":"HS: Rakennusliitto ep\u00e4ilee, ett\u00e4 Googlen datakeskuksen ty\u00f6maalla Haminassa on riistetty ty\u00f6ntekij\u00f6it\u00e4 | Paikalliset"},"content":{"rendered":"<p>Rakennusliitto ep\u00e4ilee, ett\u00e4 Googlen datakeskuksen ty\u00f6maalla Haminassa on vakavia puutteita ukrainalaisten sotapakolaisten ty\u00f6ehdoissa. Asiasta uutisoi <a href=\"https:\/\/www.hs.fi\/tutkiva\/art-2000011677729.html\" rel=\"nofollow noopener\" target=\"_blank\">Helsingin Sanomat<\/a>.<\/p>\n<p>Puutteita ep\u00e4ill\u00e4\u00e4n esimerkiksi palkkauksessa ja ty\u00f6ajoissa. HS:n haastatteleman Rakennusliiton asiantuntijan <strong>Jussi Sakarin<\/strong> mukaan on mahdollista, ett\u00e4 virolaiselle alihankkijalle ty\u00f6skennelleiden ty\u00f6ntekij\u00f6iden palkoista saattaa puuttua jopa puolet.<\/p>\n<p>HS:n mukaan ty\u00f6maalla Haminassa on toiminut sama virolainen yritysryp\u00e4s, joka on aiemmin yhdistetty ty\u00f6ntekij\u00f6iden riist\u00e4miseen Turun telakalla.<\/p>\n<p>Ty\u00f6ntekij\u00f6iden ep\u00e4illyn hyv\u00e4ksik\u00e4yt\u00f6n Haminassa uskotaan piilotetun alihankintaketjujen rakenteisiin. Ty\u00f6ntekij\u00e4t ovat esimerkiksi esiintyneet muun yrityksen ty\u00f6ntekij\u00f6in\u00e4 kuin todellisuudessa ovat.<\/p>\n<p>Lehti kertoo, ett\u00e4 kun Rakennusliitto aloitti ty\u00f6ehtojen selvitt\u00e4misen, yritykset vaativat ty\u00f6ntekij\u00f6it\u00e4 allekirjoittamaan sopimuksen, jonka mukaan he irtisanoutuvat vapaaehtoisesti.<\/p>\n<p>Googlesta on vastattu HS:lle, ett\u00e4 yhti\u00f6 on tietoinen alihankkijansa toiminnassa havaituista ongelmista ja ett\u00e4 alihankkija ty\u00f6skentelee yhdess\u00e4 Rakennusliiton kanssa ongelmien ratkaisemiseksi.<\/p>\n<p>Rakennusliiton Jussi Sakarin mukaan Haminan datakeskusty\u00f6maa toimii esimerkkin\u00e4 rakennusalan ongelmista laajemminkin.<\/p>\n<p>H\u00e4n kertoo, ett\u00e4 esimerkiksi v\u00e4\u00e4rill\u00e4 tiedoilla ty\u00f6maalla esiintyminen on yleistynyt. Sill\u00e4 tavalla vilpilliset yritykset esimerkiksi kiert\u00e4v\u00e4t kevytyritt\u00e4jien k\u00e4ytt\u00e4mist\u00e4 koskevaa kieltoa, jonka p\u00e4\u00e4urakoitsija voi m\u00e4\u00e4r\u00e4t\u00e4.<\/p>\n","protected":false},"excerpt":{"rendered":"Rakennusliitto ep\u00e4ilee, ett\u00e4 Googlen datakeskuksen ty\u00f6maalla Haminassa on vakavia puutteita ukrainalaisten sotapakolaisten ty\u00f6ehdoissa. Asiasta uutisoi Helsingin Sanomat. Puutteita&hellip;\n","protected":false},"author":2,"featured_media":111849,"comment_status":"","ping_status":"","sticky":false,"template":"","format":"standard","meta":{"footnotes":""},"categories":[76],"tags":[79,77,33,31,30,1301,46,2289,32,78,860,862,3512,3515],"class_list":{"0":"post-111848","1":"post","2":"type-post","3":"status-publish","4":"format-standard","5":"has-post-thumbnail","7":"category-talous","8":"tag-business","9":"tag-economy","10":"tag-fi","11":"tag-finland","12":"tag-finnish","13":"tag-hamina","14":"tag-helsingin-sanomat","15":"tag-kotka-hamina-seutukunta","16":"tag-suomi","17":"tag-talous","18":"tag-tyoelama","19":"tag-tyollisyys","20":"tag-tyontekijat","21":"tag-tyovoima"},"share_on_mastodon":{"url":"https:\/\/pubeurope.com\/@fi\/115690155963583687","error":""},"_links":{"self":[{"href":"https:\/\/www.europesays.com\/fi\/wp-json\/wp\/v2\/posts\/111848","targetHints":{"allow":["GET"]}}],"collection":[{"href":"https:\/\/www.europesays.com\/fi\/wp-json\/wp\/v2\/posts"}],"about":[{"href":"https:\/\/www.europesays.com\/fi\/wp-json\/wp\/v2\/types\/post"}],"author":[{"embeddable":true,"href":"https:\/\/www.europesays.com\/fi\/wp-json\/wp\/v2\/users\/2"}],"replies":[{"embeddable":true,"href":"https:\/\/www.europesays.com\/fi\/wp-json\/wp\/v2\/comments?post=111848"}],"version-history":[{"count":0,"href":"https:\/\/www.europesays.com\/fi\/wp-json\/wp\/v2\/posts\/111848\/revisions"}],"wp:featuredmedia":[{"embeddable":true,"href":"https:\/\/www.europesays.com\/fi\/wp-json\/wp\/v2\/media\/111849"}],"wp:attachment":[{"href":"https:\/\/www.europesays.com\/fi\/wp-json\/wp\/v2\/media?parent=111848"}],"wp:term":[{"taxonomy":"category","embeddable":true,"href":"https:\/\/www.europesays.com\/fi\/wp-json\/wp\/v2\/categories?post=111848"},{"taxonomy":"post_tag","embeddable":true,"href":"https:\/\/www.europesays.com\/fi\/wp-json\/wp\/v2\/tags?post=111848"}],"curies":[{"name":"wp","href":"https:\/\/api.w.org\/{rel}","templated":true}]}}