{"id":111852,"date":"2025-12-09T14:48:07","date_gmt":"2025-12-09T14:48:07","guid":{"rendered":"https:\/\/www.europesays.com\/fi\/111852\/"},"modified":"2025-12-09T14:48:07","modified_gmt":"2025-12-09T14:48:07","slug":"paavo-arhinmaki-sai-veroalen-ei-ymmarra-syyta","status":"publish","type":"post","link":"https:\/\/www.europesays.com\/fi\/111852\/","title":{"rendered":"Paavo Arhinm\u00e4ki sai veroalen \u2013 ei ymm\u00e4rr\u00e4 syyt\u00e4"},"content":{"rendered":"<p>Apulaispormestari Paavo Arhinm\u00e4ki (vas) ihmettelee, miksi hallitus ohjaa hyv\u00e4tuloisille lis\u00e4\u00e4 rahaa.<\/p>\n<p class=\"article-body mb-nof-24 px-nof-16\">Helsingin apulaispormestari <a class=\"article-personlink\" href=\"https:\/\/www.is.fi\/haku\/?query=Paavo%20Arhinm%C3%A4ki\" rel=\"nofollow noopener\" target=\"_blank\">Paavo Arhinm\u00e4ki <\/a>(vas) h\u00e4mm\u00e4stelee Facebook-sivuillaan saamiaan veronalennuksia.<\/p>\n<p class=\"article-body mb-nof-24 px-nof-16\">\u2013 Postilaatikosta kolahti ensi vuoden verokortti. Verotukseni laskee kolme prosenttiyksikk\u00f6\u00e4, vaikka ay-j\u00e4senmaksun verov\u00e4hennysoikeuskin poistuu, Arhinm\u00e4ki kirjoittaa.<\/p>\n<p class=\"article-body mb-nof-24 px-nof-16\">Arhinm\u00e4en mukaan ei ole niin pient\u00e4 sosiaalitukea, etteik\u00f6 <a class=\"article-personlink\" href=\"https:\/\/www.is.fi\/haku\/?query=Riikka%20Purran\" rel=\"nofollow noopener\" target=\"_blank\">Riikka Purran<\/a> ja perussuomalaisten mielest\u00e4 sit\u00e4 pit\u00e4isi leikata viel\u00e4 lis\u00e4\u00e4.<\/p>\n<p class=\"article-body mb-nof-24 px-nof-16\">\u2013 K\u00f6yh\u00e4t laitetaan tasapainottamaan valtiontaloutta, jotta suurituloisille voidaan jakaa veronalennuksia. \u201dSaatanan tunarit!\u201d, Arhinm\u00e4ki lainaa presidentti <a class=\"article-personlink\" href=\"https:\/\/www.is.fi\/haku\/?query=Urho%20Kekkosta\" rel=\"nofollow noopener\" target=\"_blank\">Urho Kekkosta<\/a>.<\/p>\n<p class=\"article-body mb-nof-24 px-nof-16\">Arhinm\u00e4ki tienasi viime vuonna 173\u202f791 euroa, josta ansiotulojen osuus oli 172\u202f525 euroa.<\/p>\n<p class=\"article-body mb-nof-24 px-nof-16\">Arhinm\u00e4en tulot olivat siis kuukautta kohden l\u00e4hes 14\u202f500 euroa.<\/p>\n<p class=\"article-body mb-nof-24 px-nof-16\">Arhinm\u00e4ki tienasi siis suunnilleen saman verran kuin ministerit.<\/p>\n<p class=\"article-body mb-nof-24 px-nof-16\">Arhinm\u00e4ki kirjoittaa Facebookissa, ett\u00e4 h\u00e4n olisi iloinen, jos h\u00e4n ja muut suurituloiset maksaisivat ensi vuonnakin veroja samalla veroprosentilla kuin nyt.<\/p>\n<p class=\"article-body mb-nof-24 px-nof-16\">\u2013 Suurituloisille suunnatut veronalennukset suuressa kuvassa valuvat s\u00e4\u00e4st\u00e4miseen ja ulkomaanmatkoihin. Pienituloisilla suoraan kotimaiseen kysynt\u00e4\u00e4n.<\/p>\n<p class=\"article-body mb-nof-24 px-nof-16\">Arhinm\u00e4ke\u00e4 kehotetaan Facebook-keskustelussa lahjoittamaan rahaa Valtiokonttorille, jos veronalennukset nyppiv\u00e4t.<\/p>\n<p class=\"article-body mb-nof-24 px-nof-16\">Valtiokonttori ottaa valtion puolesta vastaan vapaaehtoisia lahjoituksia. Lahjoitukset menev\u00e4t suoraan valtion budjettiin.<\/p>\n<p class=\"article-body mb-nof-24 px-nof-16\">Arhinm\u00e4ki ei ehdotuksesta innostu.<\/p>\n<p class=\"article-body mb-nof-24 px-nof-16\">\u2013 Sinulla selv\u00e4sti on viel\u00e4 v\u00e4h\u00e4n hakusessa mittasuhteet. Mik\u00e4 merkitys valtiontaloudelle on yksitt\u00e4isen ihmisen lahjoituksella ja verotuksella, Arhinm\u00e4ki vastaa.<\/p>\n<p class=\"article-body mb-nof-24 px-nof-16\">Toiselle kommentoijalle Arhinm\u00e4ki vastaa, ett\u00e4 pohjoismainen hyvinvointivaltio perustuu verotukseen, ei hyv\u00e4ntekev\u00e4isyyteen.<\/p>\n<p class=\"article-body mb-nof-24 px-nof-16\">\u2013 Hyv\u00e4ntekev\u00e4isyys on toki hyv\u00e4 asia ja kaikkien meid\u00e4n kannattaa osallistua siihen kykyjemme mukaan. Mutta se ei korvaa yhteiskunnan perusrakenteita.<\/p>\n<p class=\"article-body mb-nof-24 px-nof-16\">Hallituksen veroale hy\u00f6dytt\u00e4\u00e4 eurom\u00e4\u00e4r\u00e4isesti <a class=\"article-genericlink\" href=\"https:\/\/www.is.fi\/taloussanomat\/art-2000011482840.html\" rel=\"nofollow noopener\" target=\"_blank\">eniten<\/a> yli 9\u202f000 euroa tienaavia.<\/p>\n<p class=\"article-body mb-nof-24 px-nof-16\">Veronmaksajain Keskusliitto on <a class=\"article-genericlink\" href=\"https:\/\/www.is.fi\/taloussanomat\/art-2000011468978.html\" rel=\"nofollow noopener\" target=\"_blank\">arvioinut<\/a>, ett\u00e4 9\u202f000 euroa kuussa tienaavan veroprosentti laskee prosenttiyksik\u00f6n verran, mik\u00e4 tarkoittaa yli 1\u202f100 euron hy\u00f6ty\u00e4.<\/p>\n<p class=\"article-body mb-nof-24 px-nof-16\">12\u202f000 euroa kuussa tienaavan veroprosentti laskee l\u00e4hes kaksi prosenttiyksikk\u00f6\u00e4, mik\u00e4 tarkoittaa arviolta 2\u202f850 euron hy\u00f6ty\u00e4.<\/p>\n","protected":false},"excerpt":{"rendered":"Apulaispormestari Paavo Arhinm\u00e4ki (vas) ihmettelee, miksi hallitus ohjaa hyv\u00e4tuloisille lis\u00e4\u00e4 rahaa. Helsingin apulaispormestari Paavo Arhinm\u00e4ki (vas) h\u00e4mm\u00e4stelee Facebook-sivuillaan&hellip;\n","protected":false},"author":2,"featured_media":111853,"comment_status":"","ping_status":"","sticky":false,"template":"","format":"standard","meta":{"footnotes":""},"categories":[12],"tags":[22,23,26,27,33,31,30,17,34,24,25,28,29,15,18,21,32,19,20,16],"class_list":{"0":"post-111852","1":"post","2":"type-post","3":"status-publish","4":"format-standard","5":"has-post-thumbnail","7":"category-suomi","8":"tag-breaking-news","9":"tag-breakingnews","10":"tag-featured-news","11":"tag-featurednews","12":"tag-fi","13":"tag-finland","14":"tag-finnish","15":"tag-headlines","16":"tag-ilta-sanomat","17":"tag-latest-news","18":"tag-latestnews","19":"tag-main-news","20":"tag-mainnews","21":"tag-news","22":"tag-otsikot","23":"tag-paauutiset","24":"tag-suomi","25":"tag-top-stories","26":"tag-topstories","27":"tag-uutiset"},"share_on_mastodon":{"url":"https:\/\/pubeurope.com\/@fi\/115690163859964131","error":""},"_links":{"self":[{"href":"https:\/\/www.europesays.com\/fi\/wp-json\/wp\/v2\/posts\/111852","targetHints":{"allow":["GET"]}}],"collection":[{"href":"https:\/\/www.europesays.com\/fi\/wp-json\/wp\/v2\/posts"}],"about":[{"href":"https:\/\/www.europesays.com\/fi\/wp-json\/wp\/v2\/types\/post"}],"author":[{"embeddable":true,"href":"https:\/\/www.europesays.com\/fi\/wp-json\/wp\/v2\/users\/2"}],"replies":[{"embeddable":true,"href":"https:\/\/www.europesays.com\/fi\/wp-json\/wp\/v2\/comments?post=111852"}],"version-history":[{"count":0,"href":"https:\/\/www.europesays.com\/fi\/wp-json\/wp\/v2\/posts\/111852\/revisions"}],"wp:featuredmedia":[{"embeddable":true,"href":"https:\/\/www.europesays.com\/fi\/wp-json\/wp\/v2\/media\/111853"}],"wp:attachment":[{"href":"https:\/\/www.europesays.com\/fi\/wp-json\/wp\/v2\/media?parent=111852"}],"wp:term":[{"taxonomy":"category","embeddable":true,"href":"https:\/\/www.europesays.com\/fi\/wp-json\/wp\/v2\/categories?post=111852"},{"taxonomy":"post_tag","embeddable":true,"href":"https:\/\/www.europesays.com\/fi\/wp-json\/wp\/v2\/tags?post=111852"}],"curies":[{"name":"wp","href":"https:\/\/api.w.org\/{rel}","templated":true}]}}