{"id":111854,"date":"2025-12-09T14:49:10","date_gmt":"2025-12-09T14:49:10","guid":{"rendered":"https:\/\/www.europesays.com\/fi\/111854\/"},"modified":"2025-12-09T14:49:10","modified_gmt":"2025-12-09T14:49:10","slug":"tallainen-synkkyys-toteutuu-ehka-kerran-vuosikymmenessa-nailla-paikkakunnilla-ei-ole-nahty-sekuntiakaan-aurinkoa","status":"publish","type":"post","link":"https:\/\/www.europesays.com\/fi\/111854\/","title":{"rendered":"T\u00e4llainen synkkyys toteutuu ehk\u00e4 kerran vuosi\u00adkymmeness\u00e4 \u2013 N\u00e4ill\u00e4 paikkakunnilla ei ole n\u00e4hty sekuntiakaan aurinkoa"},"content":{"rendered":"<p>Aurinko ei ole paistanut miss\u00e4\u00e4n p\u00e4in Suomea koko joulukuun alun aikana edes yht\u00e4 tuntia.<\/p>\n<p><img decoding=\"async\" class=\"image image-show image-preview\" src=\"https:\/\/www.europesays.com\/fi\/wp-content\/uploads\/2025\/12\/da12cb8415bb28146413ef40294759144537962e6b041871f7787c283e5b6cf6.jpg\" alt=\"\"\/><img decoding=\"async\" class=\"image image-show\" src=\"https:\/\/www.europesays.com\/fi\/wp-content\/uploads\/2025\/12\/1765291748_503_da12cb8415bb28146413ef40294759144537962e6b041871f7787c283e5b6cf6.jpg\" alt=\"\"\/><\/p>\n<p>Muistatko n\u00e4hneesi auringon s\u00e4teit\u00e4 viimeisen reilun viikon aikana? Et ole ainoa, jonka mielest\u00e4 joulukuu on ollut synkk\u00e4. Kuvituskuva. OUTI J\u00c4RVINEN<\/p>\n<p class=\"paragraph\">Ilmatieteen laitoksen meteorologi <strong>Hannu Valta<\/strong> kertoo Iltalehdelle, ett\u00e4 aurinko on suurimmaksi osaksi pysytellyt piilossa joulukuun kahdeksan ensimm\u00e4isen vuorokauden aikana.<\/p>\n<p class=\"paragraph\">Suomessa elet\u00e4\u00e4n vuoden pimeint\u00e4 aikaa. Iltalehden <a href=\"https:\/\/www.iltalehti.fi\/saa\" rel=\"nofollow noopener\" target=\"_blank\">Paras S\u00e4\u00e4<\/a> -sovelluksen mukaan p\u00e4iv\u00e4n kesto on Helsingiss\u00e4 t\u00e4ll\u00e4 hetkell\u00e4 noin kuusi tuntia, kun taas Sodankyl\u00e4ss\u00e4 aurinko nousee vain vajaaksi kahdeksi tunniksi.<\/p>\n<p class=\"paragraph\">Ilmatieteen laitos toimitti Iltalehdelle auringonvalotilastot kuluvalta joulukuulta. Tilastojen perusteella joulukuun alku on suuressa osassa maata kulunut ilman yht\u00e4k\u00e4\u00e4n auringonpilkahdusta.<\/p>\n<p class=\"paragraph\">Tilastoja ei ole saatavilla Suomen joka kolkasta, sill\u00e4 auringonvalon kestoa mitataan vain reilulla kahdellakymmenell\u00e4 Ilmatieteen laitoksen havaintoasemalla. Auringonpaistetta on t\u00e4h\u00e4n menness\u00e4 mitattu vain kahdeksalla n\u00e4ist\u00e4 havaintoasemista.<\/p>\n<p>Joulukuun suurin paikallinen kertym\u00e4 54 minuuttia<\/p>\n<p class=\"paragraph\">Eniten auringonvaloa on havaittu Korsn\u00e4siss\u00e4 Bredsk\u00e4retin havaintoasemalla Pohjanmaalla, jossa aurinko on paistanut koko joulukuun aikana yhteens\u00e4 54 minuuttia.<\/p>\n<p class=\"paragraph\">Aurinko on paistanut Jokioisella Kanta-H\u00e4meess\u00e4 kahdeksan vuorokauden aikana yhteens\u00e4 24 minuuttia. Kumpulan havaintoasema Helsingiss\u00e4 on tilastoissa kolmantena, ja siell\u00e4 auringonvaloa on kertynyt joulukuussa yhteens\u00e4 18 minuuttia.<\/p>\n<p class=\"paragraph\">Jos taulukko ei n\u00e4y, voit katsoa sen <a href=\"https:\/\/infogram.com\/auringonvalo-joulukuussa-1hnq41op1378k23\" target=\"_blank\" rel=\"noopener nofollow\">t\u00e4st\u00e4<\/a>.<\/p>\n<p class=\"paragraph\">Viidell\u00e4 muulla havaintoasemalla on mitattu joulukuun aikana yhteens\u00e4 kuusi minuuttia auringonvaloa, mutta nelj\u00e4ll\u00e4toista asemalla ei havaittu auringonvaloa ollenkaan.<\/p>\n<p class=\"paragraph\">\u2013 Tietenkin t\u00e4m\u00e4 on Lapissa ihan ymm\u00e4rrett\u00e4v\u00e4\u00e4, kun siell\u00e4 on kaamoskin alkanut, Valta kertoo.<\/p>\n<p class=\"paragraph\">Napapiirin pohjoispuolella Lapissa alkaa kaamosaika, kun aurinko ei nouse kertaakaan taivaanrannan yl\u00e4puolelle.<\/p>\n<p class=\"paragraph\">Kaamos alkoi Suomen pohjoisimmassa kolkassa jo marraskuun lopulla, ja se kest\u00e4\u00e4 melkein <a href=\"https:\/\/www.ilmatieteenlaitos.fi\/tahtitieteelliset-vuodenajat\" target=\"_blank\" rel=\"noopener nofollow\">kaksi kuukautta<\/a>. Etel\u00e4mp\u00e4n\u00e4 <a href=\"https:\/\/www.visitsodankyla.fi\/pohjoisen-luonto\/kaamos\/\" target=\"_blank\" rel=\"noopener nofollow\">Sodankyl\u00e4ss\u00e4<\/a> kaamos koittaa joulun tienoolla ja kest\u00e4\u00e4 tyypillisesti noin nelj\u00e4 p\u00e4iv\u00e4\u00e4.<\/p>\n<p>Helsingiss\u00e4kin synkk\u00e4\u00e4<\/p>\n<p class=\"paragraph\">My\u00f6s Helsingiss\u00e4 on havaittu kuluvan joulukuun aikana tavanomaista v\u00e4hemm\u00e4n auringonvaloa. Valta ei kuitenkaan kutsuisi t\u00e4t\u00e4 poikkeukselliseksi.<\/p>\n<p class=\"paragraph\">\u2013 Ehk\u00e4 voidaan ajatella, ett\u00e4 kerran n. 5\u201310 vuodessa on t\u00e4llainen tilanne, ett\u00e4 ensimm\u00e4isen reilun viikon aikana ei ole kertynyt yht\u00e4\u00e4n auringonvaloa.<\/p>\n<p>Helsingin v\u00e4h\u00e4ist\u00e4 D-vitamiinin saantia joulukuussa selitt\u00e4\u00e4 mahdollisesti matala sumupilvi, eli matalalla roikkuva harmaa pilvikerros. Kuvituskuva. Sipe Myllyniemi<\/p>\n<p class=\"paragraph\">Vallan mukaan Helsinki-Vantaan lentokent\u00e4n havaintoasemalla on 61 vuotta mittaushistoriaa. Asemalla on mitattu nolla tuntia auringonvaloa t\u00e4h\u00e4n aikaan joulukuussa seitsem\u00e4n\u00e4 vuonna, eli keskim\u00e4\u00e4rin kerran 8,7 vuodessa.<\/p>\n<p class=\"paragraph\">Valta kertoo, ett\u00e4 vuodenaikaan n\u00e4hden paksut sumupilvet ovat tyypillisi\u00e4 etel\u00e4isen Suomen s\u00e4\u00e4lle.<\/p>\n<p class=\"paragraph\">\u2013 Kun etel\u00e4st\u00e4 virtaa l\u00e4mmin ilmamassa, eik\u00e4 aurinko en\u00e4\u00e4 l\u00e4mmit\u00e4, niin kosteus tiivistyy ja muuttuu matalaksi sumupilveksi.<\/p>\n<p class=\"paragraph\"><a href=\"https:\/\/www.ilmatieteenlaitos.fi\/alapilvet\" target=\"_blank\" rel=\"noopener nofollow\">Ilmatieteen laitoksen<\/a> mukaan sumupilvi on harmaa pilvikerros, joka roikkuu l\u00e4hell\u00e4 maanpintaa. Pilvikerros muodostuu usein muiden pilvien alapuolelle ja sen yl\u00e4reuna ei v\u00e4ltt\u00e4m\u00e4tt\u00e4 yll\u00e4 edes kilometriin.<\/p>\n<p><a href=\"https:\/\/www.iltalehti.fi\/parassaa?storeCampaign=ArticleBottomBanner\" rel=\"nofollow noopener\" target=\"_blank\"><img decoding=\"async\" src=\"https:\/\/www.europesays.com\/fi\/wp-content\/uploads\/2025\/08\/d0fd7860228df4fdd5fd0367e49d769aa09b08189080ddc5ccdd8c31ad63aca9.png\" alt=\"IL Paras S\u00e4\u00e4 - S\u00e4\u00e4tiedot ja s\u00e4\u00e4ennusteet\"\/><\/a><\/p>\n","protected":false},"excerpt":{"rendered":"Aurinko ei ole paistanut miss\u00e4\u00e4n p\u00e4in Suomea koko joulukuun alun aikana edes yht\u00e4 tuntia. Muistatko n\u00e4hneesi auringon s\u00e4teit\u00e4&hellip;\n","protected":false},"author":2,"featured_media":111855,"comment_status":"","ping_status":"","sticky":false,"template":"","format":"standard","meta":{"footnotes":""},"categories":[5],"tags":[35,22,23,26,27,33,31,30,17,713,24,25,28,29,715,15,18,21,710,714,32,4107,19,20,16],"class_list":{"0":"post-111854","1":"post","2":"type-post","3":"status-publish","4":"format-standard","5":"has-post-thumbnail","7":"category-otsikot","8":"tag-24h","9":"tag-breaking-news","10":"tag-breakingnews","11":"tag-featured-news","12":"tag-featurednews","13":"tag-fi","14":"tag-finland","15":"tag-finnish","16":"tag-headlines","17":"tag-lampotila-saa","18":"tag-latest-news","19":"tag-latestnews","20":"tag-main-news","21":"tag-mainnews","22":"tag-meteorologia","23":"tag-news","24":"tag-otsikot","25":"tag-paauutiset","26":"tag-saa","27":"tag-saaennustus","28":"tag-suomi","29":"tag-tiedotukset-saa","30":"tag-top-stories","31":"tag-topstories","32":"tag-uutiset"},"share_on_mastodon":{"url":"https:\/\/pubeurope.com\/@fi\/115690167815602116","error":""},"_links":{"self":[{"href":"https:\/\/www.europesays.com\/fi\/wp-json\/wp\/v2\/posts\/111854","targetHints":{"allow":["GET"]}}],"collection":[{"href":"https:\/\/www.europesays.com\/fi\/wp-json\/wp\/v2\/posts"}],"about":[{"href":"https:\/\/www.europesays.com\/fi\/wp-json\/wp\/v2\/types\/post"}],"author":[{"embeddable":true,"href":"https:\/\/www.europesays.com\/fi\/wp-json\/wp\/v2\/users\/2"}],"replies":[{"embeddable":true,"href":"https:\/\/www.europesays.com\/fi\/wp-json\/wp\/v2\/comments?post=111854"}],"version-history":[{"count":0,"href":"https:\/\/www.europesays.com\/fi\/wp-json\/wp\/v2\/posts\/111854\/revisions"}],"wp:featuredmedia":[{"embeddable":true,"href":"https:\/\/www.europesays.com\/fi\/wp-json\/wp\/v2\/media\/111855"}],"wp:attachment":[{"href":"https:\/\/www.europesays.com\/fi\/wp-json\/wp\/v2\/media?parent=111854"}],"wp:term":[{"taxonomy":"category","embeddable":true,"href":"https:\/\/www.europesays.com\/fi\/wp-json\/wp\/v2\/categories?post=111854"},{"taxonomy":"post_tag","embeddable":true,"href":"https:\/\/www.europesays.com\/fi\/wp-json\/wp\/v2\/tags?post=111854"}],"curies":[{"name":"wp","href":"https:\/\/api.w.org\/{rel}","templated":true}]}}