{"id":111856,"date":"2025-12-09T15:01:13","date_gmt":"2025-12-09T15:01:13","guid":{"rendered":"https:\/\/www.europesays.com\/fi\/111856\/"},"modified":"2025-12-09T15:01:13","modified_gmt":"2025-12-09T15:01:13","slug":"kimi-raikkosen-paula-aiti-koskettava-avautuminen-ylen-suosikkiohjelmassa-2","status":"publish","type":"post","link":"https:\/\/www.europesays.com\/fi\/111856\/","title":{"rendered":"Kimi R\u00e4ikk\u00f6sen Paula-\u00e4iti: koskettava avautuminen Ylen suosikkiohjelmassa"},"content":{"rendered":"<p>Formula 1|Paula R\u00e4ikk\u00f6nen toivoo, ett\u00e4 vanhemmat tukisivat lastaan kaikin keinoin, jos heill\u00e4 on palo harrastamiseen.<\/p>\n<p class=\"article-body mb-nof-24 px-nof-16\">Suomen formulalegendan <a class=\"article-personlink\" href=\"https:\/\/www.hs.fi\/haku\/?query=Kimi%20R%C3%A4ikk%C3%B6sen\" rel=\"nofollow noopener\" target=\"_blank\">Kimi R\u00e4ikk\u00f6sen<\/a> \u00e4iti <a class=\"article-personlink\" href=\"https:\/\/www.hs.fi\/haku\/?query=Paula%20R%C3%A4ikk%C3%B6nen\" rel=\"nofollow noopener\" target=\"_blank\">Paula R\u00e4ikk\u00f6nen<\/a> soitti viime perjantaina Yle Radio Suomen Puhelinlangat laulaa -ohjelmaan ja kertoi koskettavan tarinan menneisyydest\u00e4.<\/p>\n<p class=\"article-body mb-nof-24 px-nof-16\">R\u00e4ikk\u00f6nen muisteli <a class=\"article-genericlink\" href=\"https:\/\/yle.fi\/a\/74-20198357\" rel=\"nofollow noopener\" target=\"_blank\">puhelussaan <\/a>niit\u00e4 aikoja, kun perhe matkusteli vanhalla pakettiautolla ymp\u00e4ri Eurooppaa Kimin karting-kisojen ja formulaunelman per\u00e4ss\u00e4. Rahaa ei ollut hotelleissa y\u00f6pymiseen.<\/p>\n<p class=\"article-body mb-nof-24 px-nof-16\">Keskell\u00e4 sumua ajetuilla matkoilla my\u00f6s ep\u00e4toivo tuli Paulalle tutuksi tunteeksi. Varsinkin Eppu Normaalin Tahroja paperilla -kappale on j\u00e4\u00e4nyt Paula R\u00e4ikk\u00f6sen mieleen noilta ajoilta.<\/p>\n<p class=\"article-body mb-nof-24 px-nof-16\">\u201dAjattelin, ett\u00e4 onko t\u00e4m\u00e4 turhaa vai mit\u00e4 t\u00e4m\u00e4 on. Sitten tuli Eppujen biisi, jossa lauletaan, ett\u00e4 voi tuuli kylm\u00e4sti kutittaa selk\u00e4\u00e4. Se j\u00e4i minun sieluuni niin syv\u00e4lle\u201d, R\u00e4ikk\u00f6nen sanoi radio-ohjelmassa.<\/p>\n<p class=\"article-body mb-nof-24 px-nof-16\">\u201dUskomaton juttu. Kerta kaikkiaan\u201d, ihmetteli juontaja <a class=\"article-personlink\" href=\"https:\/\/www.hs.fi\/haku\/?query=Markus%20Turunen\" rel=\"nofollow noopener\" target=\"_blank\">Markus Turunen<\/a>.<\/p>\n<p class=\"article-body mb-nof-24 px-nof-16\">Paula R\u00e4ikk\u00f6sen mukaan Kimin kalliin kartingharrastuksen lopettaminen oli heille t\u00e4ysin mahdoton ajatus. H\u00e4n halusikin l\u00e4hett\u00e4\u00e4 viestin kaikille vanhemmille.<\/p>\n<p class=\"article-body mb-nof-24 px-nof-16\">\u201dSen haluaisin sanoa, ett\u00e4 uskokaa. Uskokaa siihen, jos lapsilla on palo johonkin asiaan, niin tehk\u00e4\u00e4 kaikkenne.\u201d<\/p>\n<p class=\"article-body mb-nof-24 px-nof-16\">Lue lis\u00e4\u00e4: <a class=\"article-genericlink\" href=\"https:\/\/www.hs.fi\/urheilu\/art-2000011673949.html\" rel=\"nofollow noopener\" target=\"_blank\">Tiitus R\u00e4ikk\u00f6nen ei ota armeijasta paineita, vaikka Kimi-set\u00e4 muistetaan tempauksistaan<\/a><\/p>\n<p class=\"article-body mb-nof-24 px-nof-16\">Lue lis\u00e4\u00e4: <a class=\"article-genericlink\" href=\"https:\/\/www.hs.fi\/urheilu\/art-2000011428886.html\" rel=\"nofollow noopener\" target=\"_blank\">Kummiset\u00e4: Robin R\u00e4ikk\u00f6nen, 10, on uskomattoman nopea, eik\u00e4 pelk\u00e4\u00e4 mit\u00e4\u00e4n<\/a><\/p>\n<p class=\"article-body mb-nof-24 px-nof-16\">Lue lis\u00e4\u00e4: <a class=\"article-genericlink\" href=\"https:\/\/www.hs.fi\/urheilu\/art-2000011219982.html\" rel=\"nofollow noopener\" target=\"_blank\">Kimi R\u00e4ikk\u00f6nen teki sopimuksen ahvenan\u00admaalaisen vedon\u00adly\u00f6nti\u00adyhti\u00f6n kanssa<\/a><\/p>\n<p><img decoding=\"async\" src=\"https:\/\/www.europesays.com\/fi\/wp-content\/uploads\/2025\/12\/1765222089_161_468.jpg\" alt=\"Paula R\u00e4ikk\u00f6nen kuvattuna vuonna 2019.\" class=\"_Img_1rerz_1\" style=\"aspect-ratio:1.7777777777777777\" loading=\"eager\"\/><\/p>\n<p class=\"article-picture-caption\">Paula R\u00e4ikk\u00f6nen kuvattuna vuonna 2019. Kuva:\u00a0Terhi Ylim\u00e4inen<\/p>\n","protected":false},"excerpt":{"rendered":"Formula 1|Paula R\u00e4ikk\u00f6nen toivoo, ett\u00e4 vanhemmat tukisivat lastaan kaikin keinoin, jos heill\u00e4 on palo harrastamiseen. Suomen formulalegendan Kimi&hellip;\n","protected":false},"author":2,"featured_media":111857,"comment_status":"","ping_status":"","sticky":false,"template":"","format":"standard","meta":{"footnotes":""},"categories":[136],"tags":[407,137,33,31,30,46,408,32,109],"class_list":{"0":"post-111856","1":"post","2":"type-post","3":"status-publish","4":"format-standard","5":"has-post-thumbnail","7":"category-julkkikset","8":"tag-celebrities","9":"tag-entertainment","10":"tag-fi","11":"tag-finland","12":"tag-finnish","13":"tag-helsingin-sanomat","14":"tag-julkkikset","15":"tag-suomi","16":"tag-viihde"},"share_on_mastodon":{"url":"https:\/\/pubeurope.com\/@fi\/115690214922911976","error":""},"_links":{"self":[{"href":"https:\/\/www.europesays.com\/fi\/wp-json\/wp\/v2\/posts\/111856","targetHints":{"allow":["GET"]}}],"collection":[{"href":"https:\/\/www.europesays.com\/fi\/wp-json\/wp\/v2\/posts"}],"about":[{"href":"https:\/\/www.europesays.com\/fi\/wp-json\/wp\/v2\/types\/post"}],"author":[{"embeddable":true,"href":"https:\/\/www.europesays.com\/fi\/wp-json\/wp\/v2\/users\/2"}],"replies":[{"embeddable":true,"href":"https:\/\/www.europesays.com\/fi\/wp-json\/wp\/v2\/comments?post=111856"}],"version-history":[{"count":0,"href":"https:\/\/www.europesays.com\/fi\/wp-json\/wp\/v2\/posts\/111856\/revisions"}],"wp:featuredmedia":[{"embeddable":true,"href":"https:\/\/www.europesays.com\/fi\/wp-json\/wp\/v2\/media\/111857"}],"wp:attachment":[{"href":"https:\/\/www.europesays.com\/fi\/wp-json\/wp\/v2\/media?parent=111856"}],"wp:term":[{"taxonomy":"category","embeddable":true,"href":"https:\/\/www.europesays.com\/fi\/wp-json\/wp\/v2\/categories?post=111856"},{"taxonomy":"post_tag","embeddable":true,"href":"https:\/\/www.europesays.com\/fi\/wp-json\/wp\/v2\/tags?post=111856"}],"curies":[{"name":"wp","href":"https:\/\/api.w.org\/{rel}","templated":true}]}}