{"id":111858,"date":"2025-12-09T15:08:09","date_gmt":"2025-12-09T15:08:09","guid":{"rendered":"https:\/\/www.europesays.com\/fi\/111858\/"},"modified":"2025-12-09T15:08:09","modified_gmt":"2025-12-09T15:08:09","slug":"iso-f1-pomo-ovista-ulos-iltalehti","status":"publish","type":"post","link":"https:\/\/www.europesays.com\/fi\/111858\/","title":{"rendered":"Iso F1-pomo ovista ulos &#8211; Iltalehti"},"content":{"rendered":"<ol>\n<li><a href=\"https:\/\/news.google.com\/rss\/articles\/CBMifEFVX3lxTE9xZmtSeHIwcVJIVTI2OXctU05mU0l1Q0tUT2k1V2FmcjdJeGFQdHNVY05LTWZPU0JiYU1xU3MzbE04WWxwS2ZuVl96UkdPS1dkUGg2QmIyUm9oNUNZajhlVWhuVUFNeUx0UEpWQUQ5ZkJaRmdEWjM3RUtZVUo?oc=5\" target=\"_blank\" rel=\"nofollow noopener\">Iso F1-pomo ovista ulos<\/a>&nbsp;&nbsp;Iltalehti<\/li>\n<li><a href=\"https:\/\/news.google.com\/rss\/articles\/CBMiQkFVX3lxTE1BdDAtNEMtQ0Z3RWE4Y2dETHBJb1BoenlhRTZpV2Z4RXBObHZ4dy1sU2ZUYWhZNG5fQ0YtSm5jR01NZw?oc=5\" target=\"_blank\" rel=\"nofollow noopener\">Mediatiedot: Red Bullin voimahahmo Helmut Marko l\u00e4ht\u00f6kuopissa<\/a>&nbsp;&nbsp;Yle<\/li>\n<li><a href=\"https:\/\/news.google.com\/rss\/articles\/CBMilAFBVV95cUxPcjZrUkZzUXF2WjRWd01lN3BpSkNzSng2SzNlZUdoYWNiaUJrTko1M213M252MWVBUmJBcTIxUW1weldDbjRRMkczeXFFSGdYQnFYRUFNU2xaWkhpMlpkTENOZmZENi1NMXYzeS1hWTBqbllobml1V3duSnVKUkF2ckNTbklpRk1yYzZyVDRTcVo2ZEZF?oc=5\" target=\"_blank\" rel=\"nofollow noopener\">Red Bullin voimahahmo Helmut Markosta jymyuutinen<\/a>&nbsp;&nbsp;Sportti.com<\/li>\n<li><a href=\"https:\/\/news.google.com\/rss\/articles\/CBMitAFBVV95cUxPQ1dIYnlhMFc1bExCYjZxdm5WX19IUy1YTHJMekZPS3FHblBWaXFDQ2VneUVhRXZvQ2tfVThRRVhOckhIN2toS1kzYXBBUERhbUM5LWlFVDliaDBlWU84VFRCVkVZN2IzenQyMFp5VjlIUUdLX2hQbi1hR2Q0THRKOXNpMTdFTXBXenJHWHZBS01GY2dXTTVhdGtWTENaczlIM3NlTnlheGFNSTgtbEYxUktLWmM?oc=5\" target=\"_blank\" rel=\"nofollow noopener\">Red Bullilla tuulee: Helmut Marko l\u00e4ht\u00f6kuopissa? \u2013 &#8221;Voin vain kiitt\u00e4\u00e4 h\u00e4nt\u00e4&#8221;<\/a>&nbsp;&nbsp;mtvuutiset.fi<\/li>\n<li><a href=\"https:\/\/news.google.com\/rss\/articles\/CBMiuAFBVV95cUxNUFY0dXNKNnktclRLcl8wRVdhc2JKMTlfbUF5bnpkeVotNFVZalBLYW1YSG90SzJLQzdtMi1MVFVSdEZzbzllWTVPOFl5X25KX0ZDU2hmbU5pODNCZFVVRVVkVkxhMmpvODNzNnFLb2dUeVd5UmllVDVtMFJOaTZUVHBlbHQxaHdweUNmZTIybFBROGN0NlVPbm0wM1ROWHFVb1pOek11bTV3Z1Z0bnY5YUo2S3JRTVpi?oc=5\" target=\"_blank\" rel=\"nofollow noopener\">Red Bull j\u00e4lleen suurten muutosten \u00e4\u00e4rell\u00e4 \u2013 Max Verstappenin luottomies l\u00e4ht\u00f6kuopissa<\/a>&nbsp;&nbsp;SuomiF1<\/li>\n<\/ol>\n","protected":false},"excerpt":{"rendered":"Iso F1-pomo ovista ulos&nbsp;&nbsp;Iltalehti Mediatiedot: Red Bullin voimahahmo Helmut Marko l\u00e4ht\u00f6kuopissa&nbsp;&nbsp;Yle Red Bullin voimahahmo Helmut Markosta jymyuutinen&nbsp;&nbsp;Sportti.com Red&hellip;\n","protected":false},"author":2,"featured_media":111859,"comment_status":"","ping_status":"","sticky":false,"template":"","format":"standard","meta":{"footnotes":""},"categories":[158],"tags":[35,2810,33,31,30,3437,41,83,2811,159,32,160],"class_list":{"0":"post-111858","1":"post","2":"type-post","3":"status-publish","4":"format-standard","5":"has-post-thumbnail","7":"category-urheilu","8":"tag-24h","9":"tag-autourheilu-ja-urheiluautot","10":"tag-fi","11":"tag-finland","12":"tag-finnish","13":"tag-formula-1","14":"tag-liikunta-ja-urheilu","15":"tag-moottoriurheilu","16":"tag-rata-autoilu","17":"tag-sports","18":"tag-suomi","19":"tag-urheilu"},"share_on_mastodon":{"url":"https:\/\/pubeurope.com\/@fi\/115690242342809393","error":""},"_links":{"self":[{"href":"https:\/\/www.europesays.com\/fi\/wp-json\/wp\/v2\/posts\/111858","targetHints":{"allow":["GET"]}}],"collection":[{"href":"https:\/\/www.europesays.com\/fi\/wp-json\/wp\/v2\/posts"}],"about":[{"href":"https:\/\/www.europesays.com\/fi\/wp-json\/wp\/v2\/types\/post"}],"author":[{"embeddable":true,"href":"https:\/\/www.europesays.com\/fi\/wp-json\/wp\/v2\/users\/2"}],"replies":[{"embeddable":true,"href":"https:\/\/www.europesays.com\/fi\/wp-json\/wp\/v2\/comments?post=111858"}],"version-history":[{"count":0,"href":"https:\/\/www.europesays.com\/fi\/wp-json\/wp\/v2\/posts\/111858\/revisions"}],"wp:featuredmedia":[{"embeddable":true,"href":"https:\/\/www.europesays.com\/fi\/wp-json\/wp\/v2\/media\/111859"}],"wp:attachment":[{"href":"https:\/\/www.europesays.com\/fi\/wp-json\/wp\/v2\/media?parent=111858"}],"wp:term":[{"taxonomy":"category","embeddable":true,"href":"https:\/\/www.europesays.com\/fi\/wp-json\/wp\/v2\/categories?post=111858"},{"taxonomy":"post_tag","embeddable":true,"href":"https:\/\/www.europesays.com\/fi\/wp-json\/wp\/v2\/tags?post=111858"}],"curies":[{"name":"wp","href":"https:\/\/api.w.org\/{rel}","templated":true}]}}