{"id":111864,"date":"2025-12-09T15:13:09","date_gmt":"2025-12-09T15:13:09","guid":{"rendered":"https:\/\/www.europesays.com\/fi\/111864\/"},"modified":"2025-12-09T15:13:09","modified_gmt":"2025-12-09T15:13:09","slug":"politico-stubb-on-euroopan-13-vaikutusvaltaisin-poliitikko-uutisia-lyhyesti","status":"publish","type":"post","link":"https:\/\/www.europesays.com\/fi\/111864\/","title":{"rendered":"Politico: Stubb on Euroopan 13. vaikutusvaltaisin poliitikko | Uutisia lyhyesti"},"content":{"rendered":"<p class=\"aw-1gybjub aw-5vja16 kEtdKx kmuxyA yle__article__paragraph\">Euroopan oloihin eniten vaikuttava poliitikko on Donald Trump.<\/p>\n<p><img decoding=\"async\" alt=\"Suomen tasavallan presidentti Alezander Stubb ja p\u00e4\u00e4ministeri Petteri Orpo Yhdysvaltain presidentti Donald Trumpin vieraana Valkoisessa talossa Washingtonissa. \" src=\"https:\/\/www.europesays.com\/fi\/wp-content\/uploads\/2025\/12\/39-153754868ece0f8e8d2b.jpeg\" class=\"aw-1l9m598 hKVVvP\"\/><\/p>\n<p>Avaa kuvien katselu<\/p>\n<p>Alexander Stubb vierailulla Valkoisessa talossa. Kuva: Jani Saikko \/ Yle<\/p>\n<p>16:30\u2022P\u00e4ivitetty 16:38<\/p>\n<p class=\"aw-1gybjub aw-1p7kakr kEtdKx cEmitX yle__article__paragraph\">Yhdysvalloissa ilmestyv\u00e4 <a class=\"aw-iao6s4 iHOxEa yle__article__link\" href=\"https:\/\/www.politico.eu\/politico-28-class-of-2026\/\" role=\"link\" rel=\"nofollow noopener\" target=\"_blank\">Politico-lehti<\/a> on julkistanut vuosittaisen listauksensa 28 Euroopan vaikutusvaltaisimmasta poliitikosta.<\/p>\n<p class=\"aw-1gybjub aw-1p7kakr kEtdKx cEmitX yle__article__paragraph\">Lehti kertoo joutuneensa tekem\u00e4\u00e4n poikkeuksen aikaisempiin periaatteisiinsa ja valitsemaan ei-eurooppalaisen henkil\u00f6n maanosan vaikutusvaltaisimmista henkil\u00f6ist\u00e4.<\/p>\n<p class=\"aw-1gybjub aw-1p7kakr kEtdKx cEmitX yle__article__paragraph\">Ykk\u00f6ssijalle nostettiin Yhdysvaltain presidentti <strong class=\"aw-ak79eh KyCXm yle__article__strong\">Donald Trump<\/strong>. Jokaisen Euroopan maan johto joutuu nyt sopeutumaan Trumpin mielenliikkeisiin.<\/p>\n<p class=\"aw-1gybjub aw-1p7kakr kEtdKx cEmitX yle__article__paragraph\">\u2013 Onko h\u00e4n kumppani? Ajoittain. Uhka? Silloin t\u00e4ll\u00f6in. Voima, joka muuttaa maiden v\u00e4lisi\u00e4 suhteita omilla ehdoillaan? Aina, lehti kuvailee.<\/p>\n<p class=\"aw-1gybjub aw-1p7kakr kEtdKx cEmitX yle__article__paragraph\">Politicon listauksessa sijalle 13 sijoittuu Suomen presidentti <strong class=\"aw-ak79eh KyCXm yle__article__strong\">Alexander Stubb<\/strong>. Politicon mukaan h\u00e4n on onnistunut muuntamaan vahvan kokemuksensa vaikutusvallaksi. T\u00e4h\u00e4n eiv\u00e4t ole v\u00e4hiten my\u00f6t\u00e4vaikuttaneet Stubbin golftaidot, joiden avulla h\u00e4n on p\u00e4\u00e4ssyt Trumpin l\u00e4hipiiriin.<\/p>\n<p class=\"aw-1gybjub aw-1p7kakr kEtdKx cEmitX yle__article__paragraph\">Stubb on listauksessa yhden sijan korkeammalla kuin Ukrainan presidentti <strong class=\"aw-ak79eh KyCXm yle__article__strong\">Volodymyr Zelenskyi<\/strong>.<\/p>\n<p class=\"aw-1gybjub aw-1p7kakr kEtdKx cEmitX yle__article__paragraph\">Trumpin j\u00e4lkeen kakkossijalle Politico nostaa Tanskan p\u00e4\u00e4ministerin <strong class=\"aw-ak79eh KyCXm yle__article__strong\">Mette Frederiksenin<\/strong>, joka ohittaa vaikutusvallassa Saksan liittokanslerin <strong class=\"aw-ak79eh KyCXm yle__article__strong\">Friedrich Merzin<\/strong>.<\/p>\n<p class=\"aw-1gybjub aw-1p7kakr kEtdKx cEmitX yle__article__paragraph\">Ranskan laitaoikeistolainen poliitikko <strong class=\"aw-ak79eh KyCXm yle__article__strong\">Marine le Pen<\/strong> on sijalla 4, eli selv\u00e4sti korkeammalla kuin maan presidentti <strong class=\"aw-ak79eh KyCXm yle__article__strong\">Emmanuel Macron<\/strong> (19.).<\/p>\n<p class=\"aw-1gybjub aw-1p7kakr kEtdKx cEmitX yle__article__paragraph\">My\u00f6s Britanniassa laitaoikeistojohtaja <strong class=\"aw-ak79eh KyCXm yle__article__strong\">Nigel Farage<\/strong> (6.) on korkeammalla kuin p\u00e4\u00e4ministeri <strong class=\"aw-ak79eh KyCXm yle__article__strong\">Keir Starmer<\/strong> (10.)<\/p>\n","protected":false},"excerpt":{"rendered":"Euroopan oloihin eniten vaikuttava poliitikko on Donald Trump. Avaa kuvien katselu Alexander Stubb vierailulla Valkoisessa talossa. Kuva: Jani&hellip;\n","protected":false},"author":2,"featured_media":111865,"comment_status":"","ping_status":"","sticky":false,"template":"","format":"standard","meta":{"footnotes":""},"categories":[14],"tags":[3406,22,23,585,4759,2267,26,27,33,31,30,17,70,24,25,28,29,15,20700,18,21,3107,32,19,20,56,16,59,60,61],"class_list":{"0":"post-111864","1":"post","2":"type-post","3":"status-publish","4":"format-standard","5":"has-post-thumbnail","7":"category-ulkomaat","8":"tag-alexander-stubb","9":"tag-breaking-news","10":"tag-breakingnews","11":"tag-donald-trump","12":"tag-emmanuel-macron","13":"tag-eurooppa","14":"tag-featured-news","15":"tag-featurednews","16":"tag-fi","17":"tag-finland","18":"tag-finnish","19":"tag-headlines","20":"tag-kansainvalinen-politiikka","21":"tag-latest-news","22":"tag-latestnews","23":"tag-main-news","24":"tag-mainnews","25":"tag-news","26":"tag-nigel-farage","27":"tag-otsikot","28":"tag-paauutiset","29":"tag-politico","30":"tag-suomi","31":"tag-top-stories","32":"tag-topstories","33":"tag-ulkomaat","34":"tag-uutiset","35":"tag-world","36":"tag-world-news","37":"tag-worldnews"},"share_on_mastodon":{"url":"https:\/\/pubeurope.com\/@fi\/115690262315329449","error":""},"_links":{"self":[{"href":"https:\/\/www.europesays.com\/fi\/wp-json\/wp\/v2\/posts\/111864","targetHints":{"allow":["GET"]}}],"collection":[{"href":"https:\/\/www.europesays.com\/fi\/wp-json\/wp\/v2\/posts"}],"about":[{"href":"https:\/\/www.europesays.com\/fi\/wp-json\/wp\/v2\/types\/post"}],"author":[{"embeddable":true,"href":"https:\/\/www.europesays.com\/fi\/wp-json\/wp\/v2\/users\/2"}],"replies":[{"embeddable":true,"href":"https:\/\/www.europesays.com\/fi\/wp-json\/wp\/v2\/comments?post=111864"}],"version-history":[{"count":0,"href":"https:\/\/www.europesays.com\/fi\/wp-json\/wp\/v2\/posts\/111864\/revisions"}],"wp:featuredmedia":[{"embeddable":true,"href":"https:\/\/www.europesays.com\/fi\/wp-json\/wp\/v2\/media\/111865"}],"wp:attachment":[{"href":"https:\/\/www.europesays.com\/fi\/wp-json\/wp\/v2\/media?parent=111864"}],"wp:term":[{"taxonomy":"category","embeddable":true,"href":"https:\/\/www.europesays.com\/fi\/wp-json\/wp\/v2\/categories?post=111864"},{"taxonomy":"post_tag","embeddable":true,"href":"https:\/\/www.europesays.com\/fi\/wp-json\/wp\/v2\/tags?post=111864"}],"curies":[{"name":"wp","href":"https:\/\/api.w.org\/{rel}","templated":true}]}}