{"id":111870,"date":"2025-12-09T15:28:09","date_gmt":"2025-12-09T15:28:09","guid":{"rendered":"https:\/\/www.europesays.com\/fi\/111870\/"},"modified":"2025-12-09T15:28:09","modified_gmt":"2025-12-09T15:28:09","slug":"maria-veitolan-kaytos-erika-vikmanin-keikalla-ihmetytti-salakuvat","status":"publish","type":"post","link":"https:\/\/www.europesays.com\/fi\/111870\/","title":{"rendered":"Maria Veitolan k\u00e4yt\u00f6s Erika Vikmanin keikalla ihmetytti \u2013 salakuvat"},"content":{"rendered":"<p>            Timo Korhonen, lukijan kuva\n        <\/p>\n<p class=\"subtitle \">Maria Veitolan vastaus on kipakka ja oikeutettukin.<\/p>\n<p class=\"article-content article-content-width !bg-background\">Itsen\u00e4isyysp\u00e4iv\u00e4n aatto 5. joulukuuta, paikkana Tavastia-klubi Helsingiss\u00e4.<\/p>\n<p class=\"article-content article-content-width !bg-background\">Loppuunmyyty, legendaarinen keikkaklubi kuhisee ihmisi\u00e4, ja syykin on selv\u00e4: .<\/p>\n<p class=\"article-content article-content-width !bg-background\">\u201dMother\u201d oli saanut ihmiset liikkeelle, ja mukana oli seurueineen my\u00f6s Seiskan keski-ik\u00e4inen lukija.<\/p>\n<p class=\"article-content article-content-width !bg-background\">\u2013 Ihmiset olivat aivan innoissaan ja huusivat, taputtivat ja tanssivat.<\/p>\n<p>        <a itemprop=\"url\" href=\"https:\/\/www.seiska.fi\/kotimaa\/maria-veitola-valmistautuu-hengenlahtoonsa\/1996437\" rel=\"nofollow noopener\" target=\"_blank\"><\/p>\n<p>\nOtti merkitt\u00e4v\u00e4n askeleen\n<\/p>\n<p class=\"section-date\">\n        <strong class=\"article-section\" data-section=\"kotimaa\"><br \/>\n            kotimaa<br \/>\n        <\/strong><br \/>\n        19.11. 13:56\n    <\/p>\n<p>Maria Veitola valmistautuu hengenl\u00e4ht\u00f6\u00f6ns\u00e4\n    <\/p>\n<p itemprop=\"description\" class=\"subtitle \">\n    Maria on ryhtynyt toimenpiteisiin v\u00e4ist\u00e4m\u00e4tt\u00f6m\u00e4n varalta.\n<\/p>\n<p>        <\/a><\/p>\n<p>                <img decoding=\"async\" src=\"https:\/\/www.europesays.com\/fi\/wp-content\/uploads\/2025\/12\/1989839.webp\" width=\"576\" height=\"274\" alt=\"Maria Veitola on toimittaja ja feministi.\" loading=\"lazy\" \/>            <\/p>\n<p>\n            Maria Veitola on toimittaja ja feministi.<br \/>\n            Karoliina B\u00e4rlund \/ Yle\n        <\/p>\n<p>&#8221;Vaikutti tylsistyneelt\u00e4&#8221;<\/p>\n<p class=\"article-content article-content-width !bg-background\">Sitten nainen skannasi yl\u00e4parvelle ja n\u00e4ki tutun kasvon, joka ei tehnyt mit\u00e4\u00e4n kolmesta edell\u00e4 mainitusta verbist\u00e4.<\/p>\n<p class=\"article-content article-content-width !bg-background\">\u2013 Itse  nojasi kaiteeseen ja selaili k\u00e4nnykk\u00e4\u00e4ns\u00e4.<\/p>\n<p class=\"article-content article-content-width !bg-background\">\u2013 H\u00e4n vaikutti tylsistyneelt\u00e4 ja tuntui keskittyv\u00e4n kaikkeen muuhun kuin keikkaan.<\/p>\n<p class=\"article-content article-content-width !bg-background\">Kysytt\u00e4ess\u00e4 lukija kertoo, ett\u00e4 tilanne oli nopea, eik\u00e4 h\u00e4n oman keikkanautintonsa vuoksi seurannut keikan aikana, innostuiko Maria illan edetess\u00e4.<\/p>\n<p>        <a itemprop=\"url\" href=\"https:\/\/www.seiska.fi\/vain-seiskassa\/keski-ikainen-mies-tyrmistyi-maria-veitolan-kaytoksesta\/1656219\" rel=\"nofollow noopener\" target=\"_blank\"><\/p>\n<p>\nMaria Veitola\n<\/p>\n<p class=\"section-date\">\n        <strong class=\"article-section\" data-section=\"vain seiskassa\"><br \/>\n            vain seiskassa<br \/>\n        <\/strong><br \/>\n        29.3. 08:00\n    <\/p>\n<p>Keski-ik\u00e4inen mies tyrmistyi Maria Veitolan k\u00e4yt\u00f6ksest\u00e4\n    <\/p>\n<p itemprop=\"description\" class=\"subtitle \">\n    Lukijan mukaan Maria puhui kovaa \u2013 todella kovaa. My\u00f6s Maria kommentoi omalta osaltaan tapausta.\n<\/p>\n<p>        <\/a><\/p>\n<p>                <img decoding=\"async\" src=\"https:\/\/www.europesays.com\/fi\/wp-content\/uploads\/2025\/12\/2014056.webp\" width=\"576\" height=\"322\" alt=\"Erika Vikman osallistui Linnan juhliin keikkaa seuranneena p\u00e4iv\u00e4n\u00e4.\" loading=\"lazy\" \/>            <\/p>\n<p>\n            Erika Vikman osallistui Linnan juhliin keikkaa seuranneena p\u00e4iv\u00e4n\u00e4.<br \/>\n            Timo Korhonen\n        <\/p>\n<p class=\"article-content article-content-width !bg-background\">\u2013 Mutta kuitenkin siit\u00e4 lyhyest\u00e4 hetkest\u00e4 j\u00e4i jotenkin fiilis, ett\u00e4 Maria oli ilmeisesti tullut paikalle jonkun toiveesta eik\u00e4 siis nauttimaan itse esityksest\u00e4.<\/p>\n<p class=\"article-content article-content-width !bg-background\">\u2013 Tai sitten k\u00e4nnyk\u00e4ss\u00e4 vain oli kertakaikkiaan jotain kiinnostavampaa.<\/p>\n<p>        <a itemprop=\"url\" href=\"https:\/\/www.seiska.fi\/katso\/maria-veitola-ulos-masked-singer-ohjelmasta\/1680276\" rel=\"nofollow noopener\" target=\"_blank\"><\/p>\n<p>\nMasked Singer Suomi\n<\/p>\n<p class=\"section-date\">\n        <strong class=\"article-section\" data-section=\"katso\"><br \/>\n            katso<br \/>\n        <\/strong><br \/>\n        22.4. 12:51\n    <\/p>\n<p>Maria Veitola ulos Masked Singer -ohjelmasta\n    <\/p>\n<p itemprop=\"description\" class=\"subtitle \">\n    Masked Singer Suomi -ohjelman etsiv\u00e4paneeli menee uusiksi.\n<\/p>\n<p>        <\/a><\/p>\n<p>&#8221;Yll\u00e4tys koko yleis\u00f6lle&#8221;<\/p>\n<p class=\"article-content article-content-width !bg-background\">Lukijan vauhti kiihtyy, kun h\u00e4n kuvailee Erikaa.<\/p>\n<p class=\"article-content article-content-width !bg-background\">\u2013 Ihan mahtava keikka! Erika veti iskelm\u00e4\u00e4, rokkia ja veti  biisinkin, Like a Prayer.<\/p>\n<p class=\"article-content article-content-width !bg-background\">\u2013 Se Madonna oli yll\u00e4tys koko yleis\u00f6lle.<\/p>\n<p>                <img decoding=\"async\" src=\"https:\/\/www.europesays.com\/fi\/wp-content\/uploads\/2025\/12\/2014923.webp\" width=\"576\" height=\"480\" alt=\"Yleis\u00f6 oli innoissaan, mutta Maria vain selaili matkapuhelintaan.\" loading=\"lazy\" \/>            <\/p>\n<p>\n            Yleis\u00f6 oli innoissaan, mutta Maria vain selaili matkapuhelintaan.<br \/>\n            Lukijan kuva\n        <\/p>\n<p class=\"article-content article-content-width !bg-background\">Lukija kertoo n\u00e4hneens\u00e4 Erikan useasti aiemminkin, muun muassa festareilla.<\/p>\n<p class=\"article-content article-content-width !bg-background\">Mariasta sen sijaan h\u00e4nell\u00e4 ei ole sen vahvempaa mielikuvaa \u2013 ainakaan aiemmin.<\/p>\n<p>        <a itemprop=\"url\" href=\"https:\/\/www.seiska.fi\/kotimaa\/podcast-maria-veitolalta-paljastus-johanna-tukiaisesta\/2004278\" rel=\"nofollow noopener\" target=\"_blank\"><\/p>\n<p>\nPodcast:\n<\/p>\n<p class=\"section-date\">\n        <strong class=\"article-section\" data-section=\"kotimaa\"><br \/>\n            kotimaa<br \/>\n        <\/strong><br \/>\n        26.11. 10:58\n    <\/p>\n<p>Podcast: Maria Veitolalta paljastus Johanna Tukiaisesta\n    <\/p>\n<p itemprop=\"description\" class=\"subtitle \">\n    Maria Veitola kertoo kokemistaan arvoristiriidoista podcastissaan.\n<\/p>\n<p>        <\/a><\/p>\n<p class=\"article-content article-content-width !bg-background\">\u2013 Ihan asiallinen tyyppi.<\/p>\n<p class=\"article-content article-content-width !bg-background\">\u2013 Siksi olikin erikoista, ettei h\u00e4n heitt\u00e4ytynyt mukaan tunnelmaan.<\/p>\n<p>                <img decoding=\"async\" src=\"https:\/\/www.europesays.com\/fi\/wp-content\/uploads\/2025\/12\/2004427.webp\" width=\"576\" height=\"274\" alt=\"Maria Veitola on tehnyt lukemattomia tv-t\u00f6it\u00e4 vuosien varrella.\" loading=\"lazy\" \/>            <\/p>\n<p>\n            Maria Veitola on tehnyt lukemattomia tv-t\u00f6it\u00e4 vuosien varrella.<br \/>\n            MTV\n        <\/p>\n<p>Nyt puhuu Maria<\/p>\n<p class=\"article-content article-content-width !bg-background\">Ja tokihan Seiska tavoitti my\u00f6s Marian.<\/p>\n<p class=\"article-content article-content-width !bg-background\">\u2013 Tavastiahan on tunnettu rokkipoliiseista, jotka syyn\u00e4\u00e4 keikalla esiintyvi\u00e4 b\u00e4ndej\u00e4 ja artisteja, ett\u00e4 miten ne suorittaa, mut en tiennytk\u00e4\u00e4n, ett\u00e4 siell\u00e4 on nyky\u00e4\u00e4n yleis\u00f6poliiseja, jotka vahtii toisiaan!<\/p>\n<p class=\"article-content article-content-width !bg-background\">\u2013 Mun lapsi soitti mulle kesken keikan, kun oli tilanne p\u00e4\u00e4ll\u00e4, niin valitettavasti piti r\u00e4pl\u00e4t\u00e4 k\u00e4nnykk\u00e4\u00e4, h\u00e4n selvitt\u00e4\u00e4.<\/p>\n","protected":false},"excerpt":{"rendered":"Timo Korhonen, lukijan kuva Maria Veitolan vastaus on kipakka ja oikeutettukin. Itsen\u00e4isyysp\u00e4iv\u00e4n aatto 5. joulukuuta, paikkana Tavastia-klubi Helsingiss\u00e4.&hellip;\n","protected":false},"author":2,"featured_media":111871,"comment_status":"","ping_status":"","sticky":false,"template":"","format":"standard","meta":{"footnotes":""},"categories":[136],"tags":[407,137,11144,33,31,30,18037,408,5214,1082,32,1667,16579,109],"class_list":{"0":"post-111870","1":"post","2":"type-post","3":"status-publish","4":"format-standard","5":"has-post-thumbnail","7":"category-julkkikset","8":"tag-celebrities","9":"tag-entertainment","10":"tag-erika-vikman","11":"tag-fi","12":"tag-finland","13":"tag-finnish","14":"tag-itsenaisyyspaiva","15":"tag-julkkikset","16":"tag-madonna","17":"tag-maria-veitola","18":"tag-suomi","19":"tag-tapahtumat","20":"tag-tavastia","21":"tag-viihde"},"share_on_mastodon":{"url":"https:\/\/pubeurope.com\/@fi\/115690321515831942","error":""},"_links":{"self":[{"href":"https:\/\/www.europesays.com\/fi\/wp-json\/wp\/v2\/posts\/111870","targetHints":{"allow":["GET"]}}],"collection":[{"href":"https:\/\/www.europesays.com\/fi\/wp-json\/wp\/v2\/posts"}],"about":[{"href":"https:\/\/www.europesays.com\/fi\/wp-json\/wp\/v2\/types\/post"}],"author":[{"embeddable":true,"href":"https:\/\/www.europesays.com\/fi\/wp-json\/wp\/v2\/users\/2"}],"replies":[{"embeddable":true,"href":"https:\/\/www.europesays.com\/fi\/wp-json\/wp\/v2\/comments?post=111870"}],"version-history":[{"count":0,"href":"https:\/\/www.europesays.com\/fi\/wp-json\/wp\/v2\/posts\/111870\/revisions"}],"wp:featuredmedia":[{"embeddable":true,"href":"https:\/\/www.europesays.com\/fi\/wp-json\/wp\/v2\/media\/111871"}],"wp:attachment":[{"href":"https:\/\/www.europesays.com\/fi\/wp-json\/wp\/v2\/media?parent=111870"}],"wp:term":[{"taxonomy":"category","embeddable":true,"href":"https:\/\/www.europesays.com\/fi\/wp-json\/wp\/v2\/categories?post=111870"},{"taxonomy":"post_tag","embeddable":true,"href":"https:\/\/www.europesays.com\/fi\/wp-json\/wp\/v2\/tags?post=111870"}],"curies":[{"name":"wp","href":"https:\/\/api.w.org\/{rel}","templated":true}]}}