{"id":111878,"date":"2025-12-09T15:35:09","date_gmt":"2025-12-09T15:35:09","guid":{"rendered":"https:\/\/www.europesays.com\/fi\/111878\/"},"modified":"2025-12-09T15:35:09","modified_gmt":"2025-12-09T15:35:09","slug":"helmut-marko-jattaa-red-bullin","status":"publish","type":"post","link":"https:\/\/www.europesays.com\/fi\/111878\/","title":{"rendered":"Helmut Marko j\u00e4tt\u00e4\u00e4 Red Bullin"},"content":{"rendered":"<p>It\u00e4valtalainen jatkaa roolissaan vuoden loppuun asti.<\/p>\n<p class=\"article-body mb-nof-24 px-nof-16\">Red Bull Racingin neuvonantaja <a class=\"article-personlink\" href=\"https:\/\/www.is.fi\/haku\/?query=Helmut%20Marko\" rel=\"nofollow noopener\" target=\"_blank\">Helmut Marko<\/a> j\u00e4tt\u00e4\u00e4 teht\u00e4v\u00e4ns\u00e4 Formula 1 -tallissa vuoden lopussa, F1 kertoo <a class=\"article-genericlink\" href=\"https:\/\/www.formula1.com\/en\/latest\/article\/dr-helmut-marko-to-leave-red-bull-motorsport-advisor-role.28NBdIbMJvsnKdRRkAWBVR\" rel=\"nofollow noopener\" target=\"_blank\">verkkosivuillaan<\/a>.<\/p>\n<p class=\"article-body mb-nof-24 px-nof-16\">Kaksikymment\u00e4 vuotta Red Bullilla ty\u00f6skennellyt Marko, 82, on ollut merkitt\u00e4v\u00e4ss\u00e4 roolissa tallin menestyksess\u00e4 sen ensimm\u00e4isest\u00e4 kaudesta saakka.<\/p>\n<p class=\"article-body mb-nof-24 px-nof-16\">Neuvonantaja on seurannut l\u00e4helt\u00e4, kuinka <a class=\"article-personlink\" href=\"https:\/\/www.is.fi\/haku\/?query=Sebastian%20Vettel\" rel=\"nofollow noopener\" target=\"_blank\">Sebastian Vettel<\/a> ja <a class=\"article-personlink\" href=\"https:\/\/www.is.fi\/haku\/?query=Max%20Verstappen\" rel=\"nofollow noopener\" target=\"_blank\">Max Verstappen<\/a> ovat nousseet formuloiden eliittiin ja ajaneet Red Bullilla yhteens\u00e4 kahdeksaan maailmanmestaruuteen.<\/p>\n<p class=\"article-body mb-nof-24 px-nof-16\">\u2013\u2009On todella surullista, ett\u00e4 Helmut j\u00e4tt\u00e4\u00e4 meid\u00e4t, Red Bullin tallip\u00e4\u00e4llikk\u00f6 <a class=\"article-personlink\" href=\"https:\/\/www.is.fi\/haku\/?query=Laurent%20Mekies\" rel=\"nofollow noopener\" target=\"_blank\">Laurent Mekies<\/a> sanoi tiedotteessa.<\/p>\n<p class=\"article-body mb-nof-24 px-nof-16\">\u2013\u2009H\u00e4n on ollut olennainen osa sek\u00e4 tiimi\u00e4mme ett\u00e4 koko Red Bullin moottoriurheiluohjelmaa yli kahden vuosikymmenen ajan. Tulemme ik\u00e4v\u00f6im\u00e4\u00e4n h\u00e4nt\u00e4.<\/p>\n<p class=\"article-body mb-nof-24 px-nof-16\">Yli kuudenkymmenen vuoden moottoriurheilukokemuksen omaava Marko kertoi, ett\u00e4 menneell\u00e4 kaudella sormien v\u00e4list\u00e4 lipsunut maailmanmestaruus vaikutti lopettamisp\u00e4\u00e4t\u00f6kseen.<\/p>\n<p class=\"article-body mb-nof-24 px-nof-16\">\u2013\u2009Se teki minulle selv\u00e4ksi, ett\u00e4 nyt on oikea hetki p\u00e4\u00e4tt\u00e4\u00e4 t\u00e4m\u00e4 hyvin pitk\u00e4 ja menestyksek\u00e4s luku el\u00e4m\u00e4ss\u00e4ni, Marko sanoi.<\/p>\n<p class=\"article-body mb-nof-24 px-nof-16\">Marko ajoi kausilla 1971\u20131972 kymmenen osakilpailua F1:ss\u00e4.<\/p>\n<p class=\"article-body mb-nof-24 px-nof-16\">Markon kilpailu-ura p\u00e4\u00e4ttyi, kun 1972 ajetussa Ranskan GP:ss\u00e4 kivi lensi h\u00e4nen kyp\u00e4r\u00e4ns\u00e4 visiirin l\u00e4pi ja aiheutti h\u00e4nelle osittaisen sokeutumisen.<\/p>\n","protected":false},"excerpt":{"rendered":"It\u00e4valtalainen jatkaa roolissaan vuoden loppuun asti. Red Bull Racingin neuvonantaja Helmut Marko j\u00e4tt\u00e4\u00e4 teht\u00e4v\u00e4ns\u00e4 Formula 1 -tallissa vuoden&hellip;\n","protected":false},"author":2,"featured_media":111879,"comment_status":"","ping_status":"","sticky":false,"template":"","format":"standard","meta":{"footnotes":""},"categories":[158],"tags":[33,31,30,34,159,32,160],"class_list":{"0":"post-111878","1":"post","2":"type-post","3":"status-publish","4":"format-standard","5":"has-post-thumbnail","7":"category-urheilu","8":"tag-fi","9":"tag-finland","10":"tag-finnish","11":"tag-ilta-sanomat","12":"tag-sports","13":"tag-suomi","14":"tag-urheilu"},"share_on_mastodon":{"url":"https:\/\/pubeurope.com\/@fi\/115690348799819744","error":""},"_links":{"self":[{"href":"https:\/\/www.europesays.com\/fi\/wp-json\/wp\/v2\/posts\/111878","targetHints":{"allow":["GET"]}}],"collection":[{"href":"https:\/\/www.europesays.com\/fi\/wp-json\/wp\/v2\/posts"}],"about":[{"href":"https:\/\/www.europesays.com\/fi\/wp-json\/wp\/v2\/types\/post"}],"author":[{"embeddable":true,"href":"https:\/\/www.europesays.com\/fi\/wp-json\/wp\/v2\/users\/2"}],"replies":[{"embeddable":true,"href":"https:\/\/www.europesays.com\/fi\/wp-json\/wp\/v2\/comments?post=111878"}],"version-history":[{"count":0,"href":"https:\/\/www.europesays.com\/fi\/wp-json\/wp\/v2\/posts\/111878\/revisions"}],"wp:featuredmedia":[{"embeddable":true,"href":"https:\/\/www.europesays.com\/fi\/wp-json\/wp\/v2\/media\/111879"}],"wp:attachment":[{"href":"https:\/\/www.europesays.com\/fi\/wp-json\/wp\/v2\/media?parent=111878"}],"wp:term":[{"taxonomy":"category","embeddable":true,"href":"https:\/\/www.europesays.com\/fi\/wp-json\/wp\/v2\/categories?post=111878"},{"taxonomy":"post_tag","embeddable":true,"href":"https:\/\/www.europesays.com\/fi\/wp-json\/wp\/v2\/tags?post=111878"}],"curies":[{"name":"wp","href":"https:\/\/api.w.org\/{rel}","templated":true}]}}