{"id":111890,"date":"2025-12-09T15:54:09","date_gmt":"2025-12-09T15:54:09","guid":{"rendered":"https:\/\/www.europesays.com\/fi\/111890\/"},"modified":"2025-12-09T15:54:09","modified_gmt":"2025-12-09T15:54:09","slug":"rita-piironen-saapui-linnan-juhliin-paiva-synnytyksen-jalkeen-nain-se-on-mahdollista","status":"publish","type":"post","link":"https:\/\/www.europesays.com\/fi\/111890\/","title":{"rendered":"Rita Piironen saapui Linnan juhliin p\u00e4iv\u00e4 synnytyksen j\u00e4lkeen \u2013 N\u00e4in se on mahdollista"},"content":{"rendered":"<p>Rita Piironen ja h\u00e4nen puolisonsa Jaakob Rissanen osallistuivat Linnan juhliin vain p\u00e4iv\u00e4 lapsensa syntym\u00e4st\u00e4.<\/p>\n<p><img decoding=\"async\" class=\"image image-show image-preview\" src=\"https:\/\/www.europesays.com\/fi\/wp-content\/uploads\/2025\/12\/d75c20019e155f69b868faf4e9d4081d15efe47090932234f49aedc8fd897d9f.png\" alt=\"\"\/><img decoding=\"async\" class=\"image image-show\" src=\"https:\/\/www.europesays.com\/fi\/wp-content\/uploads\/2025\/12\/1765295649_713_d75c20019e155f69b868faf4e9d4081d15efe47090932234f49aedc8fd897d9f.png\" alt=\"\"\/><\/p>\n<p>Jaakob Rissanen ja Rita Piironen edustivat Linnan juhlissa vain p\u00e4iv\u00e4 kuopuksensa syntym\u00e4n j\u00e4lkeen. Roosa Br\u00f6ijer<\/p>\n<p class=\"paragraph\">Joensuulainen somevaikuttaja-kahvilayritt\u00e4j\u00e4 <strong>Rita Piironen<\/strong> ja h\u00e4nen puolisonsa <strong>Jaakob Rissanen<\/strong> osallistuivat lauantaina Linnan juhliin, vaikka heid\u00e4n vauvansa oli syntynyt vain p\u00e4iv\u00e4\u00e4 aikaisemmin.<\/p>\n<p class=\"paragraph\">Piironen kertoo Iltalehdelle, ett\u00e4 heid\u00e4n vauvansa syntyi perjantaiaamuna noin viiden aikaan. He kotiutuivat 12 tunnissa.<\/p>\n<p class=\"paragraph\">\u2013 Se tietysti onnistuu vain silloin, jos \u00e4idin ja vauvan vointi on hyv\u00e4. L\u00e4\u00e4k\u00e4ri tarkisti sen. Loppujen lopuksi se oikeastaan mahdollisti p\u00e4\u00e4symme Linnan juhliin, vaikuttaja kertoo.<\/p>\n<p class=\"paragraph\">Piirosen mukaan l\u00e4\u00e4k\u00e4rit antoivat pariskunnalle luvan osallistua Linnan juhliin. He onnistuivat saamaan vauvalle hoitajan Linnan juhlia varten.<\/p>\n<p class=\"paragraph\">\u2013 Vauvahan oli mukanamme Helsingiss\u00e4 reissussa ja my\u00f6s mummini l\u00e4hti mukaan. H\u00e4n hoiti vauvaa pari tuntia viereisess\u00e4 hotellissa, Piironen kertoo.<\/p>\n<p class=\"paragraph\">Piironen vakuuttaa, ett\u00e4 h\u00e4nell\u00e4 oli juhlissa todella hyv\u00e4 vointi. He olivat juhlissa vain pari tuntia.<\/p>\n<p class=\"paragraph\">\u2013 Sanoin Jaakobillekin, ett\u00e4 onneksi olin synnytt\u00e4nyt, koska siell\u00e4 oli niin paljon ihmisi\u00e4, niin siell\u00e4 olisi ollut todella tukalaa olla, jos olisin ollut viel\u00e4 viimeisill\u00e4\u00e4n raskaana. Siin\u00e4 mieless\u00e4 kaikki meni ihan hyvin sin\u00e4 iltana, h\u00e4n toteaa.<\/p>\n<p>Ik\u00e4v\u00e4t kommentit<\/p>\n<p class=\"paragraph\">Piironen kertoo Iltalehdelle saaneensa p\u00e4\u00e4osin hyv\u00e4\u00e4 palautetta osallistumisestaan tilaisuuteen. Esimerkiksi Facebookissa on kuitenkin tullut my\u00f6s ik\u00e4vi\u00e4 kommentteja siit\u00e4, kuinka Piironen on \u201dj\u00e4tt\u00e4nyt vastasyntyneen vauvansa ihmisten hoitoon\u201d.<\/p>\n<p class=\"paragraph\">Piironen ei itse ole halunnut lukea ik\u00e4vi\u00e4 kommentteja, mutta ihmettelee erityisesti yht\u00e4 asiaa kritiikiss\u00e4.<\/p>\n<p class=\"paragraph\">\u2013 Miten se is\u00e4 ei ole saanut yht\u00e4\u00e4n kritiikki\u00e4 osallistumisestaan juhliin, mutta sitten tietenkin \u00e4iti saa kaiken kritiikin t\u00e4ss\u00e4kin.<\/p>\n<p class=\"paragraph\">Piironen sanoo, ettei osaa ottaa ik\u00e4vi\u00e4 kommentteja tosissaan.<\/p>\n<p class=\"paragraph\">\u2013 Tied\u00e4n itse vahvasti sen, millainen tukiverkko meill\u00e4 on ja ett\u00e4 vauva on ollut maailman parhaassa hoidossa sen ajan, kun olimme pari tuntia poissa. En osaa n\u00e4hd\u00e4 tilannetta samalla tavalla kuin ne kriittiset kommentoijat ovat asian tuoneet esille.<\/p>\n<p>Jaakob Rissanen ja Rita Piironen n\u00e4htiin Linnan juhlien k\u00e4ttelyjonossa. Roosa Br\u00f6ijer<\/p>\n<p class=\"paragraph\">Piirosen mukaan h\u00e4nen puolisonsa on tukenut h\u00e4nt\u00e4 hyvin kritiikin keskell\u00e4. My\u00f6s Rissanen on kommentoinut ik\u00e4vi\u00e4 kommentteja <a href=\"https:\/\/www.instagram.com\/jaakobrissanen\/\" target=\"_blank\" rel=\"noopener nofollow\">Instagram<\/a>-tarinoissaan, jotka ovat n\u00e4ht\u00e4viss\u00e4 24 tuntia julkaisusta.<\/p>\n<p class=\"paragraph\">\u2013 Kaikenn\u00e4k\u00f6isiin kommentointiin t\u00f6rm\u00e4tty ja oma ajatukseni on, ett\u00e4 on outoa, miten eri tavalla \u00e4itej\u00e4 ja isi\u00e4 kohdellaan. Kun \u00e4iti k\u00e4y Linnan juhlissa synnytyksen j\u00e4lkeen, h\u00e4n saa kritiikki\u00e4. Kun is\u00e4 k\u00e4y, kukaan ei sano mit\u00e4\u00e4n, Rissanen kummastelee.<\/p>\n<p class=\"paragraph\">\u2013 T\u00e4m\u00e4 kertonee enemm\u00e4n yhteiskunnan asenteista kuin itse vanhemmista, h\u00e4n lis\u00e4\u00e4 lopuksi.<\/p>\n<p class=\"paragraph\">Pariskunta on tullut tunnetuksi sosiaalisessa mediassa, jossa he kertovat avoimesti perhe-el\u00e4m\u00e4st\u00e4\u00e4n. Kaksikolla on jo ennest\u00e4\u00e4n kaksi lasta.<\/p>\n<p class=\"paragraph\">Rissaselta on ilmestynyt my\u00f6s Tokkerin k\u00e4sikirja, jonka h\u00e4n on kirjoittanut yhdess\u00e4 <strong>Ville Kormilaisen<\/strong> kanssa.<\/p>\n<p><script async src=\"\/\/www.instagram.com\/embed.js\"><\/script><\/p>\n","protected":false},"excerpt":{"rendered":"Rita Piironen ja h\u00e4nen puolisonsa Jaakob Rissanen osallistuivat Linnan juhliin vain p\u00e4iv\u00e4 lapsensa syntym\u00e4st\u00e4. Jaakob Rissanen ja Rita&hellip;\n","protected":false},"author":2,"featured_media":111891,"comment_status":"","ping_status":"","sticky":false,"template":"","format":"standard","meta":{"footnotes":""},"categories":[136],"tags":[35,407,137,33,31,30,101,408,99,100,98,32,102,109],"class_list":{"0":"post-111890","1":"post","2":"type-post","3":"status-publish","4":"format-standard","5":"has-post-thumbnail","7":"category-julkkikset","8":"tag-24h","9":"tag-celebrities","10":"tag-entertainment","11":"tag-fi","12":"tag-finland","13":"tag-finnish","14":"tag-ihmissuhteet","15":"tag-julkkikset","16":"tag-lapset","17":"tag-lapset-ja-nuoret","18":"tag-perhe","19":"tag-suomi","20":"tag-vanhemmat","21":"tag-viihde"},"share_on_mastodon":{"url":"https:\/\/pubeurope.com\/@fi\/115690423568460470","error":""},"_links":{"self":[{"href":"https:\/\/www.europesays.com\/fi\/wp-json\/wp\/v2\/posts\/111890","targetHints":{"allow":["GET"]}}],"collection":[{"href":"https:\/\/www.europesays.com\/fi\/wp-json\/wp\/v2\/posts"}],"about":[{"href":"https:\/\/www.europesays.com\/fi\/wp-json\/wp\/v2\/types\/post"}],"author":[{"embeddable":true,"href":"https:\/\/www.europesays.com\/fi\/wp-json\/wp\/v2\/users\/2"}],"replies":[{"embeddable":true,"href":"https:\/\/www.europesays.com\/fi\/wp-json\/wp\/v2\/comments?post=111890"}],"version-history":[{"count":0,"href":"https:\/\/www.europesays.com\/fi\/wp-json\/wp\/v2\/posts\/111890\/revisions"}],"wp:featuredmedia":[{"embeddable":true,"href":"https:\/\/www.europesays.com\/fi\/wp-json\/wp\/v2\/media\/111891"}],"wp:attachment":[{"href":"https:\/\/www.europesays.com\/fi\/wp-json\/wp\/v2\/media?parent=111890"}],"wp:term":[{"taxonomy":"category","embeddable":true,"href":"https:\/\/www.europesays.com\/fi\/wp-json\/wp\/v2\/categories?post=111890"},{"taxonomy":"post_tag","embeddable":true,"href":"https:\/\/www.europesays.com\/fi\/wp-json\/wp\/v2\/tags?post=111890"}],"curies":[{"name":"wp","href":"https:\/\/api.w.org\/{rel}","templated":true}]}}