{"id":111892,"date":"2025-12-09T15:57:09","date_gmt":"2025-12-09T15:57:09","guid":{"rendered":"https:\/\/www.europesays.com\/fi\/111892\/"},"modified":"2025-12-09T15:57:09","modified_gmt":"2025-12-09T15:57:09","slug":"suomalaiskirjailija-sai-kutsun-stephen-colbertin-haastatteluun","status":"publish","type":"post","link":"https:\/\/www.europesays.com\/fi\/111892\/","title":{"rendered":"Suomalaiskirjailija sai kutsun Stephen Colbertin haastatteluun"},"content":{"rendered":"<p>Iida Turpeisen Elolliset-kirja huomioitiin amerikkalaisen talk show\u2019n kirjakerhossa.<\/p>\n<p><img decoding=\"async\" class=\"image image-show image-preview\" src=\"https:\/\/www.europesays.com\/fi\/wp-content\/uploads\/2025\/12\/c4030dd308d5fe2a1c3bfc48f298576457e9658c6066eae7f3d06f27264e3407.jpg\" alt=\"\"\/><img decoding=\"async\" class=\"image image-show\" src=\"https:\/\/www.europesays.com\/fi\/wp-content\/uploads\/2025\/12\/1765295829_946_c4030dd308d5fe2a1c3bfc48f298576457e9658c6066eae7f3d06f27264e3407.jpg\" alt=\"\"\/><\/p>\n<p>Iida Turpeisen Elolliset-kirja huomioitiin Stephen Colbertin ohjelmassa. Marco Destefanis \/ Alamy Stock Photo<\/p>\n<p class=\"paragraph\">Kirjailija <a href=\"https:\/\/www.iltalehti.fi\/henkilot\/Iida Turpeinen\" class=\"article-link-person-page\" rel=\"nofollow noopener\" target=\"_blank\">Iida Turpeinen<\/a> sai kutsun yhdysvaltalaisen The Late Show with Stephen Colbert -ohjelman kirjakerho-osuuteen, kertoo <a href=\"https:\/\/www.hs.fi\/kulttuuri\/art-2000011655844.html\" rel=\"noopener nofollow\" target=\"_blank\">Helsingin Sanomat<\/a>.<\/p>\n<p class=\"paragraph\">Helsingin Sanomien mukaan Turpeinen kutsuttiin puhumaan Elolliset-kirjastaan (S&amp;S), joka julkaistiin marraskuussa Yhdysvalloissa. Vierailu ei v\u00e4ltt\u00e4m\u00e4tt\u00e4 n\u00e4y televisio-ohjelmassa, koska Book Club julkaistaan ensisijaisesti verkossa. Juontaja <a href=\"https:\/\/www.iltalehti.fi\/henkilot\/Stephen Colbert\" class=\"article-link-person-page\" rel=\"nofollow noopener\" target=\"_blank\">Stephen Colbert<\/a> tekee kirjasta lyhyen esittelyn ohjelman Instagram-sivulle ja muualle sosiaaliseen mediaan, mink\u00e4 lis\u00e4ksi kirjaa mainostetaan kuukauden aikana ohjelman sosiaalisen median kanavilla.<\/p>\n<p class=\"paragraph\">Kuukauden lopuksi kirjailijaa haastatellaan 10\u201315 minuutin mittaisessa pidemm\u00e4ss\u00e4 haastattelussa, joka julkaistaan Youtubessa.<\/p>\n<p class=\"paragraph\">Turpeinen kertoo Helsingin Sanomille, miten vierailu j\u00e4rjestyi.<\/p>\n<p class=\"paragraph\">\u2013 Kaikki ovat t\u00e4st\u00e4 v\u00e4h\u00e4n h\u00e4mill\u00e4\u00e4n! Minun pit\u00e4\u00e4 siell\u00e4 studiolla kysy\u00e4, miten t\u00e4h\u00e4n p\u00e4\u00e4dyttiin. Kustantajani Little, Brown on tehnyt tosi hyvin markkinointipuolen hommia. He olivat l\u00e4hett \u00e4neet Late Show\u2019hun kirjan, ja sen oli joku siell\u00e4 ilmeisesti lukenut ja ihastunut, Turpeinen kertoo lehdelle.<\/p>\n<p class=\"paragraph\">Turpeista ohjelmassa haastatteli lopulta ohjelman tuottaja. Turpeinen kertoi haastattelun j\u00e4lkeen Helsingin Sanomille, ett\u00e4 tuottaja valitsee ohjelman kirjat, mutta ne hyv\u00e4ksyt\u00e4\u00e4n Colbertilla.<\/p>\n<p class=\"paragraph\">\u2013 Kun kysyin, ett\u00e4 miten ihmeess\u00e4 te p\u00e4\u00e4dyitte valitsemaan minun kirjani sinne, h\u00e4n sanoi, ett\u00e4 he vaan pitiv\u00e4t t\u00e4st\u00e4, se istui heid\u00e4n linjaansa tosi hyvin. Stephen kuulemma tykk\u00e4\u00e4 kirjoista, joissa k\u00e4sitell\u00e4\u00e4n tiedett\u00e4. Eli t\u00e4m\u00e4 oli aivan Stephenin kirja kuulemma, Turpeinen hehkuttaa Helsingin Sanomille.<\/p>\n<p class=\"paragraph\">Suomeksi Elolliset ilmestyi vuonna 2023. Kirja voitti ilmestymisvuonnaan muun muassa Helsingin Sanomien kirjallisuuspalkinnon ja oli ehdolla kaunokirjallisuuden Finlandia-palkinnon ja Tulenkantaja-palkinnon saajaksi.<\/p>\n<p class=\"paragraph\">Kirjan k\u00e4\u00e4nn\u00f6soikeudet on myyty 28 kielialueelle.<\/p>\n","protected":false},"excerpt":{"rendered":"Iida Turpeisen Elolliset-kirja huomioitiin amerikkalaisen talk show\u2019n kirjakerhossa. Iida Turpeisen Elolliset-kirja huomioitiin Stephen Colbertin ohjelmassa. Marco Destefanis \/&hellip;\n","protected":false},"author":2,"featured_media":111893,"comment_status":"","ping_status":"","sticky":false,"template":"","format":"standard","meta":{"footnotes":""},"categories":[133],"tags":[35,153,623,137,33,31,30,1928,1616,979,32,206,140,156,109],"class_list":{"0":"post-111892","1":"post","2":"type-post","3":"status-publish","4":"format-standard","5":"has-post-thumbnail","7":"category-televisiot","8":"tag-24h","9":"tag-audiovisuaalinen-media","10":"tag-elokuva","11":"tag-entertainment","12":"tag-fi","13":"tag-finland","14":"tag-finnish","15":"tag-kirjallisuus-ja-audiovisuaalinen-media","16":"tag-media-viestinta","17":"tag-sahkoinen-media","18":"tag-suomi","19":"tag-televisiot","20":"tag-tv-ja-elokuvat","21":"tag-tv","22":"tag-viihde"},"share_on_mastodon":{"url":"https:\/\/pubeurope.com\/@fi\/115690435173907597","error":""},"_links":{"self":[{"href":"https:\/\/www.europesays.com\/fi\/wp-json\/wp\/v2\/posts\/111892","targetHints":{"allow":["GET"]}}],"collection":[{"href":"https:\/\/www.europesays.com\/fi\/wp-json\/wp\/v2\/posts"}],"about":[{"href":"https:\/\/www.europesays.com\/fi\/wp-json\/wp\/v2\/types\/post"}],"author":[{"embeddable":true,"href":"https:\/\/www.europesays.com\/fi\/wp-json\/wp\/v2\/users\/2"}],"replies":[{"embeddable":true,"href":"https:\/\/www.europesays.com\/fi\/wp-json\/wp\/v2\/comments?post=111892"}],"version-history":[{"count":0,"href":"https:\/\/www.europesays.com\/fi\/wp-json\/wp\/v2\/posts\/111892\/revisions"}],"wp:featuredmedia":[{"embeddable":true,"href":"https:\/\/www.europesays.com\/fi\/wp-json\/wp\/v2\/media\/111893"}],"wp:attachment":[{"href":"https:\/\/www.europesays.com\/fi\/wp-json\/wp\/v2\/media?parent=111892"}],"wp:term":[{"taxonomy":"category","embeddable":true,"href":"https:\/\/www.europesays.com\/fi\/wp-json\/wp\/v2\/categories?post=111892"},{"taxonomy":"post_tag","embeddable":true,"href":"https:\/\/www.europesays.com\/fi\/wp-json\/wp\/v2\/tags?post=111892"}],"curies":[{"name":"wp","href":"https:\/\/api.w.org\/{rel}","templated":true}]}}