{"id":111894,"date":"2025-12-09T16:01:10","date_gmt":"2025-12-09T16:01:10","guid":{"rendered":"https:\/\/www.europesays.com\/fi\/111894\/"},"modified":"2025-12-09T16:01:10","modified_gmt":"2025-12-09T16:01:10","slug":"miikka-muurisen-partizan-on-sisaisen-kaaoksen-keskella","status":"publish","type":"post","link":"https:\/\/www.europesays.com\/fi\/111894\/","title":{"rendered":"Miikka Muurisen Partizan on sis\u00e4isen kaaoksen keskell\u00e4"},"content":{"rendered":"<p>Koripallo|Partizan Belgrad pelaa nyt v\u00e4liaikaisen valmentajan opein.<\/p>\n<p>Lue tiivistelm\u00e4<\/p>\n<p>Tiivistelm\u00e4 on teko\u00e4lyn tekem\u00e4 ja ihmisen tarkistama.<\/p>\n<p class=\"article-body mb-nof-24 px-nof-16 sndp-summary-bullet-point-font\">Koripalloseura Partizan Belgrad on ajautunut sis\u00e4iseen kaaokseen, kun legendaarinen p\u00e4\u00e4valmentaja Zeljko Obradovic erosi teht\u00e4v\u00e4st\u00e4\u00e4n joulukuun alussa.<\/p>\n<p class=\"article-body mb-nof-24 px-nof-16 sndp-summary-bullet-point-font\">Obradovic on voittanut urallaan yhdeks\u00e4n Euroliigan mestaruutta.<\/p>\n<p class=\"article-body mb-nof-24 px-nof-16 sndp-summary-bullet-point-font\">Seuran urheilujohtaja Zoran Savic sai l\u00e4ht\u00f6passit ja apuvalmentaja Mirko Ocokoljic nimitettiin v\u00e4liaikaiseksi p\u00e4\u00e4valmentajaksi.<\/p>\n<p class=\"article-body mb-nof-24 px-nof-16 sndp-summary-bullet-point-font\">Suomalainen superlupaus Miikka Muurinen pelaa Partizanissa, joka kohtaa perjantaina paikallisottelussa Crvena zvezdan.<\/p>\n<p class=\"article-body mb-nof-24 px-nof-16\">Superlupaus <a class=\"article-personlink\" href=\"https:\/\/www.hs.fi\/haku\/?query=Miikka%20Muurisen\" rel=\"nofollow noopener\" target=\"_blank\">Miikka Muurisen<\/a> edustama Partizan Belgrad on ajautunut viime viikkoina sis\u00e4iseen kaaokseen.<\/p>\n<p class=\"article-body mb-nof-24 px-nof-16\">Muurinen joukkoineen kohtaa perjantaina tulikuumassa paikallisottelussa Crvena zvezdan eli Belgradin Punaisen t\u00e4hden. Partizan valmistautuu t\u00e4rke\u00e4\u00e4n otteluun v\u00e4liaikaisen p\u00e4\u00e4valmentajansa <a class=\"article-personlink\" href=\"https:\/\/www.hs.fi\/haku\/?query=Mirko%20Ocokoljicin\" rel=\"nofollow noopener\" target=\"_blank\">Mirko Ocokoljicin<\/a> johdolla.<\/p>\n<p class=\"article-body mb-nof-24 px-nof-16\">\u201dH\u00e4net v\u00e4rv\u00e4ttiin Belgradiin Monacosta. Mielenkiintoista n\u00e4hd\u00e4, miten homma l\u00e4htee k\u00e4yntiin. Ocokoljic ei ole minulle erityisen tuttu kaveri, mutta selv\u00e4\u00e4 on, ettei Partizanin tasoiseen organisaatioon v\u00e4rv\u00e4t\u00e4 osaamattomia henkil\u00f6it\u00e4, edes v\u00e4liaikaisesti\u201d, koripallovalmentaja ja -asiantuntija <a class=\"article-personlink\" href=\"https:\/\/www.hs.fi\/haku\/?query=Kristian%20Palotie\" rel=\"nofollow noopener\" target=\"_blank\">Kristian Palotie<\/a> valottaa.<\/p>\n<p class=\"article-body mb-nof-24 px-nof-16\">Partizanin sekamelska alkoi marraskuun viimeisell\u00e4 viikolla, kun joukkueen legendaarinen p\u00e4\u00e4valmentaja <a class=\"article-personlink\" href=\"https:\/\/www.hs.fi\/haku\/?query=Zeljko%20Obradovic\" rel=\"nofollow noopener\" target=\"_blank\">Zeljko Obradovic<\/a> ilmoitti eroavansa teht\u00e4v\u00e4st\u00e4\u00e4n.<\/p>\n<p class=\"article-body mb-nof-24 px-nof-16\">Partizan on aloittanut kautensa heikosti, mutta Obradovicin ilmoitus tuli seuralle silti yll\u00e4tyksen\u00e4.<\/p>\n<p class=\"article-body mb-nof-24 px-nof-16\">Partizanin johtoporras ilmoitti hylk\u00e4\u00e4v\u00e4ns\u00e4 Obradovicin eroanomuksen ja ilmoitti tekev\u00e4ns\u00e4 kaikkensa, jotta Obradovic jatkaisi joukkueen p\u00e4\u00e4valmentajana.<\/p>\n<p class=\"article-body mb-nof-24 px-nof-16\">My\u00f6s tuhannet joukkueen kannattajat kokoontuivat marraskuun lopussa Belgradin lentokent\u00e4lle osoittaakseen tukensa Obradovicille.<\/p>\n<p class=\"article-body mb-nof-24 px-nof-16\">Urallaan per\u00e4ti yhdeks\u00e4n kertaa Euroliigan voittaneen valmentajakonkarin mieli ei kuitenkaan muuttunut. Joulukuun alussa apuvalmentaja Ocokoljic nimettiin seuran v\u00e4liaikaiseksi p\u00e4\u00e4valmentajaksi. Samassa ryt\u00e4k\u00e4ss\u00e4 seuran urheilujohtaja <a class=\"article-personlink\" href=\"https:\/\/www.hs.fi\/haku\/?query=Zoran%20Savic\" rel=\"nofollow noopener\" target=\"_blank\">Zoran Savic<\/a> sai l\u00e4ht\u00f6passit ja h\u00e4nen tilalleen nimettiin <a class=\"article-personlink\" href=\"https:\/\/www.hs.fi\/haku\/?query=Zarko%20Paspalj\" rel=\"nofollow noopener\" target=\"_blank\">Zarko Paspalj<\/a>.<\/p>\n<p class=\"article-body mb-nof-24 px-nof-16\">\u201dUrheilujohtajan irtisanomisesta j\u00e4i v\u00e4h\u00e4n se maku, ett\u00e4 seura yritti tehd\u00e4 kaikkensa, jotta Obradovic j\u00e4isi. Kun sek\u00e4\u00e4n ei auttanut, seuran pomot ehk\u00e4 l\u00f6ysiv\u00e4t itsens\u00e4 tilanteesta, johon he eiv\u00e4t kuvitelleet p\u00e4\u00e4tyv\u00e4ns\u00e4. Balkanin lajikulttuuriin kuuluu, ett\u00e4 muutoksia tehd\u00e4\u00e4n usein nopeasti, mutta ei t\u00e4llainen kriisi ole tavallista\u201d, Palotie analysoi.<\/p>\n<p class=\"article-body mb-nof-24 px-nof-16\">Partizanin vuonna 1992 Euroliigan mestaruuteen luotsannut Obradovic oli seuran fanaattisten kannattajien rakastama p\u00e4\u00e4valmentaja.<\/p>\n<p class=\"article-body mb-nof-24 px-nof-16\">Partizan voitti viime viikolla ensimm\u00e4isen Euroliigan ottelunsa ilman Obradovicia, mutta kannattajat palkitsivat joukkueen silti buuauksilla.<\/p>\n<p class=\"article-body mb-nof-24 px-nof-16\">\u201dKannattajat ovat niin lojaaleja Obradovicille.\u201d<\/p>\n<p><img decoding=\"async\" src=\"https:\/\/www.europesays.com\/fi\/wp-content\/uploads\/2025\/12\/1765296070_284_468.jpg\" alt=\"Zeljko Obradovic hyv\u00e4steli Partizanin marras-joulukuun vaihteessa.\" class=\"_Img_1rerz_1\" style=\"aspect-ratio:1.5372297838270617\" loading=\"eager\"\/><\/p>\n<p class=\"article-picture-caption\">Zeljko Obradovic hyv\u00e4steli Partizanin marras-joulukuun vaihteessa. Kuva:\u00a0PETE ANDREOU<\/p>\n<p class=\"article-body mb-nof-24 px-nof-16\">Palotie ei l\u00e4hde povaamaan, miten muutokset vaikuttavat Muurisen tilanteeseen joukkueen sis\u00e4ll\u00e4.<\/p>\n<p class=\"article-body mb-nof-24 px-nof-16\">\u201dSiihen tarvitaan minua parempi ennustaja. Lopputulos riippuu niin paljon uuden p\u00e4\u00e4valmentajan p\u00e4\u00e4t\u00f6ksist\u00e4. Sekin vaikuttaa, hankkiiko Partizan uusia pelaajia. Tuolla tasolla pelillisi\u00e4 kriisej\u00e4 yritet\u00e4\u00e4n usein ratkaista tuomalla uusia miehi\u00e4 sis\u00e4\u00e4n.\u201d<\/p>\n<p class=\"article-body mb-nof-24 px-nof-16\">Palotien mukaan on haastavaa arvioida sit\u00e4k\u00e4\u00e4n, kuka Partizanin uusi vakituinen p\u00e4\u00e4valmentaja tulee olemaan. Euroliigassa on t\u00e4ll\u00e4 hetkell\u00e4 k\u00e4ynniss\u00e4 poikkeuksellinen valmentajakaruselli.<\/p>\n<p class=\"article-body mb-nof-24 px-nof-16\">\u201d<a class=\"article-personlink\" href=\"https:\/\/www.hs.fi\/haku\/?query=Ettore%20Messina\" rel=\"nofollow noopener\" target=\"_blank\">Ettore Messina<\/a> l\u00e4hti juuri Milanosta, Efes antoi potkut <a class=\"article-personlink\" href=\"https:\/\/www.hs.fi\/haku\/?query=Igor%20Kokoskoville\" rel=\"nofollow noopener\" target=\"_blank\">Igor Kokoskoville<\/a> ja Barcelona toi marraskuussa sis\u00e4\u00e4n <a class=\"article-personlink\" href=\"https:\/\/www.hs.fi\/haku\/?query=Xavi%20Pascualin\" rel=\"nofollow noopener\" target=\"_blank\">Xavi Pascualin<\/a>. T\u00e4ll\u00e4 hetkell\u00e4 huipputasolla on paljon liikkuvia palasia, mutta kyll\u00e4 Partizanin tasoiseen pestiin aina hyvi\u00e4 ehdokkaita l\u00f6ytyy.\u201d<\/p>\n","protected":false},"excerpt":{"rendered":"Koripallo|Partizan Belgrad pelaa nyt v\u00e4liaikaisen valmentajan opein. Lue tiivistelm\u00e4 Tiivistelm\u00e4 on teko\u00e4lyn tekem\u00e4 ja ihmisen tarkistama. Koripalloseura Partizan&hellip;\n","protected":false},"author":2,"featured_media":111895,"comment_status":"","ping_status":"","sticky":false,"template":"","format":"standard","meta":{"footnotes":""},"categories":[158],"tags":[33,31,30,46,159,32,160],"class_list":{"0":"post-111894","1":"post","2":"type-post","3":"status-publish","4":"format-standard","5":"has-post-thumbnail","7":"category-urheilu","8":"tag-fi","9":"tag-finland","10":"tag-finnish","11":"tag-helsingin-sanomat","12":"tag-sports","13":"tag-suomi","14":"tag-urheilu"},"share_on_mastodon":{"url":"https:\/\/pubeurope.com\/@fi\/115690450831369337","error":""},"_links":{"self":[{"href":"https:\/\/www.europesays.com\/fi\/wp-json\/wp\/v2\/posts\/111894","targetHints":{"allow":["GET"]}}],"collection":[{"href":"https:\/\/www.europesays.com\/fi\/wp-json\/wp\/v2\/posts"}],"about":[{"href":"https:\/\/www.europesays.com\/fi\/wp-json\/wp\/v2\/types\/post"}],"author":[{"embeddable":true,"href":"https:\/\/www.europesays.com\/fi\/wp-json\/wp\/v2\/users\/2"}],"replies":[{"embeddable":true,"href":"https:\/\/www.europesays.com\/fi\/wp-json\/wp\/v2\/comments?post=111894"}],"version-history":[{"count":0,"href":"https:\/\/www.europesays.com\/fi\/wp-json\/wp\/v2\/posts\/111894\/revisions"}],"wp:featuredmedia":[{"embeddable":true,"href":"https:\/\/www.europesays.com\/fi\/wp-json\/wp\/v2\/media\/111895"}],"wp:attachment":[{"href":"https:\/\/www.europesays.com\/fi\/wp-json\/wp\/v2\/media?parent=111894"}],"wp:term":[{"taxonomy":"category","embeddable":true,"href":"https:\/\/www.europesays.com\/fi\/wp-json\/wp\/v2\/categories?post=111894"},{"taxonomy":"post_tag","embeddable":true,"href":"https:\/\/www.europesays.com\/fi\/wp-json\/wp\/v2\/tags?post=111894"}],"curies":[{"name":"wp","href":"https:\/\/api.w.org\/{rel}","templated":true}]}}