{"id":111896,"date":"2025-12-09T16:02:09","date_gmt":"2025-12-09T16:02:09","guid":{"rendered":"https:\/\/www.europesays.com\/fi\/111896\/"},"modified":"2025-12-09T16:02:09","modified_gmt":"2025-12-09T16:02:09","slug":"purra-banderollista-tyly-seuraus-a-ryhma-heitettiin-pihalle","status":"publish","type":"post","link":"https:\/\/www.europesays.com\/fi\/111896\/","title":{"rendered":"Purra-banderollista tyly seuraus \u2013 A-ryhm\u00e4 heitettiin pihalle"},"content":{"rendered":"<p>Ryhm\u00e4n mukaan syyn\u00e4 oli erityisesti Riikka Purraa (ps) vastaan suunnattu banderolli.<\/p>\n<p><img decoding=\"async\" class=\"image image-show image-preview\" src=\"https:\/\/www.europesays.com\/fi\/wp-content\/uploads\/2025\/12\/1b000a3c81f7831ecdbbf30ca9de238d426600c01aed31924590020205a1ae3f.jpg\" alt=\"\"\/><img decoding=\"async\" class=\"image image-show\" src=\"https:\/\/www.europesays.com\/fi\/wp-content\/uploads\/2025\/12\/1765296129_640_1b000a3c81f7831ecdbbf30ca9de238d426600c01aed31924590020205a1ae3f.jpg\" alt=\"\"\/><\/p>\n<p>Kuvituskuva Helsinki ilman natseja -mielenosoituksesta 6.12.2025. A-ryhm\u00e4 mainosti tapahtumaa ja uutisoi siit\u00e4 n\u00e4ytt\u00e4v\u00e4sti Instagram-tilill\u00e4\u00e4n. Timur Yilmaz<\/p>\n<p class=\"paragraph\">Vuodesta 2006 l\u00e4htien Helsingiss\u00e4 toiminut anarkistinen ja antiautorit\u00e4\u00e4rinen toimintaryhm\u00e4 A-ryhm\u00e4 kertoo <a href=\"https:\/\/www.instagram.com\/p\/DSCZsRNDHCh\/?hl=fi&amp;img_index=1\" target=\"_blank\" rel=\"noopener nofollow\">Instagramissa<\/a>, ett\u00e4 Helsingin yliopiston ylioppilaskunnan (HYY) talousjohtokunta p\u00e4\u00e4tti 21.11.2025 poistaa eli erottaa A-ryhm\u00e4n HYY:n piirist\u00e4.<\/p>\n<p class=\"paragraph\">\u2013 Syyn\u00e4 p\u00e4\u00e4t\u00f6kseen oli A-ryhm\u00e4n Instagram-tilill\u00e4 viikonloppuna 25.\u201326.10 julkaistu kuva Haista vittu <strong>Riikka Purra<\/strong> -banderollista, A-ryhm\u00e4n Instagram-sivulla todetaan.<\/p>\n<p class=\"paragraph\"><a href=\"https:\/\/www.instagram.com\/p\/DQR7-hRDItM\/?hl=fi\" target=\"_blank\" rel=\"noopener nofollow\">Banderollissa<\/a> luki: \u201dTunkekaa leikkaukset perseeseenne. Haista vittu Riikka Purra. Ja persut, kokkareet, kansanmurhakoodeet &amp; svenska fitteripartiet\u201d.<\/p>\n<p class=\"paragraph\">Kuva oli sijoitettu Kirkkonummella samalle asuinalueelle, jossa valtiovarainministeri Purra (ps) asuu.<\/p>\n<p class=\"paragraph\">A-ryhm\u00e4 kertoo tehneens\u00e4 p\u00e4\u00e4t\u00f6ksest\u00e4 oikaisupyynn\u00f6n HYY:n hallitukselle ja ett\u00e4 hallitus k\u00e4sittelee asiaa mahdollisesti jo t\u00e4m\u00e4n viikon keskiviikon aamukoulussaan.<\/p>\n<p class=\"paragraph\">\u2013 On my\u00f6s mahdollista, ett\u00e4 HYY:n edustajisto ottaa asian k\u00e4sitelt\u00e4v\u00e4kseen hallituksen ohi, t\u00e4ll\u00f6in asiaa k\u00e4sitell\u00e4\u00e4n torstaina 11.12. tai tammikuussa.<\/p>\n<p class=\"paragraph\">A-ryhm\u00e4 kertoo nyt tarvitsevan \u201dtukeasi\u201d.<\/p>\n<p><script async src=\"\/\/www.instagram.com\/embed.js\"><\/script><\/p>\n","protected":false},"excerpt":{"rendered":"Ryhm\u00e4n mukaan syyn\u00e4 oli erityisesti Riikka Purraa (ps) vastaan suunnattu banderolli. Kuvituskuva Helsinki ilman natseja -mielenosoituksesta 6.12.2025. A-ryhm\u00e4&hellip;\n","protected":false},"author":2,"featured_media":111897,"comment_status":"","ping_status":"","sticky":false,"template":"","format":"standard","meta":{"footnotes":""},"categories":[130],"tags":[35,137,33,31,30,96,637,886,885,887,32,109],"class_list":{"0":"post-111896","1":"post","2":"type-post","3":"status-publish","4":"format-standard","5":"has-post-thumbnail","7":"category-viihde","8":"tag-24h","9":"tag-entertainment","10":"tag-fi","11":"tag-finland","12":"tag-finnish","13":"tag-koulutus","14":"tag-politiikka","15":"tag-puolueet","16":"tag-suomen-poliittiset-puolueet","17":"tag-suomen-politiikka","18":"tag-suomi","19":"tag-viihde"},"share_on_mastodon":{"url":"https:\/\/pubeurope.com\/@fi\/115690454735370619","error":""},"_links":{"self":[{"href":"https:\/\/www.europesays.com\/fi\/wp-json\/wp\/v2\/posts\/111896","targetHints":{"allow":["GET"]}}],"collection":[{"href":"https:\/\/www.europesays.com\/fi\/wp-json\/wp\/v2\/posts"}],"about":[{"href":"https:\/\/www.europesays.com\/fi\/wp-json\/wp\/v2\/types\/post"}],"author":[{"embeddable":true,"href":"https:\/\/www.europesays.com\/fi\/wp-json\/wp\/v2\/users\/2"}],"replies":[{"embeddable":true,"href":"https:\/\/www.europesays.com\/fi\/wp-json\/wp\/v2\/comments?post=111896"}],"version-history":[{"count":0,"href":"https:\/\/www.europesays.com\/fi\/wp-json\/wp\/v2\/posts\/111896\/revisions"}],"wp:featuredmedia":[{"embeddable":true,"href":"https:\/\/www.europesays.com\/fi\/wp-json\/wp\/v2\/media\/111897"}],"wp:attachment":[{"href":"https:\/\/www.europesays.com\/fi\/wp-json\/wp\/v2\/media?parent=111896"}],"wp:term":[{"taxonomy":"category","embeddable":true,"href":"https:\/\/www.europesays.com\/fi\/wp-json\/wp\/v2\/categories?post=111896"},{"taxonomy":"post_tag","embeddable":true,"href":"https:\/\/www.europesays.com\/fi\/wp-json\/wp\/v2\/tags?post=111896"}],"curies":[{"name":"wp","href":"https:\/\/api.w.org\/{rel}","templated":true}]}}