{"id":111902,"date":"2025-12-09T16:07:09","date_gmt":"2025-12-09T16:07:09","guid":{"rendered":"https:\/\/www.europesays.com\/fi\/111902\/"},"modified":"2025-12-09T16:07:09","modified_gmt":"2025-12-09T16:07:09","slug":"elina-valtonen-lausui-usan-televisiossa-jotain-kyseenalaista","status":"publish","type":"post","link":"https:\/\/www.europesays.com\/fi\/111902\/","title":{"rendered":"Elina Valtonen lausui USA:n televisiossa jotain kyseenalaista"},"content":{"rendered":"<p>Ulkoministeri Valtosen v\u00e4ite Ven\u00e4j\u00e4n naapurimaista osoittautui virheelliseksi.<\/p>\n<p><img decoding=\"async\" class=\"image image-show image-preview\" src=\"https:\/\/www.europesays.com\/fi\/wp-content\/uploads\/2025\/12\/9b600bd50171bc3af750bbf04ccfbe48a5c7dc03a6ca4dae5acbe3e8894177a4.jpg\" alt=\"\"\/><img decoding=\"async\" class=\"image image-show\" src=\"https:\/\/www.europesays.com\/fi\/wp-content\/uploads\/2025\/12\/1765296429_103_9b600bd50171bc3af750bbf04ccfbe48a5c7dc03a6ca4dae5acbe3e8894177a4.jpg\" alt=\"\"\/><\/p>\n<p>Elina Valtonen vieraili Yhdysvalloissa. ANTHONY ANEX<\/p>\n<p class=\"paragraph\">Suomen ulkoministeri <a href=\"https:\/\/www.iltalehti.fi\/henkilot\/Elina Valtonen\" class=\"article-link-person-page\" rel=\"nofollow noopener\" target=\"_blank\">Elina Valtonen<\/a> (kok) vierailee New Yorkissa, jossa h\u00e4n muun muassa piti puheenvuoron YK:n turvallisuusneuvostolle Etyjin puheenjohtajan ominaisuudessa.<\/p>\n<p class=\"paragraph\">Lis\u00e4ksi Valtonen tapasi yhdysvaltalaisia liike-el\u00e4m\u00e4n edustajia ja antoi haastattelun CBS News -uutiskanavalle.<\/p>\n<p class=\"paragraph\">Haastattelussa Valtonen puhui Ven\u00e4j\u00e4n maailmanrauhalle muodostamasta uhasta.<\/p>\n<p class=\"paragraph\">Valtonen sanoi, ettei yksik\u00e4\u00e4n Ven\u00e4j\u00e4n naapurimaa ole sataan vuoteen hy\u00f6k\u00e4nnyt Ven\u00e4j\u00e4\u00e4 vastaan, mutta Ven\u00e4j\u00e4 sen sijaan on hy\u00f6k\u00e4nnyt 19 naapurimaahansa.<\/p>\n<p class=\"paragraph\">Valtosen <a href=\"https:\/\/x.com\/elinavaltonen\/status\/1998026889420779706\" target=\"_blank\" rel=\"noopener nofollow\">viestipalvelu X:ss\u00e4<\/a> jakama klippi haastattelusta on saanut tylyn vastaanoton. Viesti\u00e4 jakaneet ihmettelev\u00e4t, onko kyseess\u00e4 parodiatili ja eik\u00f6 Suomen ulkoministeri ole kuullut <a href=\"https:\/\/www.iltalehti.fi\/henkilot\/Adolf Hitler\" class=\"article-link-person-page\" rel=\"nofollow noopener\" target=\"_blank\">Hitlerin<\/a> operaatio Barbarossasta ja 27 miljoonasta surmansa saaneesta neuvostosiviilist\u00e4.<\/p>\n<p class=\"paragraph\">My\u00f6s yksi Ven\u00e4j\u00e4n tunnetuimmista propagandisteista, RT-kanavan p\u00e4\u00e4toimittaja <a href=\"https:\/\/www.iltalehti.fi\/henkilot\/Margarita Simonyan\" class=\"article-link-person-page\" rel=\"nofollow noopener\" target=\"_blank\">Margarita Simonjan<\/a>, kiinnitti huomiota Valtosen v\u00e4itteeseen.<\/p>\n<p class=\"paragraph\">Simonjan muistuttaa viestipalvelu X:ss\u00e4, ett\u00e4 Suomi hy\u00f6kk\u00e4si Hitlerin rinnalla Neuvostoliittoon.<\/p>\n<p class=\"paragraph\">\u2013 On syyt\u00e4 tarkastella suomalaisten psyyken erityispiirteit\u00e4, jotka saavat heid\u00e4t pakonomaisesti muistuttamaan meit\u00e4 siit\u00e4, ett\u00e4 he taistelivat Hitlerin rinnalla ja todellakin hy\u00f6kk\u00e4siv\u00e4t Neuvostoliittoon, Simonjan kirjoittaa.<\/p>\n<p>Ep\u00e4tosi v\u00e4ite<\/p>\n<p class=\"paragraph\">Valtosen v\u00e4ite on ep\u00e4tosi v\u00e4hint\u00e4\u00e4n silt\u00e4 osin, ett\u00e4 Ven\u00e4j\u00e4n tai sen edelt\u00e4j\u00e4valtio Neuvostoliiton rajanaapurit ovat todellisuudessa hy\u00f6k\u00e4nneet maahan viimeisen sadan vuoden aikana.<\/p>\n<p class=\"paragraph\">Vuodesta 1925 asti n\u00e4in on tapahtunut useita kertoja. Vuonna 1938 Japani hy\u00f6kk\u00e4si Neuvostoliiton rajan yli Mant\u0161urian alueella ja teki seuraavana vuonna uuden valtausyrityksen.<\/p>\n<p class=\"paragraph\">Toisessa maailmansodassa Suomi hy\u00f6kk\u00e4si natsi-Saksan rinnalla Neuvostoliittoon vuonna 1941.<\/p>\n<p class=\"paragraph\">My\u00f6s Kiina on hy\u00f6k\u00e4nnyt Neuvostoliittoon kahdesti vuoden 1969 aikana maiden ajauduttua ensin v\u00e4lirikkoon.<\/p>\n<p class=\"paragraph\">Valtosen v\u00e4ite Ven\u00e4j\u00e4n hy\u00f6kk\u00e4yksest\u00e4 19 naapurimaahansa on my\u00f6s ep\u00e4tarkka ja vaatisi k\u00e4sitteiden tarkempaa m\u00e4\u00e4rittely\u00e4.<\/p>\n<p class=\"paragraph\">Iltalehti ei tavoittanut Elina Valtosta kommentoimaan lausuntoaan.<\/p>\n","protected":false},"excerpt":{"rendered":"Ulkoministeri Valtosen v\u00e4ite Ven\u00e4j\u00e4n naapurimaista osoittautui virheelliseksi. Elina Valtonen vieraili Yhdysvalloissa. ANTHONY ANEX Suomen ulkoministeri Elina Valtonen (kok)&hellip;\n","protected":false},"author":2,"featured_media":111903,"comment_status":"","ping_status":"","sticky":false,"template":"","format":"standard","meta":{"footnotes":""},"categories":[12],"tags":[35,22,23,26,27,33,31,30,17,24,25,28,29,1171,15,18,21,142,637,144,805,32,19,20,16],"class_list":{"0":"post-111902","1":"post","2":"type-post","3":"status-publish","4":"format-standard","5":"has-post-thumbnail","7":"category-suomi","8":"tag-24h","9":"tag-breaking-news","10":"tag-breakingnews","11":"tag-featured-news","12":"tag-featurednews","13":"tag-fi","14":"tag-finland","15":"tag-finnish","16":"tag-headlines","17":"tag-latest-news","18":"tag-latestnews","19":"tag-main-news","20":"tag-mainnews","21":"tag-neuvostoliitto","22":"tag-news","23":"tag-otsikot","24":"tag-paauutiset","25":"tag-poliitikot","26":"tag-politiikka","27":"tag-presidentti","28":"tag-sota","29":"tag-suomi","30":"tag-top-stories","31":"tag-topstories","32":"tag-uutiset"},"share_on_mastodon":{"url":"https:\/\/pubeurope.com\/@fi\/115690474509362446","error":""},"_links":{"self":[{"href":"https:\/\/www.europesays.com\/fi\/wp-json\/wp\/v2\/posts\/111902","targetHints":{"allow":["GET"]}}],"collection":[{"href":"https:\/\/www.europesays.com\/fi\/wp-json\/wp\/v2\/posts"}],"about":[{"href":"https:\/\/www.europesays.com\/fi\/wp-json\/wp\/v2\/types\/post"}],"author":[{"embeddable":true,"href":"https:\/\/www.europesays.com\/fi\/wp-json\/wp\/v2\/users\/2"}],"replies":[{"embeddable":true,"href":"https:\/\/www.europesays.com\/fi\/wp-json\/wp\/v2\/comments?post=111902"}],"version-history":[{"count":0,"href":"https:\/\/www.europesays.com\/fi\/wp-json\/wp\/v2\/posts\/111902\/revisions"}],"wp:featuredmedia":[{"embeddable":true,"href":"https:\/\/www.europesays.com\/fi\/wp-json\/wp\/v2\/media\/111903"}],"wp:attachment":[{"href":"https:\/\/www.europesays.com\/fi\/wp-json\/wp\/v2\/media?parent=111902"}],"wp:term":[{"taxonomy":"category","embeddable":true,"href":"https:\/\/www.europesays.com\/fi\/wp-json\/wp\/v2\/categories?post=111902"},{"taxonomy":"post_tag","embeddable":true,"href":"https:\/\/www.europesays.com\/fi\/wp-json\/wp\/v2\/tags?post=111902"}],"curies":[{"name":"wp","href":"https:\/\/api.w.org\/{rel}","templated":true}]}}