{"id":111910,"date":"2025-12-09T16:27:09","date_gmt":"2025-12-09T16:27:09","guid":{"rendered":"https:\/\/www.europesays.com\/fi\/111910\/"},"modified":"2025-12-09T16:27:09","modified_gmt":"2025-12-09T16:27:09","slug":"milanon-olympia-areena-jaan-kunto-puhuttaa-jukka-pekka-vuorinen-kommentoi","status":"publish","type":"post","link":"https:\/\/www.europesays.com\/fi\/111910\/","title":{"rendered":"Milanon olympia-areena: j\u00e4\u00e4n kunto puhuttaa \u2013 Jukka-Pekka Vuorinen kommentoi"},"content":{"rendered":"<p>J\u00e4\u00e4kiekon olympia-areenan on t\u00e4ll\u00e4 tietoa m\u00e4\u00e4r\u00e4 olla valmis vain kolme p\u00e4iv\u00e4\u00e4 ennen olympiaturnauksen alkua. Edellisten Italian-olympialaisten rakennust\u00f6it\u00e4 l\u00e4helt\u00e4 seurannut Jukka-Pekka Vuorinen kertoo n\u00e4kemyksens\u00e4 tilanteesta.<\/p>\n<p class=\"article-body mb-nof-24 px-nof-16\">Helmikuun Milanon olympialaisten j\u00e4\u00e4kiekkoareenoiden ymp\u00e4rill\u00e4 kuohuu kovaa.<\/p>\n<p class=\"article-body mb-nof-24 px-nof-16\">T\u00e4ll\u00e4 viikolla kansainv\u00e4liselt\u00e4 j\u00e4\u00e4kiekkoliitolta tuli vahvistus, ett\u00e4 p\u00e4\u00e4areenan kaukalosta on tehty noin metrin lyhyempi kuin NHL:n olettamasta, sarjan standardien mukaisesta (60,96&#215;25,91) kaukalosta.<\/p>\n<p class=\"article-body mb-nof-24 px-nof-16\">Vaikka metrin heitto sinne t\u00e4nne ei kuulosta suurelta, kaukalon pinta-alassa se kuitenkin tarkoittaa l\u00e4hes 20 neli\u00f6metrin pienenemist\u00e4.<\/p>\n<p class=\"article-body mb-nof-24 px-nof-16\">Kaukalon eksakti koko ei kuitenkaan ole nyt ongelmista suurin. Sen my\u00f6s NHL varakomissaarinsa <a class=\"article-personlink\" href=\"https:\/\/www.is.fi\/haku\/?query=Bill%20Dalyn\" rel=\"nofollow noopener\" target=\"_blank\">Bill Dalyn<\/a> suulla maanantaina ilmoitti.<\/p>\n<p class=\"article-body mb-nof-24 px-nof-16\">Suurempi ongelma on, ett\u00e4 koko Santa Giulia -areena on viel\u00e4 kaksi kuukautta ennen kisoja pahasti keskener\u00e4inen.<\/p>\n<p class=\"article-body mb-nof-24 px-nof-16\">Nyt suurimmaksi huolenaiheeksi on noussut areenan j\u00e4\u00e4n laatu.<\/p>\n<p class=\"article-body mb-nof-24 px-nof-16\">\u2013 Jos j\u00e4\u00e4 on pelikelvoton, j\u00e4\u00e4 on pelikelvoton. On selv\u00e4\u00e4, ett\u00e4 jos pelaajat kokevat j\u00e4\u00e4n vaaralliseksi, he eiv\u00e4t aio pelata. Niin yksinkertaista se on, Daly paalutti <a class=\"article-genericlink\" href=\"https:\/\/www.sportsnet.ca\/nhl\/article\/daly-optimistic-olympic-arena-will-be-completed-on-time-to-league-standard\/\" rel=\"nofollow noopener\" target=\"_blank\">Sportsnetin <\/a>haastattelussa maanantaina viitaten NHL-pelaajiin, jotka palaavat olympiaj\u00e4\u00e4lle 12 vuoden tauon j\u00e4lkeen.<\/p>\n<p><img decoding=\"async\" src=\"https:\/\/www.europesays.com\/fi\/wp-content\/uploads\/2025\/12\/1765297628_329_468.jpg\" alt=\"Kuva Santa Giuliua -areenasta t\u00e4m\u00e4n vuoden hein\u00e4kuulta. Olympiakiekon p\u00e4\u00e4n\u00e4ytt\u00e4m\u00f6n lehtereille on m\u00e4\u00e4r\u00e4 mahtua 16\u202f000 katsojaa.\" class=\"_Img_1rerz_1\" style=\"aspect-ratio:1.5\" loading=\"eager\"\/><\/p>\n<p class=\"article-picture-caption\">Kuva Santa Giuliua -areenasta t\u00e4m\u00e4n vuoden hein\u00e4kuulta. Olympiakiekon p\u00e4\u00e4n\u00e4ytt\u00e4m\u00f6n lehtereille on m\u00e4\u00e4r\u00e4 mahtua 16\u202f000 katsojaa. Kuva:\u00a0REUTERS\/Daniele Mascolo<\/p>\n<p><img decoding=\"async\" src=\"https:\/\/www.europesays.com\/fi\/wp-content\/uploads\/2025\/12\/1765297628_992_468.jpg\" alt=\"Muun muassa Kanadan NHL-supert\u00e4hdet saapuvat Milanoon helmikuussa. Kuva viime talven 4 Nations -turnauksesta.\" class=\"_Img_1rerz_1\" style=\"aspect-ratio:1.3882863340563991\" loading=\"eager\"\/><\/p>\n<p class=\"article-picture-caption\">Muun muassa Kanadan NHL-supert\u00e4hdet saapuvat Milanoon helmikuussa. Kuva viime talven 4 Nations -turnauksesta. Kuva:\u00a0Christinne Muschi \/ ZUMA<\/p>\n<p class=\"article-body mb-nof-24 px-nof-16\">16\u202f000 katsojaa vet\u00e4v\u00e4ss\u00e4 areenassa on m\u00e4\u00e4r\u00e4 pelata olympialaisten aikaan parhaimmillaan kolme ottelua p\u00e4iv\u00e4ss\u00e4 ja aamuharjoitukset p\u00e4\u00e4lle.<\/p>\n<p class=\"article-body mb-nof-24 px-nof-16\">Osa miesten ja suurin osa naisten olympiaj\u00e4\u00e4kiekon otteluista on tarkoitus pelata Milanon toisessa kisahallissa, joka rakennetaan messukeskukseen.<\/p>\n<p class=\"article-body mb-nof-24 px-nof-16\">Kakkoshallissa, Milano Rho -areenassa, on tarkoitus pelata testitapahtuma joulukuun puoliv\u00e4liss\u00e4.<\/p>\n<p class=\"article-body mb-nof-24 px-nof-16\">Alun perin kyseinen testitapahtuma oli tarkoitus j\u00e4rjest\u00e4\u00e4 p\u00e4\u00e4hallissa, mutta rakennust\u00f6iden viiv\u00e4stymisen takia se jouduttiin perumaan.<\/p>\n<p class=\"article-body mb-nof-24 px-nof-16\">\u2013 Testitapahtumien j\u00e4rjest\u00e4minen my\u00f6s p\u00e4\u00e4areenassa olisi aivan oleellisen t\u00e4rke\u00e4\u00e4, sanoo <a class=\"article-personlink\" href=\"https:\/\/www.is.fi\/haku\/?query=Jukka-Pekka%20Vuorinen\" rel=\"nofollow noopener\" target=\"_blank\">Jukka-Pekka Vuorinen<\/a>.<\/p>\n<p><img decoding=\"async\" src=\"https:\/\/www.europesays.com\/fi\/wp-content\/uploads\/2025\/12\/1765297628_504_468.jpg\" alt=\"Viime viikolla 1. joulukuuta otettu kuva Milanon Santa Giulia -areenasta, jonka on m\u00e4\u00e4r\u00e4 toimia helmikuussa olympiaj\u00e4\u00e4kiekon p\u00e4\u00e4n\u00e4ytt\u00e4m\u00f6n\u00e4.\" class=\"_Img_1rerz_1\" style=\"aspect-ratio:1.5011727912431587\" loading=\"eager\"\/><\/p>\n<p class=\"article-picture-caption\">Viime viikolla 1. joulukuuta otettu kuva Milanon Santa Giulia -areenasta, jonka on m\u00e4\u00e4r\u00e4 toimia helmikuussa olympiaj\u00e4\u00e4kiekon p\u00e4\u00e4n\u00e4ytt\u00e4m\u00f6n\u00e4. Kuva:\u00a0 REUTERS\/Claudia Greco<\/p>\n<p class=\"article-body mb-nof-24 px-nof-16\">Marraskuussa J\u00e4\u00e4kiekkoleijonaksi numero 286 aateloitu Vuorinen tiet\u00e4\u00e4 hyvin, mist\u00e4 puhuu.<\/p>\n<p class=\"article-body mb-nof-24 px-nof-16\">Kun Italiassa edellisen kerran j\u00e4rjestettiin talviolympialaiset Torinossa vuonna 2006, Vuorinen ty\u00f6skenteli olympiaorganisaatiossa j\u00e4\u00e4kiekon lajip\u00e4\u00e4llikk\u00f6n\u00e4 ja oli my\u00f6s tiiviisti konsultoimassa rakennust\u00f6it\u00e4.<\/p>\n<p class=\"article-body mb-nof-24 px-nof-16\">My\u00f6s tuolloin hommat meniv\u00e4t aivan viime tippaan. Milloin rakennusty\u00f6mailta l\u00f6ytyi toisen maailmansodan aikainen pommi, milloin italialaiset rakennusmiehet meniv\u00e4t lakkoon.<\/p>\n<p class=\"article-body mb-nof-24 px-nof-16\">\u2013 Kun italialaiset sitten totesivat, ett\u00e4 t\u00e4st\u00e4 on tulossa katastrofi, sitten alettiin kyll\u00e4 painaa y\u00f6t\u00e4 p\u00e4iv\u00e4\u00e4, kolmen vuoden ajan ennen kisoja Italiassa asunut Vuorinen muistelee.<\/p>\n<p class=\"article-body mb-nof-24 px-nof-16\">\u2013 Kun oli kisojen ensimm\u00e4inen pelip\u00e4iv\u00e4, aamulla viel\u00e4 lakaistiin rakennusp\u00f6ly\u00e4 ja sementtij\u00e4\u00e4mi\u00e4 k\u00e4yt\u00e4vilt\u00e4. Komeat sermit eteen, niin yleis\u00f6lle saatiin ihan siisti vaikutelma.<\/p>\n<p class=\"article-body mb-nof-24 px-nof-16\">Vuorinen muistaa, ett\u00e4 niin ik\u00e4\u00e4n messuhalliin rakennetussa Torinon kisojen kakkoshallissa testitapahtumassa selvisi, ett\u00e4 j\u00e4\u00e4dytyslaitteisto on riitt\u00e4m\u00e4t\u00f6n.<\/p>\n<p><img decoding=\"async\" src=\"https:\/\/www.europesays.com\/fi\/wp-content\/uploads\/2025\/12\/1765297628_808_320.jpg\" alt=\"Jukka-Pekka Vuorinen arkistokuvassa.\" class=\"_Img_1rerz_1\" style=\"aspect-ratio:0.6666666666666666\" loading=\"eager\"\/><\/p>\n<p class=\"article-picture-caption\">Jukka-Pekka Vuorinen arkistokuvassa. Kuva:\u00a0Pekka Sakki<\/p>\n<p class=\"article-body mb-nof-24 px-nof-16\">\u2013 Tilanne oli se, ett\u00e4 3\u20134 kuukautta ennen kisoja totesimme, ett\u00e4 kaikki j\u00e4\u00e4ntekolaitteet on pantava uusiksi. Eiv\u00e4t ne olisi kest\u00e4neet kolmen pelin ja useampien harjoitusten p\u00e4ivi\u00e4.<\/p>\n<p class=\"article-body mb-nof-24 px-nof-16\">NHL:n puhemiehen Dalyn mukaan olympiahallien rakennust\u00f6iden on m\u00e4\u00e4r\u00e4 olla valmiita 2. helmikuuta menness\u00e4. Eli vain kolme p\u00e4iv\u00e4\u00e4 ennen naisten olympiaturnauksen alkua.<\/p>\n<p class=\"article-body mb-nof-24 px-nof-16\">P\u00e4\u00e4areenan testiturnaustapahtuma on tarkoitus j\u00e4rjest\u00e4\u00e4 9.\u201311. tammikuuta.<\/p>\n<p class=\"article-body mb-nof-24 px-nof-16\">Jos esimerkiksi j\u00e4\u00e4dytyslaitteistoista ilmenee tuolloin puutteita, olympialaisten j\u00e4\u00e4katastrofi uhkaa muuttui todeksi, koska aika on siin\u00e4 vaiheessa jo todella v\u00e4hiss\u00e4.<\/p>\n<p class=\"article-body mb-nof-24 px-nof-16\">\u2013 Toivottavasti siell\u00e4 on varauduttu riitt\u00e4v\u00e4ll\u00e4 kapasiteetilla, Vuorinen sanoo.<\/p>\n<p class=\"article-body mb-nof-24 px-nof-16\">\u2013 Koska sit\u00e4 ei arvaakaan, kuinka kovaksi l\u00e4mp\u00f6kuorma muodostuu, kun pelataan useampi peli p\u00e4iv\u00e4ss\u00e4, televisiokamerat ovat ns. maksimissaan ja halli t\u00e4ynn\u00e4 ihmisi\u00e4.<\/p>\n<p class=\"article-body mb-nof-24 px-nof-16\">J\u00e4\u00e4n kest\u00e4vyytt\u00e4 ei pysty t\u00e4ysin testaamaan tyhj\u00e4ss\u00e4 hallissa.<\/p>\n<p class=\"article-body mb-nof-24 px-nof-16\">Vuorinen kertoo, ett\u00e4 vuoden 2006 Torinon kisojen p\u00e4\u00e4areenasta l\u00f6ytyi viime metreill\u00e4 kaikenlaista muutakin korjailtavaa.<\/p>\n<p class=\"article-body mb-nof-24 px-nof-16\">\u2013 Esimerkiksi kun ruvettiin katsomaan, miten zambonin saa j\u00e4\u00e4lle, k\u00e4vi ilmi, ettei se edes mahtunut sinne. Katsomot oli rakennettu niin tiiviisti. Osa katsomosta jouduttiin sitten poistamaan.<\/p>\n<p><img decoding=\"async\" src=\"https:\/\/www.europesays.com\/fi\/wp-content\/uploads\/2025\/12\/1765297629_904_468.jpg\" alt=\"Kuva Milanon areenasta hein\u00e4kuulta.\" class=\"_Img_1rerz_1\" style=\"aspect-ratio:1.5\" loading=\"eager\"\/><\/p>\n<p class=\"article-picture-caption\">Kuva Milanon areenasta hein\u00e4kuulta. Kuva:\u00a0REUTERS\/Daniele Mascolo<\/p>\n<p class=\"article-body mb-nof-24 px-nof-16\">Milanon kiekkofasiliteettien rakennush\u00e4ss\u00e4kk\u00e4 ei ole varsinaisesti loksauttanut Vuorisen leukaa.<\/p>\n<p class=\"article-body mb-nof-24 px-nof-16\">\u2013 Ei yll\u00e4t\u00e4, Vuorinen hym\u00e4ht\u00e4\u00e4.<\/p>\n<p class=\"article-body mb-nof-24 px-nof-16\">H\u00e4n arvelee, ett\u00e4 vanha sanonta, mik\u00e4\u00e4n ei toimi, mutta kaikki j\u00e4rjestyy, p\u00e4tee italialaisten hankkeisiin.<\/p>\n<p class=\"article-body mb-nof-24 px-nof-16\">\u2013 Kulttuuri on sellainen, ett\u00e4 jos ei tarvitse t\u00e4n\u00e4\u00e4n aloittaa, niin pohditaan viel\u00e4 ja aloitetaan vasta huomenna.<\/p>\n<p class=\"article-body mb-nof-24 px-nof-16\">\u2013 Mutta t\u00e4ytyy vain luottaa omaankin kokemukseen, ett\u00e4 kyll\u00e4 ne sen sitten tekev\u00e4t valmiiksi. Tai valmis ja valmis on suhteellinen k\u00e4site, mutta sanotaan kisakuntoon, Vuorinen lis\u00e4\u00e4.<\/p>\n<p><img decoding=\"async\" src=\"https:\/\/www.europesays.com\/fi\/wp-content\/uploads\/2025\/12\/1765297629_798_468.jpg\" alt=\"Urallaan mm. J\u00e4\u00e4kiekkoliiton ja SM-liigan toimitusjohtajana ty\u00f6skennellyt ja nyky\u00e4\u00e4n NHL:n Central Scoutingin Euroopan-toimistoa johtava Jukka-Pekka Vuorinen (6. vas.) oli yksi marraskuussa J\u00e4\u00e4kiekkoleijoniksi aateloiduista.\" class=\"_Img_1rerz_1\" style=\"aspect-ratio:1.5763546798029557\" loading=\"eager\"\/><\/p>\n<p class=\"article-picture-caption\">Urallaan mm. J\u00e4\u00e4kiekkoliiton ja SM-liigan toimitusjohtajana ty\u00f6skennellyt ja nyky\u00e4\u00e4n NHL:n Central Scoutingin Euroopan-toimistoa johtava Jukka-Pekka Vuorinen (6. vas.) oli yksi marraskuussa J\u00e4\u00e4kiekkoleijoniksi aateloiduista. Kuva:\u00a0Jussi Eskola<\/p>\n","protected":false},"excerpt":{"rendered":"J\u00e4\u00e4kiekon olympia-areenan on t\u00e4ll\u00e4 tietoa m\u00e4\u00e4r\u00e4 olla valmis vain kolme p\u00e4iv\u00e4\u00e4 ennen olympiaturnauksen alkua. Edellisten Italian-olympialaisten rakennust\u00f6it\u00e4 l\u00e4helt\u00e4&hellip;\n","protected":false},"author":2,"featured_media":111911,"comment_status":"","ping_status":"","sticky":false,"template":"","format":"standard","meta":{"footnotes":""},"categories":[158],"tags":[33,31,30,34,159,32,160],"class_list":{"0":"post-111910","1":"post","2":"type-post","3":"status-publish","4":"format-standard","5":"has-post-thumbnail","7":"category-urheilu","8":"tag-fi","9":"tag-finland","10":"tag-finnish","11":"tag-ilta-sanomat","12":"tag-sports","13":"tag-suomi","14":"tag-urheilu"},"share_on_mastodon":{"url":"https:\/\/pubeurope.com\/@fi\/115690553319880196","error":""},"_links":{"self":[{"href":"https:\/\/www.europesays.com\/fi\/wp-json\/wp\/v2\/posts\/111910","targetHints":{"allow":["GET"]}}],"collection":[{"href":"https:\/\/www.europesays.com\/fi\/wp-json\/wp\/v2\/posts"}],"about":[{"href":"https:\/\/www.europesays.com\/fi\/wp-json\/wp\/v2\/types\/post"}],"author":[{"embeddable":true,"href":"https:\/\/www.europesays.com\/fi\/wp-json\/wp\/v2\/users\/2"}],"replies":[{"embeddable":true,"href":"https:\/\/www.europesays.com\/fi\/wp-json\/wp\/v2\/comments?post=111910"}],"version-history":[{"count":0,"href":"https:\/\/www.europesays.com\/fi\/wp-json\/wp\/v2\/posts\/111910\/revisions"}],"wp:featuredmedia":[{"embeddable":true,"href":"https:\/\/www.europesays.com\/fi\/wp-json\/wp\/v2\/media\/111911"}],"wp:attachment":[{"href":"https:\/\/www.europesays.com\/fi\/wp-json\/wp\/v2\/media?parent=111910"}],"wp:term":[{"taxonomy":"category","embeddable":true,"href":"https:\/\/www.europesays.com\/fi\/wp-json\/wp\/v2\/categories?post=111910"},{"taxonomy":"post_tag","embeddable":true,"href":"https:\/\/www.europesays.com\/fi\/wp-json\/wp\/v2\/tags?post=111910"}],"curies":[{"name":"wp","href":"https:\/\/api.w.org\/{rel}","templated":true}]}}