{"id":111916,"date":"2025-12-09T16:32:07","date_gmt":"2025-12-09T16:32:07","guid":{"rendered":"https:\/\/www.europesays.com\/fi\/111916\/"},"modified":"2025-12-09T16:32:07","modified_gmt":"2025-12-09T16:32:07","slug":"usan-tuki-ukrainalle-voi-vahentya-rajusti","status":"publish","type":"post","link":"https:\/\/www.europesays.com\/fi\/111916\/","title":{"rendered":"USA:n tuki Ukrainalle voi v\u00e4henty\u00e4 rajusti"},"content":{"rendered":"<p class=\"ai-optimize-6 ai-optimize-introduction\">Yhdysvaltain kongressin sunnuntaina julkistama puolustusbudjettilaki merkitsisi sellaisenaan l\u00e4pi menness\u00e4\u00e4n merkitt\u00e4v\u00e4\u00e4 muutosta Ukrainan suoraan sotilaalliseen tukeen.<\/p>\n<p class=\"ai-optimize-7\">Asiasta <a href=\"https:\/\/www.twz.com\/news-features\/shift-in-ukraine-support-in-congresss-proposed-pentagon-budget\" target=\"_blank\" rel=\"noopener nofollow\">t\u00e4ss\u00e4<\/a> kertovan\u00a0War Zonen\u00a0mukaan Ukraina saisi jatkossa vain murto-osan siit\u00e4 suorasta tuesta, mit\u00e4 sille annettiin viel\u00e4 edellisen presidentti\u00a0<strong>Joe Bidenin\u00a0<\/strong>hallinnon aikana.<\/p>\n<p class=\"ai-optimize-9\">Esityksen on saatava viel\u00e4 sek\u00e4 edustajainhuoneen ett\u00e4 senaatin hyv\u00e4ksynt\u00e4.<\/p>\n<p class=\"ai-optimize-10\">Yhdysvaltain presidentti <strong>Donald<\/strong> <strong>Trumpin<\/strong> hallinto julkaisi viime viikolla runsaasti keskustelua her\u00e4tt\u00e4neen kansallisen turvallisuuden strategian. Sit\u00e4 on arvosteltu ristiriitaiseksi. Strategiassa maalataan kuva Euroopasta et\u00e4isyytt\u00e4 ottavasta Yhdysvalloista, joka hakee Ven\u00e4j\u00e4-suhteen nollausta.<\/p>\n<p class=\"ai-optimize-11\">Uudessa esityksess\u00e4 jyvitet\u00e4\u00e4n 400 miljoonaa dollaria Ukrainan USAI-ohjelmaan vuosille 2026 ja 2027. K\u00e4yt\u00e4nn\u00f6ss\u00e4 kyse on varoista, joilla Ukraina voi tehd\u00e4 hankintoja amerikkalaisilta puolustusalan yhti\u00f6ilt\u00e4.\u00a0 Aiemmin rahaa on k\u00e4ytetty esimerkiksi ampumatarvikkeiden hankintoihin. Bidenin hallinnon aikana USAI-ohjelmaan pantiin kaikkiaan l\u00e4hes 33 miljardia dollaria.<\/p>\n<p class=\"ai-optimize-12\">Donald Trumpin hallinto lanseerasi aiemmin t\u00e4n\u00e4 vuonna ohjelman, jossa Yhdysvallat myy aseita Ukrainaa tukeville Nato-maille, jotka voivat sitten lahjoittaa niit\u00e4 puolustajalle. Tavoitteena on ollut saada Eurooppa maksamaan viel\u00e4 nykyist\u00e4kin enemm\u00e4n Ukrainan tukemisesta.<\/p>\n<p class=\"ai-optimize-13\">Joe Bidenin hallinto k\u00e4ytti my\u00f6s runsaasti presidentin p\u00e4\u00e4t\u00f6svallassa olevaa mahdollisuutta l\u00e4hett\u00e4\u00e4 Ukrainalle aseita ja kalustoa suoraan Yhdysvaltain asevoimien varastoista ja korvata materiaalin kustannukset. Bidenin aikana t\u00e4h\u00e4nkin satsattiin noin 33 miljardia dollaria.<\/p>\n<p class=\"ai-optimize-14\">Trumpin hallinto ei ole k\u00e4ytt\u00e4nyt PDA:ta viel\u00e4 lainkaan Ukrainan tukemiseen.<\/p>\n","protected":false},"excerpt":{"rendered":"Yhdysvaltain kongressin sunnuntaina julkistama puolustusbudjettilaki merkitsisi sellaisenaan l\u00e4pi menness\u00e4\u00e4n merkitt\u00e4v\u00e4\u00e4 muutosta Ukrainan suoraan sotilaalliseen tukeen. Asiasta t\u00e4ss\u00e4 kertovan\u00a0War&hellip;\n","protected":false},"author":2,"featured_media":111917,"comment_status":"","ping_status":"","sticky":false,"template":"","format":"standard","meta":{"footnotes":""},"categories":[14],"tags":[22,23,585,26,27,33,31,30,17,24,25,28,29,15,18,21,32,19,20,986,56,16,987,59,60,61],"class_list":{"0":"post-111916","1":"post","2":"type-post","3":"status-publish","4":"format-standard","5":"has-post-thumbnail","7":"category-ulkomaat","8":"tag-breaking-news","9":"tag-breakingnews","10":"tag-donald-trump","11":"tag-featured-news","12":"tag-featurednews","13":"tag-fi","14":"tag-finland","15":"tag-finnish","16":"tag-headlines","17":"tag-latest-news","18":"tag-latestnews","19":"tag-main-news","20":"tag-mainnews","21":"tag-news","22":"tag-otsikot","23":"tag-paauutiset","24":"tag-suomi","25":"tag-top-stories","26":"tag-topstories","27":"tag-ukrainan-neuvottelut","28":"tag-ulkomaat","29":"tag-uutiset","30":"tag-venajan-hyokkays","31":"tag-world","32":"tag-world-news","33":"tag-worldnews"},"share_on_mastodon":{"url":"https:\/\/pubeurope.com\/@fi\/115690572777244314","error":""},"_links":{"self":[{"href":"https:\/\/www.europesays.com\/fi\/wp-json\/wp\/v2\/posts\/111916","targetHints":{"allow":["GET"]}}],"collection":[{"href":"https:\/\/www.europesays.com\/fi\/wp-json\/wp\/v2\/posts"}],"about":[{"href":"https:\/\/www.europesays.com\/fi\/wp-json\/wp\/v2\/types\/post"}],"author":[{"embeddable":true,"href":"https:\/\/www.europesays.com\/fi\/wp-json\/wp\/v2\/users\/2"}],"replies":[{"embeddable":true,"href":"https:\/\/www.europesays.com\/fi\/wp-json\/wp\/v2\/comments?post=111916"}],"version-history":[{"count":0,"href":"https:\/\/www.europesays.com\/fi\/wp-json\/wp\/v2\/posts\/111916\/revisions"}],"wp:featuredmedia":[{"embeddable":true,"href":"https:\/\/www.europesays.com\/fi\/wp-json\/wp\/v2\/media\/111917"}],"wp:attachment":[{"href":"https:\/\/www.europesays.com\/fi\/wp-json\/wp\/v2\/media?parent=111916"}],"wp:term":[{"taxonomy":"category","embeddable":true,"href":"https:\/\/www.europesays.com\/fi\/wp-json\/wp\/v2\/categories?post=111916"},{"taxonomy":"post_tag","embeddable":true,"href":"https:\/\/www.europesays.com\/fi\/wp-json\/wp\/v2\/tags?post=111916"}],"curies":[{"name":"wp","href":"https:\/\/api.w.org\/{rel}","templated":true}]}}