{"id":111918,"date":"2025-12-09T16:33:09","date_gmt":"2025-12-09T16:33:09","guid":{"rendered":"https:\/\/www.europesays.com\/fi\/111918\/"},"modified":"2025-12-09T16:33:09","modified_gmt":"2025-12-09T16:33:09","slug":"veljekset-varastivat-4-000-euron-arvoisen-wc-ponton-lahdessa","status":"publish","type":"post","link":"https:\/\/www.europesays.com\/fi\/111918\/","title":{"rendered":"Veljekset varastivat 4\u202f000 euron arvoisen WC-p\u00f6nt\u00f6n Lahdessa"},"content":{"rendered":"<p>Veljesten juonima 4\u202f\u00a0000 euron arvoisen vessanpytyn varastaminen rautakaupasta onnistui, mutta jatkosuunnitelma petti pahasti.<\/p>\n<p>Lue tiivistelm\u00e4<\/p>\n<p>Tiivistelm\u00e4 on teko\u00e4lyn tekem\u00e4 ja ihmisen tarkistama.<\/p>\n<p class=\"article-body mb-nof-24 px-nof-16 sndp-summary-bullet-point-font\">P\u00e4ij\u00e4t-H\u00e4meen k\u00e4r\u00e4j\u00e4oikeus tuomitsi kaksi veljest\u00e4 nelj\u00e4n kuukauden ehdolliseen vankeuteen 4 000 euron arvoisen WC-pytyn varastamisesta lahtelaisesta K-Raudasta.<\/p>\n<p class=\"article-body mb-nof-24 px-nof-16 sndp-summary-bullet-point-font\">Vanhempi veli vaihtoi pytyn halvemman tuotteen laatikkoon ja maksoi kassalla vain 169 euroa, mutta kaupan myyj\u00e4t huomasivat tempun ja l\u00f6ysiv\u00e4t pytyn myyntiin Tori.fi:ss\u00e4.<\/p>\n<p class=\"article-body mb-nof-24 px-nof-16 sndp-summary-bullet-point-font\">Rautakaupan myym\u00e4l\u00e4p\u00e4\u00e4llikk\u00f6 tekeytyi ostajaksi ja tapasi pytty\u00e4 myyneen pikkuveljen poliisin kanssa Renkom\u00e4en ABC:ll\u00e4, jolloin pytty saatiin takaisin.<\/p>\n<p class=\"article-body mb-nof-24 px-nof-16\">Vuosikymmenten takaisessa <a class=\"article-personlink\" href=\"https:\/\/www.is.fi\/haku\/?query=Speden\" rel=\"nofollow noopener\" target=\"_blank\">Speden <\/a>rautakauppasketsiss\u00e4 alan myyj\u00e4 kuvataan tiskin takana unia vetelev\u00e4ksi v\u00e4tykseksi.<\/p>\n<p class=\"article-body mb-nof-24 px-nof-16\">Sketsi ei vastaa totuutta. T\u00e4st\u00e4 todisteeksi k\u00e4yv\u00e4t lahtelaisen Holman K-Raudan myyj\u00e4t, jotka olivat hereill\u00e4, kun kauppaan ilmestyi viime vuoden helmikuussa hermostuneen oloinen mies.<\/p>\n<p class=\"article-body mb-nof-24 px-nof-16\">Miehell\u00e4 oli koronaepidemian aikana tutuksi tullut musta maski kasvoillaan, vaikkei epidemia juuri silloin en\u00e4\u00e4 riehunutkaan.<\/p>\n<p><img decoding=\"async\" src=\"https:\/\/www.europesays.com\/fi\/wp-content\/uploads\/2025\/12\/1765297988_972_468.jpg\" alt=\"Valvontakamera tallensi, kun isoveli asioi rautakaupassa musta maski kasvoillaan.\" class=\"_Img_1rerz_1\" style=\"aspect-ratio:0.75\" loading=\"eager\"\/><\/p>\n<p class=\"article-picture-caption\">Valvontakamera tallensi, kun isoveli asioi rautakaupassa musta maski kasvoillaan.<\/p>\n<p class=\"article-body mb-nof-24 px-nof-16\">Asiakas oli tullut kauppaan harmaalla Mercedes-Benzin pakettiautolla. Auton h\u00e4n oli pys\u00e4k\u00f6inyt hieman syrj\u00e4iseen paikkaan.<\/p>\n<p class=\"article-body mb-nof-24 px-nof-16\">Asiakas liikkui varastohyllyjen v\u00e4liss\u00e4 vikkel\u00e4sti ja p\u00e4\u00e4si kurkottamalla yl\u00e4hyllylle pyttypakettiin k\u00e4siksi.<\/p>\n<p class=\"article-body mb-nof-24 px-nof-16\">J\u00e4lkeenp\u00e4in selvisi, ett\u00e4 mies pujahti paikkaan, jota varaston valvontakamera ei kuvannut. H\u00e4n vaihtoi pytyn halvemman tuotteen pahvilaatikkoon. Laatikossa oli ollut 169 maksava Cello-tuoli.<\/p>\n<p class=\"article-body mb-nof-24 px-nof-16\">Kassalla mies maksoi 169 euron tuotteen, jonka hinta ei vastannut likimainkaan paketin sis\u00e4lt\u00e4m\u00e4\u00e4 4\u202f000 euron pytyn arvoa. Mies kuitenkin p\u00e4\u00e4si l\u00e4htem\u00e4\u00e4n ja vei paketin autoonsa.<\/p>\n<p class=\"article-body mb-nof-24 px-nof-16\">Asiakkaan hermostunut k\u00e4yt\u00f6s j\u00e4i kaivelemaan rautakaupan ty\u00f6ntekij\u00f6it\u00e4. Melko pian yksi kaupan myyjist\u00e4 tajusi, mit\u00e4 oli tapahtunut, kun varastosta l\u00f6ytyi tyhj\u00e4 pahvilaatikko ja kaksi irrallista Cello-tuolia.<\/p>\n<p class=\"article-body mb-nof-24 px-nof-16\">Kului vain puolisen tuntia, kun kaupan myyj\u00e4 huomasi, ett\u00e4 juuri vastaavanlaista vessanpytty\u00e4 myytiin kauppapaikka Tori.fi:ss\u00e4.<\/p>\n<p><img decoding=\"async\" src=\"https:\/\/www.europesays.com\/fi\/wp-content\/uploads\/2025\/12\/1765297988_740_468.jpg\" alt=\"Varas kurkottaa pyttypakettiin.\" class=\"_Img_1rerz_1\" style=\"aspect-ratio:1.5\" loading=\"eager\"\/><\/p>\n<p class=\"article-picture-caption\">Varas kurkottaa pyttypakettiin.<\/p>\n<p class=\"article-body mb-nof-24 px-nof-16\">Pyttyvarkaus oli veljeskaksikon punoma juoni. Veljeksist\u00e4 vanhempi, noin 45-vuotias mies hoiti fyysisen ty\u00f6n ja oli asiakkaana rautakaupassa. Kolmekymppinen pikkuveli puolestaan hoiti Cinderella-pytyn myynti\u00e4 eteenp\u00e4in.<\/p>\n<p class=\"article-body mb-nof-24 px-nof-16\">Veljesten virhe numero yksi: He liikkuivat aina samalla autolla. Se oli n\u00e4hty eri puolilla Suomea aina samaan aikaan, kun K-Raudoista ja Bauhauseista oli viety tavaraa. T\u00e4llaisia tapauksia oli kymmenen.<\/p>\n<p class=\"article-body mb-nof-24 px-nof-16\">Veljesten virhe numero kaksi: he aliarvioivat rautakauppiaat. Kaupan myyj\u00e4t ryhtyiv\u00e4t viestittelem\u00e4\u00e4n pytty\u00e4 Tori.fi:ss\u00e4 kaupitelleen pikkuveljen kanssa pytyn ostosta ja saivat h\u00e4nelt\u00e4 pytyn sarjanumeron. Se varmisti, ett\u00e4 kyse oli vain puoli tuntia aiemmin varastetusta tuotteesta.<\/p>\n<p class=\"article-body mb-nof-24 px-nof-16\">Pikkuveli selitti Tori.fi:ss\u00e4 pytty\u00e4 kaupitellessaan, ett\u00e4 se oli ostettu edellisen\u00e4 vuonna Bauhausista \u2013 se oli ilmiselv\u00e4 vale, sill\u00e4 Bauhaus ei kyseist\u00e4 tuotetta edes myy. Pikkuveli jatkoi tarinaa kertomalla, ett\u00e4 nelj\u00e4n tonnin pytyn omisti kuolinpes\u00e4 ja kun pytyn k\u00e4ytt\u00f6 oli tullut tarpeettomaksi, niin siit\u00e4 piti p\u00e4\u00e4st\u00e4 eroon.<\/p>\n<p class=\"article-body mb-nof-24 px-nof-16\">H\u00e4n kertoi, ett\u00e4 Bauhausin ostokuittikin pytyst\u00e4 oli viel\u00e4 olemassa.<\/p>\n<p><img decoding=\"async\" src=\"https:\/\/www.europesays.com\/fi\/wp-content\/uploads\/2025\/12\/1765297988_936_468.jpg\" alt=\"Varas vaihtoi pytyn halvemman tuotteen pahvilaatikkoon.\" class=\"_Img_1rerz_1\" style=\"aspect-ratio:0.75\" loading=\"eager\"\/><\/p>\n<p class=\"article-picture-caption\">Varas vaihtoi pytyn halvemman tuotteen pahvilaatikkoon. Kuva:\u00a0Poliisi<\/p>\n<p class=\"article-body mb-nof-24 px-nof-16\">Rautakaupan myym\u00e4l\u00e4p\u00e4\u00e4llikk\u00f6 tekeytyi ostajaksi l\u00f6i tapaamisen lukkoon. Nelj\u00e4 poliisimiest\u00e4 l\u00e4hti myym\u00e4l\u00e4p\u00e4\u00e4llik\u00f6n seuraksi, kun vessanpytty\u00e4 kaupitellut pikkuveli tavattiin sovittuna kellonly\u00f6m\u00e4n\u00e4 Renkom\u00e4en ABC:ll\u00e4.<\/p>\n<p class=\"article-body mb-nof-24 px-nof-16\">Pyttykauppaa junaillut pikkuveli tuli t\u00e4ysin yll\u00e4tetyksi. Pytty saatiin hyv\u00e4ss\u00e4 kunnossa ja k\u00e4ytt\u00e4m\u00e4tt\u00f6m\u00e4n takaisin ja se palautettiin paikalleen rautakaupan hyllyyn.<\/p>\n<p class=\"article-body mb-nof-24 px-nof-16\">H\u00e4meen poliisin esitutkinnassa veljekset olivat tiet\u00e4m\u00e4tt\u00f6mi\u00e4 arvokkaan pytyn varastamisesta. He kiistiv\u00e4t syyllisyytens\u00e4 varkauteen ja pytyn k\u00e4tkemiseen.<\/p>\n<p class=\"article-body mb-nof-24 px-nof-16\">Esitutkinnassa kaksikko oli hyvin lyhytsanainen ja pysyi p\u00e4\u00e4osin \u201den kommentoi\u201d -linjalla.<\/p>\n<p class=\"article-body mb-nof-24 px-nof-16\">Kaupassa asioineesta vanhemmasta veljest\u00e4 oli hyv\u00e4 valvontakameran kuva. H\u00e4n ei kuitenkaan tunnistanut itse\u00e4\u00e4n kuvasta, kun sit\u00e4 h\u00e4nelle esitettiin. H\u00e4nen mielest\u00e4\u00e4n kuva oli ep\u00e4selv\u00e4.<\/p>\n<p class=\"article-body mb-nof-24 px-nof-16\">\u2013 Ei n\u00e4yt\u00e4 tutulta, h\u00e4n totesi.<\/p>\n<p><img decoding=\"async\" src=\"https:\/\/www.europesays.com\/fi\/wp-content\/uploads\/2025\/12\/1765297989_35_468.jpg\" alt=\"Sama auto oli n\u00e4hty muuallakin.\" class=\"_Img_1rerz_1\" style=\"aspect-ratio:1.5\" loading=\"eager\"\/><\/p>\n<p class=\"article-picture-caption\">Sama auto oli n\u00e4hty muuallakin.<\/p>\n<p class=\"article-body mb-nof-24 px-nof-16\">Veljesten k\u00e4ytt\u00e4m\u00e4 auto ei ollut heid\u00e4n nimiss\u00e4\u00e4n, mutta auton omistaja kertoi, ett\u00e4 toisen kanssa oli kaupoista keskusteltu ja auto oli jo t\u00e4m\u00e4n k\u00e4yt\u00f6ss\u00e4.<\/p>\n<p class=\"article-body mb-nof-24 px-nof-16\">P\u00e4ij\u00e4t-H\u00e4meen k\u00e4r\u00e4j\u00e4oikeus tuomitsi veljekset viime perjantaina. Kummankin tuomioksi tuli nelj\u00e4 kuukautta ehdollista vankeutta.<\/p>\n<p class=\"article-body mb-nof-24 px-nof-16\">Kuljetusteht\u00e4v\u00e4\u00e4 ja kaupassa asiointia hoitanut isoveli tuomittiin varkaudesta. Tuomion mukaan h\u00e4net oli tunnistettavissa valvontakameran kuvasta.<\/p>\n<p class=\"article-body mb-nof-24 px-nof-16\">P\u00f6nt\u00f6n myynnist\u00e4 vastannut pikkuveli sai tuomion k\u00e4tkemisrikoksesta.<\/p>\n<p class=\"article-body mb-nof-24 px-nof-16\">Veljekset tuomittiin syytt\u00e4j\u00e4n vaatimusten mukaisesti. Heid\u00e4n on maksettava 80 euron rikosuhrimaksu.<\/p>\n<p class=\"article-body mb-nof-24 px-nof-16\">Kummallakin tuomitulla oli oikeusavustaja. Noin 3\u00a0500 euron oikeudenk\u00e4yntikulut maksaa veronmaksaja.<\/p>\n","protected":false},"excerpt":{"rendered":"Veljesten juonima 4\u202f\u00a0000 euron arvoisen vessanpytyn varastaminen rautakaupasta onnistui, mutta jatkosuunnitelma petti pahasti. Lue tiivistelm\u00e4 Tiivistelm\u00e4 on teko\u00e4lyn&hellip;\n","protected":false},"author":2,"featured_media":111919,"comment_status":"","ping_status":"","sticky":false,"template":"","format":"standard","meta":{"footnotes":""},"categories":[12],"tags":[22,23,26,27,33,31,30,17,34,24,25,28,29,15,18,21,32,19,20,16],"class_list":{"0":"post-111918","1":"post","2":"type-post","3":"status-publish","4":"format-standard","5":"has-post-thumbnail","7":"category-suomi","8":"tag-breaking-news","9":"tag-breakingnews","10":"tag-featured-news","11":"tag-featurednews","12":"tag-fi","13":"tag-finland","14":"tag-finnish","15":"tag-headlines","16":"tag-ilta-sanomat","17":"tag-latest-news","18":"tag-latestnews","19":"tag-main-news","20":"tag-mainnews","21":"tag-news","22":"tag-otsikot","23":"tag-paauutiset","24":"tag-suomi","25":"tag-top-stories","26":"tag-topstories","27":"tag-uutiset"},"share_on_mastodon":{"url":"https:\/\/pubeurope.com\/@fi\/115690576862495182","error":""},"_links":{"self":[{"href":"https:\/\/www.europesays.com\/fi\/wp-json\/wp\/v2\/posts\/111918","targetHints":{"allow":["GET"]}}],"collection":[{"href":"https:\/\/www.europesays.com\/fi\/wp-json\/wp\/v2\/posts"}],"about":[{"href":"https:\/\/www.europesays.com\/fi\/wp-json\/wp\/v2\/types\/post"}],"author":[{"embeddable":true,"href":"https:\/\/www.europesays.com\/fi\/wp-json\/wp\/v2\/users\/2"}],"replies":[{"embeddable":true,"href":"https:\/\/www.europesays.com\/fi\/wp-json\/wp\/v2\/comments?post=111918"}],"version-history":[{"count":0,"href":"https:\/\/www.europesays.com\/fi\/wp-json\/wp\/v2\/posts\/111918\/revisions"}],"wp:featuredmedia":[{"embeddable":true,"href":"https:\/\/www.europesays.com\/fi\/wp-json\/wp\/v2\/media\/111919"}],"wp:attachment":[{"href":"https:\/\/www.europesays.com\/fi\/wp-json\/wp\/v2\/media?parent=111918"}],"wp:term":[{"taxonomy":"category","embeddable":true,"href":"https:\/\/www.europesays.com\/fi\/wp-json\/wp\/v2\/categories?post=111918"},{"taxonomy":"post_tag","embeddable":true,"href":"https:\/\/www.europesays.com\/fi\/wp-json\/wp\/v2\/tags?post=111918"}],"curies":[{"name":"wp","href":"https:\/\/api.w.org\/{rel}","templated":true}]}}