{"id":111921,"date":"2025-12-09T16:44:09","date_gmt":"2025-12-09T16:44:09","guid":{"rendered":"https:\/\/www.europesays.com\/fi\/111921\/"},"modified":"2025-12-09T16:44:09","modified_gmt":"2025-12-09T16:44:09","slug":"tuleva-amazfit-active-max-alykello-suurella-naytolla-ja-akulla-paljastui-tarkoissa-tuotekuvissa","status":"publish","type":"post","link":"https:\/\/www.europesays.com\/fi\/111921\/","title":{"rendered":"Tuleva Amazfit Active Max -\u00e4lykello suurella n\u00e4yt\u00f6ll\u00e4 ja akulla paljastui tarkoissa tuotekuvissa"},"content":{"rendered":"<p><a href=\"https:\/\/www.europesays.com\/fi\/wp-content\/uploads\/2025\/12\/amazfit_active_max_pre_1.jpg\" data-lightbox=\"image\"><img fetchpriority=\"high\" decoding=\"async\" aria-describedby=\"caption-attachment-270162\" class=\"size-full wp-image-270162\" src=\"data:image\/svg+xml,%3Csvg%20xmlns=\" http:=\"\" alt=\"Amazfit Active Max. Kuva: Roland Quandt \/ Bluesky.\" width=\"900\" height=\"900\" data-lazy- data-lazy- data-lazy-src=\"https:\/\/www.europesays.com\/fi\/wp-content\/uploads\/2025\/12\/amazfit_active_max_pre_1.jpg\"\/><\/a><\/p>\n<p id=\"caption-attachment-270162\" class=\"wp-caption-text\">Amazfit Active Max. Kuva: Roland Quandt \/ Bluesky.<\/p>\n<p>Amazfit-\u00e4lykellojen valikoima on t\u00e4ydentym\u00e4ss\u00e4 uudella Amazfit Active Max -mallilla, joka on nyt paljastunut jo tarkoissa tuotekuvissa.<\/p>\n<p><a href=\"https:\/\/bsky.app\/profile\/rquandt.bsky.social\/post\/3m7hqhhcba22a\" rel=\"nofollow noopener\" target=\"_blank\">Vuotaja Roland Quandt laittoi tarkat tuotekuvat Amazfit Active Maxista jakoon Bluesky-tilill\u00e4\u00e4n<\/a>.<\/p>\n<p>Amazfit Active Max tarjoaa sporttisen ulkon\u00e4\u00f6n sek\u00e4 1,5 tuuman py\u00f6re\u00e4n AMOLED-n\u00e4yt\u00f6n 480\u00d7480 pikselin tarkkuudella. N\u00e4yt\u00f6n ymp\u00e4rill\u00e4 keh\u00e4\u00e4 koristavat tunti- ja sekuntiviivat.<\/p>\n<p style=\"width: 98%; text-align: center; font-size:13px; border-bottom: 1px solid #C8C8C8; line-height: 0.1em; margin: 8px 1% 16px 1%;\">MAINOS (ARTIKKELI JATKUU ALLA)<\/p>\n<p>Amazfit Active Maxin akun kapasiteetti on per\u00e4ti 576 milliampeerituntia, mink\u00e4 pit\u00e4isi mahdollistaa vakuuttava akunkesto.<\/p>\n<p>Vertailun vuoksi Amazfit Active 2:ssa on 1,32 tuuman n\u00e4ytt\u00f6 ja 270 milliampeeritunnin akku.<\/p>\n<p>Muita ominaisuuksia Amazfit Active Maxissa ovat 4 gigatavun tallennusmuisti, Bluetooth 5.3 -yhteys, NFC-l\u00e4hiyhteys sek\u00e4 GPS-paikannus. Vedenkest\u00e4v\u00e4 kello on 5ATM-luokituksen mukaisesti jopa 50 metrin syvyyteen asti.<\/p>\n<p style=\"width: 98%; text-align: center; font-size:13px; border-bottom: 1px solid #C8C8C8; line-height: 0.1em; margin: 8px 1% 16px 1%;\">MAINOS (ARTIKKELI JATKUU ALLA)<\/p>\n<p>Kellon hinnaksi Euroopassa vuotaja mainitsee 169,90 euroa.<\/p>\n<p>Amazfit-br\u00e4ndin takana oleva Zepp Health julkistanee uuden \u00e4lykellon jo l\u00e4hiaikoina, mutta tarkka ajankohta on viel\u00e4 h\u00e4m\u00e4r\u00e4n peitossa.<\/p>\n<p><a href=\"https:\/\/www.europesays.com\/fi\/wp-content\/uploads\/2025\/12\/amazfit_active_max_pre_2.jpg\" data-lightbox=\"image\"><img loading=\"lazy\" decoding=\"async\" aria-describedby=\"caption-attachment-270163\" class=\"size-full wp-image-270163\" src=\"data:image\/svg+xml,%3Csvg%20xmlns=\" http:=\"\" alt=\"Amazfit Active Max. Kuva: Roland Quandt \/ Bluesky.\" width=\"900\" height=\"900\" data-lazy- data-lazy- data-lazy-src=\"https:\/\/www.europesays.com\/fi\/wp-content\/uploads\/2025\/12\/amazfit_active_max_pre_2.jpg\"\/><\/a><\/p>\n<p id=\"caption-attachment-270163\" class=\"wp-caption-text\">Amazfit Active Max. Kuva: Roland Quandt \/ Bluesky.<\/p>\n<p><a href=\"https:\/\/www.europesays.com\/fi\/wp-content\/uploads\/2025\/12\/amazfit_active_max_pre_3.jpg\" data-lightbox=\"image\"><img loading=\"lazy\" decoding=\"async\" aria-describedby=\"caption-attachment-270164\" class=\"size-full wp-image-270164\" src=\"data:image\/svg+xml,%3Csvg%20xmlns=\" http:=\"\" alt=\"Amazfit Active Max sivulta. Kuva: Roland Quandt \/ Bluesky.\" width=\"900\" height=\"900\" data-lazy- data-lazy- data-lazy-src=\"https:\/\/www.europesays.com\/fi\/wp-content\/uploads\/2025\/12\/amazfit_active_max_pre_3.jpg\"\/><\/a><\/p>\n<p id=\"caption-attachment-270164\" class=\"wp-caption-text\">Amazfit Active Max sivulta. Kuva: Roland Quandt \/ Bluesky.<\/p>\n<p>Mainos: <a href=\"https:\/\/hinta.fi\/?src=gPp6fX03\" target=\"_blank\" rel=\"nofollow noopener\">Noin 1 600 000 tuotteen hintavertailu ja hintaseuranta &#8211; katso Hinta.fist\u00e4 mist\u00e4 saat halvimmalla<\/a><\/p>\n","protected":false},"excerpt":{"rendered":"Amazfit Active Max. Kuva: Roland Quandt \/ Bluesky. Amazfit-\u00e4lykellojen valikoima on t\u00e4ydentym\u00e4ss\u00e4 uudella Amazfit Active Max -mallilla, joka&hellip;\n","protected":false},"author":2,"featured_media":111922,"comment_status":"","ping_status":"","sticky":false,"template":"","format":"standard","meta":{"footnotes":""},"categories":[86],"tags":[420,33,31,30,421,32,91,92],"class_list":{"0":"post-111921","1":"post","2":"type-post","3":"status-publish","4":"format-standard","5":"has-post-thumbnail","7":"category-laitteet","8":"tag-equipment","9":"tag-fi","10":"tag-finland","11":"tag-finnish","12":"tag-laitteet","13":"tag-suomi","14":"tag-technology","15":"tag-teknologia"},"share_on_mastodon":{"url":"https:\/\/pubeurope.com\/@fi\/115690619785392668","error":""},"_links":{"self":[{"href":"https:\/\/www.europesays.com\/fi\/wp-json\/wp\/v2\/posts\/111921","targetHints":{"allow":["GET"]}}],"collection":[{"href":"https:\/\/www.europesays.com\/fi\/wp-json\/wp\/v2\/posts"}],"about":[{"href":"https:\/\/www.europesays.com\/fi\/wp-json\/wp\/v2\/types\/post"}],"author":[{"embeddable":true,"href":"https:\/\/www.europesays.com\/fi\/wp-json\/wp\/v2\/users\/2"}],"replies":[{"embeddable":true,"href":"https:\/\/www.europesays.com\/fi\/wp-json\/wp\/v2\/comments?post=111921"}],"version-history":[{"count":0,"href":"https:\/\/www.europesays.com\/fi\/wp-json\/wp\/v2\/posts\/111921\/revisions"}],"wp:featuredmedia":[{"embeddable":true,"href":"https:\/\/www.europesays.com\/fi\/wp-json\/wp\/v2\/media\/111922"}],"wp:attachment":[{"href":"https:\/\/www.europesays.com\/fi\/wp-json\/wp\/v2\/media?parent=111921"}],"wp:term":[{"taxonomy":"category","embeddable":true,"href":"https:\/\/www.europesays.com\/fi\/wp-json\/wp\/v2\/categories?post=111921"},{"taxonomy":"post_tag","embeddable":true,"href":"https:\/\/www.europesays.com\/fi\/wp-json\/wp\/v2\/tags?post=111921"}],"curies":[{"name":"wp","href":"https:\/\/api.w.org\/{rel}","templated":true}]}}