{"id":111923,"date":"2025-12-09T16:46:10","date_gmt":"2025-12-09T16:46:10","guid":{"rendered":"https:\/\/www.europesays.com\/fi\/111923\/"},"modified":"2025-12-09T16:46:10","modified_gmt":"2025-12-09T16:46:10","slug":"kate-winslet-kritisoi-kauneusleikkauksia-ja-ozempic-laakkeen-kayttoa","status":"publish","type":"post","link":"https:\/\/www.europesays.com\/fi\/111923\/","title":{"rendered":"Kate Winslet kritisoi kauneusleikkauksia ja Ozempic-l\u00e4\u00e4kkeen k\u00e4ytt\u00f6\u00e4"},"content":{"rendered":"<p>            AOP\n        <\/p>\n<p class=\"subtitle \">Plastiikkakirurgin veitsest\u00e4 kaukana pysytellyt n\u00e4yttelij\u00e4 tuomitsee esteettisten hoitojen saavuttamat epidemiamittasuhteet.<\/p>\n<p class=\"article-content article-content-width !bg-background\">Titanic-t\u00e4hti , 50, lataa tylysti tuomionsa plastiikkakirurgialle ja t\u00e4yteaineille tuoreessa haastattelussa.\u00a0<\/p>\n<p class=\"font-weight-bold m-font-weight-bold article-content article-content-width !bg-background\">Arkistovideo: Emma Thompson tykk\u00e4\u00e4 karjalanpiirakoista<\/p>\n<p class=\"article-content article-content-width !bg-background\"><a href=\"https:\/\/www.thetimes.com\/culture\/film\/article\/kate-winslet-interview-avatar-goodbye-june-parents-5jhpc26wm\" target=\"_blank\" rel=\"nofollow noopener\">Kate kuvailee kauneudenmuokkausilmi\u00f6t\u00e4\u00a0The Timesille\u00a0pelottavaksi ja tuhoisaksi<\/a>.<\/p>\n<p class=\"article-content article-content-width !bg-background\">\u2013 Nuorilla naisilla ei ole en\u00e4\u00e4 k\u00e4sityst\u00e4 siit\u00e4, mit\u00e4 kauneus oikeasti on, Kate tykitt\u00e4\u00e4.<\/p>\n<p class=\"article-content article-content-width !bg-background\">Sanat ovat rohkeita maailmassa, jossa muiden ulkon\u00e4\u00f6st\u00e4 puhuminen on hyvin arka asia. Varsinkin, jos puheen kohteita vanhempi l\u00e4ksytt\u00e4\u00e4 nuorempiaan.<\/p>\n<p>57 miljoonan kaunotar<\/p>\n<p class=\"article-content article-content-width !bg-background\">Kate ei kuitenkaan pelk\u00e4\u00e4 puhua kauneusoperaatiosta, vaikka tekee sen varsin etuoikeutetusta asemasta. H\u00e4net tunnetaan kauniina ja menestyneen\u00e4, 57 miljoonan euron omaisuuden t\u00f6ist\u00e4\u00e4n saaneena.<\/p>\n<p>                <img decoding=\"async\" src=\"https:\/\/www.europesays.com\/fi\/wp-content\/uploads\/2025\/12\/2015400.webp\" width=\"576\" height=\"327\" alt=\"T\u00e4st\u00e4 Kate muistetaan. Vuoden 1997 megaleffa Titanic ylitti ensimm\u00e4isen\u00e4 miljardin dollarin lipputulot ja oli historian tuottoisin elokuva 12 vuoden ajan. Kate oli elokuvaa kuvatessaan 21-vuotias, ja t\u00e4ss\u00e4 kuvassa varmasti kymmenien kuvamuokkausten tuloksena.\" loading=\"lazy\" \/>            <\/p>\n<p>\n            T\u00e4st\u00e4 Kate muistetaan. Vuoden 1997 megaleffa Titanic ylitti ensimm\u00e4isen\u00e4 miljardin dollarin lipputulot ja oli historian tuottoisin elokuva 12 vuoden ajan. Kate oli elokuvaa kuvatessaan 21-vuotias, ja t\u00e4ss\u00e4 kuvassa varmasti kymmenien kuvamuokkausten tuloksena.<br \/>\n            Paramount Pictures, 20th Century Fox\n        <\/p>\n<p class=\"article-content article-content-width !bg-background\">Nuoret naiset ovat Katen mukaan &#8221;vain pakkomielteisi\u00e4&#8221; yritt\u00e4ess\u00e4\u00e4n n\u00e4ytt\u00e4\u00e4 t\u00e4ydellisilt\u00e4 Instagram-tykk\u00e4yksien per\u00e4ss\u00e4.<\/p>\n<p class=\"article-content article-content-width !bg-background\">\u2013 Se on pelottavaa. Ajattelen, ett\u00e4 ei, \u00e4l\u00e4! Miksi? On tuhoisaa, jos itsetunto on sidoksissa ulkon\u00e4k\u00f6\u00f6n, h\u00e4n sanoo The Timesille.<\/p>\n<p>        <a itemprop=\"url\" href=\"https:\/\/www.seiska.fi\/katso\/sekasorto-titanic-elokuvan-kuvauksissa-kuvausryhma-huumattiin\/1942477\" rel=\"nofollow noopener\" target=\"_blank\"><\/p>\n<p>\nTitanic-elokuva\n<\/p>\n<p class=\"section-date\">\n        <strong class=\"article-section\" data-section=\"katso\"><br \/>\n            katso<br \/>\n        <\/strong><br \/>\n        26.9. 14:15\n    <\/p>\n<p>Sekasorto Titanic-elokuvan kuvauksissa \u2013 kuvausryhm\u00e4 huumattiin\n    <\/p>\n<p itemprop=\"description\" class=\"subtitle \">\n    Lounassopasta syntyi kaaos, joka sai ihmiset k\u00e4ytt\u00e4ytym\u00e4\u00e4n kuin kakarat.\n<\/p>\n<p>        <\/a><\/p>\n<p>Pysyk\u00e4\u00e4 aitoina<\/p>\n<p class=\"article-content article-content-width !bg-background\">N\u00e4yttelij\u00e4 on aina ollut \u00e4\u00e4nek\u00e4s kehopositiivisuuden puolestapuhuja. Ymm\u00e4rryst\u00e4 toisin valinneita kohtaan ei tiukoissa puheenvuoroissa kuulu. Kate on sen sijaan kertonut ylpe\u00e4n\u00e4, ettei ole koskaan ottanut botoxia tai teett\u00e4nyt kauneusleikkauksia.<\/p>\n<p class=\"article-content article-content-width !bg-background\">\u2013 Yhteiskunnan t\u00e4ytyy pysy\u00e4 aitona, koska tuolla ulkona on helvetin kaaos ulkon\u00e4k\u00f6paineiden takia, h\u00e4n toteaa.<\/p>\n<p>                <img decoding=\"async\" src=\"https:\/\/www.europesays.com\/fi\/wp-content\/uploads\/2025\/12\/2015407.webp\" width=\"576\" height=\"360\" alt=\"Kaunotar arkisena? Ilman huolta ulkon\u00e4\u00f6st\u00e4\u00e4n? Ei, Kate olisi itse ensimm\u00e4isen\u00e4 sanomassa, mist\u00e4 on t\u00e4ss\u00e4 tulossa. Kampaajaltaan. Kuva on viime vuodelta.\" loading=\"lazy\" \/>            <\/p>\n<p>\n            Kaunotar arkisena? Ilman huolta ulkon\u00e4\u00f6st\u00e4\u00e4n? Ei, Kate olisi itse ensimm\u00e4isen\u00e4 sanomassa, mist\u00e4 on t\u00e4ss\u00e4 tulossa. Kampaajaltaan. Kuva on viime vuodelta.<br \/>\n            AOP\n        <\/p>\n<p class=\"article-content article-content-width !bg-background\">Erityisen huolissaan Kate on semaglutidivalmisteiden ja muiden laihdutusl\u00e4\u00e4kkeiden yleistymisest\u00e4. Semaglutidivalmisteista kuuluisin on diabeteksen tiettyihin muotoihin tarkoitettu Ozempic. Se ei sovi kaikille ja voi aiheuttaa sivuoireita.<\/p>\n<p class=\"article-content article-content-width !bg-background\">\u2013 Niin monet k\u00e4ytt\u00e4v\u00e4t laihdutusl\u00e4\u00e4kkeitt\u00e4. Tiet\u00e4v\u00e4tk\u00f6 he edes, mit\u00e4 laittavat kehoonsa? Oman terveyden v\u00e4h\u00e4ttely on pelottavaa.<\/p>\n<p>        <a itemprop=\"url\" href=\"https:\/\/www.seiska.fi\/katso\/pippa-laukalta-suora-mielipide-ozempic-laihduttamisesta\/1967798\" rel=\"nofollow noopener\" target=\"_blank\"><\/p>\n<p>\nPippa Laukka\n<\/p>\n<p class=\"section-date\">\n        <strong class=\"article-section\" data-section=\"katso\"><br \/>\n            katso<br \/>\n        <\/strong><br \/>\n        21.10. 06:15\n    <\/p>\n<p>Pippa Laukalta suora mielipide Ozempic-laihduttamisesta\n    <\/p>\n<p itemprop=\"description\" class=\"subtitle \">\n    Julkkisl\u00e4\u00e4k\u00e4ri my\u00f6nt\u00e4\u00e4, ett\u00e4 h\u00e4ness\u00e4 on paljon ep\u00e4varmuuksia ja keskener\u00e4isyytt\u00e4.\n<\/p>\n<p>        <\/a><\/p>\n<p>Kauneutta muuallakin kuin nuorissa<\/p>\n<p class=\"article-content article-content-width !bg-background\">Kauneimmat naiset Katen tuttavapiiriss\u00e4 ovat h\u00e4nen mukaansa yli 70-vuotiaita. H\u00e4nt\u00e4 harmittaa, ett\u00e4 nuorempi sukupolvi on menett\u00e4nyt k\u00e4sityksens\u00e4 aidosta kauneudesta.<\/p>\n<p class=\"article-content article-content-width !bg-background\">Viime vuonna Kate itse paljasti kielt\u00e4ytyneens\u00e4 peitt\u00e4m\u00e4st\u00e4 vatsapoimujaan Lee-elokuvan kuvauksissa.<\/p>\n<p class=\"article-content article-content-width !bg-background\">\u2013 Olen ylpe\u00e4 siit\u00e4, koska se on minun el\u00e4m\u00e4ni, ja se on t\u00e4rke\u00e4\u00e4.<\/p>\n<p class=\"article-content article-content-width !bg-background\">Katen my\u00f6s muistuttaa, ett\u00e4 punaisella matolla kimaltavat kaunottaret ovat istuneet nelj\u00e4 tuntia maskeerauksessa ennen kuin n\u00e4ytt\u00e4v\u00e4t silt\u00e4 kuin kuvissa n\u00e4ytt\u00e4v\u00e4t. Se ei ole kenenk\u00e4\u00e4n arkea.<\/p>\n<p class=\"article-content article-content-width !bg-background\">\u2013 Uni ja terveys vaikuttavat paljon enemm\u00e4n virke\u00e4\u00e4n ulkon\u00e4k\u00f6\u00f6n. Jos olen yliv\u00e4synyt tai stressaantunut, mik\u00e4\u00e4n meikki tai kampaus ei peit\u00e4 sit\u00e4.<\/p>\n<p>        <a itemprop=\"url\" href=\"https:\/\/www.seiska.fi\/ulkomaat\/kuin-kaksi-marjaa-talta-nayttaa-titanic-tahti-kate-winsletin-tytar\/1789910\" rel=\"nofollow noopener\" target=\"_blank\"><\/p>\n<p>\nKate Winslet\n<\/p>\n<p class=\"section-date\">\n        <strong class=\"article-section\" data-section=\"ulkomaat\"><br \/>\n            ulkomaat<br \/>\n        <\/strong><br \/>\n        1.6. 20:00\n    <\/p>\n<p>Kuin kaksi marjaa! T\u00e4lt\u00e4 n\u00e4ytt\u00e4\u00e4 Titanic-t\u00e4hti Kate Winsletin tyt\u00e4r\n    <\/p>\n<p itemprop=\"description\" class=\"subtitle \">\n    Katen tyt\u00e4r aikoo seurata \u00e4itins\u00e4 jalanj\u00e4lki\u00e4 elokuva-alalle.\n<\/p>\n<p>        <\/a><\/p>\n","protected":false},"excerpt":{"rendered":"AOP Plastiikkakirurgin veitsest\u00e4 kaukana pysytellyt n\u00e4yttelij\u00e4 tuomitsee esteettisten hoitojen saavuttamat epidemiamittasuhteet. Titanic-t\u00e4hti , 50, lataa tylysti tuomionsa plastiikkakirurgialle&hellip;\n","protected":false},"author":2,"featured_media":111924,"comment_status":"","ping_status":"","sticky":false,"template":"","format":"standard","meta":{"footnotes":""},"categories":[136],"tags":[20706,407,137,20705,20704,20703,20702,33,31,30,408,11801,2682,20701,11975,12909,5440,13096,1342,13095,20707,4084,20708,32,167,1110,3884,6457,109],"class_list":{"0":"post-111923","1":"post","2":"type-post","3":"status-publish","4":"format-standard","5":"has-post-thumbnail","7":"category-julkkikset","8":"tag-aitous","9":"tag-celebrities","10":"tag-entertainment","11":"tag-esteettinen-hoito","12":"tag-esteettinen-kirurgia","13":"tag-esteettinen-toimenpide","14":"tag-esteettiset-hoidot","15":"tag-fi","16":"tag-finland","17":"tag-finnish","18":"tag-julkkikset","19":"tag-kate-winslet","20":"tag-kauneus","21":"tag-kauneuskirurgia","22":"tag-kaunotar","23":"tag-laihduttaminen","24":"tag-laihdutus","25":"tag-laihdutuslaake","26":"tag-nayttelija","27":"tag-ozempic","28":"tag-paarooli","29":"tag-plastiikkakirurgia","30":"tag-semaglutidi","31":"tag-suomi","32":"tag-terveys","33":"tag-titanic","34":"tag-ulkonako","35":"tag-ulkonakopaineet","36":"tag-viihde"},"share_on_mastodon":{"url":"https:\/\/pubeurope.com\/@fi\/115690627892284669","error":""},"_links":{"self":[{"href":"https:\/\/www.europesays.com\/fi\/wp-json\/wp\/v2\/posts\/111923","targetHints":{"allow":["GET"]}}],"collection":[{"href":"https:\/\/www.europesays.com\/fi\/wp-json\/wp\/v2\/posts"}],"about":[{"href":"https:\/\/www.europesays.com\/fi\/wp-json\/wp\/v2\/types\/post"}],"author":[{"embeddable":true,"href":"https:\/\/www.europesays.com\/fi\/wp-json\/wp\/v2\/users\/2"}],"replies":[{"embeddable":true,"href":"https:\/\/www.europesays.com\/fi\/wp-json\/wp\/v2\/comments?post=111923"}],"version-history":[{"count":0,"href":"https:\/\/www.europesays.com\/fi\/wp-json\/wp\/v2\/posts\/111923\/revisions"}],"wp:featuredmedia":[{"embeddable":true,"href":"https:\/\/www.europesays.com\/fi\/wp-json\/wp\/v2\/media\/111924"}],"wp:attachment":[{"href":"https:\/\/www.europesays.com\/fi\/wp-json\/wp\/v2\/media?parent=111923"}],"wp:term":[{"taxonomy":"category","embeddable":true,"href":"https:\/\/www.europesays.com\/fi\/wp-json\/wp\/v2\/categories?post=111923"},{"taxonomy":"post_tag","embeddable":true,"href":"https:\/\/www.europesays.com\/fi\/wp-json\/wp\/v2\/tags?post=111923"}],"curies":[{"name":"wp","href":"https:\/\/api.w.org\/{rel}","templated":true}]}}