{"id":111929,"date":"2025-12-09T16:54:09","date_gmt":"2025-12-09T16:54:09","guid":{"rendered":"https:\/\/www.europesays.com\/fi\/111929\/"},"modified":"2025-12-09T16:54:09","modified_gmt":"2025-12-09T16:54:09","slug":"auri-kananen-avoimena-tabusta-jos-joku-nakee-mun-tissit","status":"publish","type":"post","link":"https:\/\/www.europesays.com\/fi\/111929\/","title":{"rendered":"Auri Kananen avoimena tabusta: &#8221;Jos joku n\u00e4kee mun tissit!&#8221;"},"content":{"rendered":"<p>\n            Raha-Suomi. Auri Kananen, yksi haastateltavista.<br \/>\n            Jukka Lintinen \/ Yle\n        <\/p>\n<p class=\"subtitle \">Auri ei ep\u00e4r\u00f6i esitell\u00e4 tissej\u00e4\u00e4n. Ongelma on h\u00e4nen mukaansa sill\u00e4, jolle imett\u00e4v\u00e4n \u00e4idin n\u00e4keminen on ongelma.<\/p>\n<p class=\"article-content article-content-width !bg-background\"> on siivousguru, mutta nyky\u00e4\u00e4n h\u00e4n on ennen muuta \u00e4iti.<\/p>\n<p class=\"article-content article-content-width !bg-background\">Auri ja h\u00e4nen komea kihlattunsa  saivat hartaasti toivotun vauvan, joka n\u00e4ki ensivalon 9. marraskuuta.<\/p>\n<p class=\"article-content article-content-width !bg-background\">T\u00e4m\u00e4n j\u00e4lkeen Auri onkin seuraajiensa riemuksi jakanut antaumuksella kaikenlaista liittyen \u00e4itiyteen ja \u201dDallaspullaan\u201d.<\/p>\n<p>        <a itemprop=\"url\" href=\"https:\/\/www.seiska.fi\/kotimaa\/auri-kanasen-touhut-puhuttavat-paula-vesalalta-tyhjentava-kommentti\/2015809\" rel=\"nofollow noopener\" target=\"_blank\"><\/p>\n<p>\nPaula Vesalalta tyhjent\u00e4v\u00e4 kommentti\n<\/p>\n<p class=\"section-date\">\n        <strong class=\"article-section\" data-section=\"kotimaa\"><br \/>\n            kotimaa<br \/>\n        <\/strong><br \/>\n        08:56\n    <\/p>\n<p>Auri Kanasen touhut puhuttavat \u2013 Paula Vesalalta tyhjent\u00e4v\u00e4 kommentti\n    <\/p>\n<p itemprop=\"description\" class=\"subtitle \">\n    Aurin vauva-arki on k\u00e4ynnistynyt vauhdikkaasti.\n<\/p>\n<p>        <\/a><\/p>\n<p class=\"article-content article-content-width !bg-background\">Dallas taas on saanut lempinimens\u00e4 siit\u00e4, ett\u00e4 h\u00e4n on saanut alkunsa Teksasin osavaltion miljoonakaupungissa.<\/p>\n<p>                <img decoding=\"async\" src=\"https:\/\/www.europesays.com\/fi\/wp-content\/uploads\/2025\/12\/1992528.webp\" width=\"576\" height=\"720\" alt=\"Auri ja Sami ovat tuoreet ylpe\u00e4t vanhemmat.\" loading=\"lazy\" \/>            <\/p>\n<p>\n            Auri ja Sami ovat tuoreet ylpe\u00e4t vanhemmat.<br \/>\n            Atte Kajova\n        <\/p>\n<p>V\u00e4likorvantulehdus <\/p>\n<p class=\"article-content article-content-width !bg-background\">\u00c4itiys pukee Auria \u2013 se on selv\u00e4\u00e4.<\/p>\n<p class=\"article-content article-content-width !bg-background\">Tiistaina Auri jakoi kuvan terveyskeskuksen k\u00e4yt\u00e4v\u00e4lt\u00e4, ja pian selvisi miksi \u2013 h\u00e4nell\u00e4 on nimitt\u00e4in v\u00e4likorvantulehdus, johon sai l\u00e4\u00e4kereseptit.<\/p>\n<p class=\"article-content article-content-width !bg-background\">Ja sitten asiaan.<\/p>\n<p>        <a itemprop=\"url\" href=\"https:\/\/www.seiska.fi\/kotimaa\/auri-kananen-sai-erikoisen-viestin-kipakka-vastaus\/2007619\" rel=\"nofollow noopener\" target=\"_blank\"><\/p>\n<p>\nAuri sai erikoisen viestin\n<\/p>\n<p class=\"section-date\">\n        <strong class=\"article-section\" data-section=\"kotimaa\"><br \/>\n            kotimaa<br \/>\n        <\/strong><br \/>\n        1.12. 08:00\n    <\/p>\n<p>Auri Kananen sai erikoisen viestin \u2013 kipakka vastaus\n    <\/p>\n<p itemprop=\"description\" class=\"subtitle \">\n    Auri on tunnettu siit\u00e4, ett\u00e4 h\u00e4n vastailee usein somessa seuraajilleen \u2013 olivat he kannustavia tai eiv\u00e4t.\n<\/p>\n<p>        <\/a><\/p>\n<p class=\"article-content article-content-width !bg-background\">Auri jakoi k\u00e4yt\u00e4v\u00e4lt\u00e4 odotuskuvan, jossa h\u00e4n imett\u00e4\u00e4 vauvaansa ja hymyilee kameralle.<\/p>\n<p class=\"article-content article-content-width !bg-background\">\u2013 M\u00e4 muuten imet\u00e4n ihan avoimesti miss\u00e4 vaan! L\u00e4\u00e4k\u00e4riss\u00e4, ravintolassa, kahvilassa, kyl\u00e4ss\u00e4 yms, h\u00e4n kirjoitti kuvan yhteyteen.<\/p>\n<p class=\"article-content article-content-width !bg-background\">\u2013 Jos jotain h\u00e4iritsee mun tisut, niin se on h\u00e4nen ongelma, Auri paaluttaa per\u00e4ti kolmen huutomerkin tahdittamana.<\/p>\n<p>                <img decoding=\"async\" src=\"https:\/\/www.europesays.com\/fi\/wp-content\/uploads\/2025\/12\/1968955.webp\" width=\"576\" height=\"855\" alt=\"Auri on tullut tunnetuksi t\u00f6rkyk\u00e4mppien siivoajana.\" loading=\"lazy\" \/>            <\/p>\n<p>\n            Auri on tullut tunnetuksi t\u00f6rkyk\u00e4mppien siivoajana.<br \/>\n            Auri Kanasen kotialbumi\n        <\/p>\n<p>Imett\u00e4minen<\/p>\n<p class=\"article-content article-content-width !bg-background\">Imetys on ikiaikainen juttu, ovathan ihmiset nis\u00e4kk\u00e4it\u00e4.<\/p>\n<p class=\"article-content article-content-width !bg-background\">Samalla imetys on monien \u2013 tai ainakin joidenkin \u2013 mielest\u00e4 tabu.<\/p>\n<p class=\"article-content article-content-width !bg-background\">\u201dSaako imett\u00e4\u00e4 julkisilla paikoilla\u201d on kysymys, joka aina aika ajoin nousee julkiseen keskusteluun.<\/p>\n<p>        <a itemprop=\"url\" href=\"https:\/\/www.seiska.fi\/kotimaa\/raivorehellinen-tilitys-auri-kananen-ottaa-kantaa-sairaalakassikohuun\/2002040\" rel=\"nofollow noopener\" target=\"_blank\"><\/p>\n<p>\nOttaa kantaa kohuun\n<\/p>\n<p class=\"section-date\">\n        <strong class=\"article-section\" data-section=\"kotimaa\"><br \/>\n            kotimaa<br \/>\n        <\/strong><br \/>\n        24.11. 14:26\n    <\/p>\n<p>Raivorehellinen tilitys! Auri Kananen ottaa kantaa sairaalakassikohuun\n    <\/p>\n<p itemprop=\"description\" class=\"subtitle \">\n    Aurin pakkaamat tarpeet her\u00e4ttiv\u00e4t suurta kuohuntaa somessa.\n<\/p>\n<p>        <\/a><\/p>\n<p class=\"article-content article-content-width !bg-background\">Aurista on kuoriutunut melkoinen leijonaemo, mutta on h\u00e4ness\u00e4 j\u00e4ljell\u00e4 viel\u00e4 huumoriakin.<\/p>\n<p class=\"article-content article-content-width !bg-background\">Toisessa Instagramiin jakamassaan stoorissa h\u00e4n jatkaa viel\u00e4 aiheen tiimoilta.<\/p>\n<p>                <img decoding=\"async\" src=\"https:\/\/www.europesays.com\/fi\/wp-content\/uploads\/2025\/12\/1968959.webp\" width=\"576\" height=\"720\" alt=\"Pinkki on Aurin v\u00e4ri \u2013 se on selv\u00e4.\" loading=\"lazy\" \/>            <\/p>\n<p>\n            Pinkki on Aurin v\u00e4ri \u2013 se on selv\u00e4.<br \/>\n            Atte Kajova\n        <\/p>\n<p class=\"article-content article-content-width !bg-background\">\u2013 Ja ei kiinnosta yht\u00e4\u00e4n, jos joku n\u00e4kee mun tissit! Kyll\u00e4 tissej\u00e4 maailmaan mahtuu, Auri luotaa.<\/p>\n<p class=\"article-content article-content-width !bg-background\">\u2013 Ei oo mun tissit mitenk\u00e4\u00e4n erityiset, paitsi tietenkin Dalluriinin mielest\u00e4, h\u00e4n p\u00e4\u00e4tt\u00e4\u00e4 v\u00e4ittelyn, jota ei siis koskaan edes ollutkaan.<\/p>\n<p>        <a itemprop=\"url\" href=\"https:\/\/www.seiska.fi\/kotimaa\/auri-kanasen-synnytysvideo-loksautti-leuat\/1996955\" rel=\"nofollow noopener\" target=\"_blank\"><\/p>\n<p>\nAuri Kananen\n<\/p>\n<p class=\"section-date\">\n        <strong class=\"article-section\" data-section=\"kotimaa\"><br \/>\n            kotimaa<br \/>\n        <\/strong><br \/>\n        19.11. 10:32\n    <\/p>\n<p>Auri Kanasen synnytysvideo loksautti leuat\n    <\/p>\n<p itemprop=\"description\" class=\"subtitle \">\n    Siivouskuningatar ei j\u00e4tt\u00e4nyt hommiaan edes synnytyksen k\u00e4ynnistytty\u00e4.\n<\/p>\n<p>        <\/a><\/p>\n<p class=\"article-content article-content-width !bg-background\">Auri on tullut tunnetuksi siit\u00e4, ett\u00e4 nostaa usein saamiaan kommentteja esille ja ruotii ihmisten erilaisia n\u00e4kemyksi\u00e4.<\/p>\n<p class=\"article-content article-content-width !bg-background\">Voi siis olettaa, ett\u00e4 Aurikin on ehtinyt saada jonkinlaista ihmettely\u00e4 osakseen julkisella paikalla imett\u00e4misest\u00e4\u00e4n.<\/p>\n","protected":false},"excerpt":{"rendered":"Raha-Suomi. Auri Kananen, yksi haastateltavista. Jukka Lintinen \/ Yle Auri ei ep\u00e4r\u00f6i esitell\u00e4 tissej\u00e4\u00e4n. Ongelma on h\u00e4nen mukaansa&hellip;\n","protected":false},"author":2,"featured_media":111930,"comment_status":"","ping_status":"","sticky":false,"template":"","format":"standard","meta":{"footnotes":""},"categories":[130],"tags":[20710,2444,137,33,31,30,3340,3936,212,9970,32,109],"class_list":{"0":"post-111929","1":"post","2":"type-post","3":"status-publish","4":"format-standard","5":"has-post-thumbnail","7":"category-viihde","8":"tag-aitiyys","9":"tag-auri-kananen","10":"tag-entertainment","11":"tag-fi","12":"tag-finland","13":"tag-finnish","14":"tag-imetys","15":"tag-julkinen-keskustelu","16":"tag-lifestyle","17":"tag-sami-salminen","18":"tag-suomi","19":"tag-viihde"},"share_on_mastodon":{"url":"https:\/\/pubeurope.com\/@fi\/115690659244319524","error":""},"_links":{"self":[{"href":"https:\/\/www.europesays.com\/fi\/wp-json\/wp\/v2\/posts\/111929","targetHints":{"allow":["GET"]}}],"collection":[{"href":"https:\/\/www.europesays.com\/fi\/wp-json\/wp\/v2\/posts"}],"about":[{"href":"https:\/\/www.europesays.com\/fi\/wp-json\/wp\/v2\/types\/post"}],"author":[{"embeddable":true,"href":"https:\/\/www.europesays.com\/fi\/wp-json\/wp\/v2\/users\/2"}],"replies":[{"embeddable":true,"href":"https:\/\/www.europesays.com\/fi\/wp-json\/wp\/v2\/comments?post=111929"}],"version-history":[{"count":0,"href":"https:\/\/www.europesays.com\/fi\/wp-json\/wp\/v2\/posts\/111929\/revisions"}],"wp:featuredmedia":[{"embeddable":true,"href":"https:\/\/www.europesays.com\/fi\/wp-json\/wp\/v2\/media\/111930"}],"wp:attachment":[{"href":"https:\/\/www.europesays.com\/fi\/wp-json\/wp\/v2\/media?parent=111929"}],"wp:term":[{"taxonomy":"category","embeddable":true,"href":"https:\/\/www.europesays.com\/fi\/wp-json\/wp\/v2\/categories?post=111929"},{"taxonomy":"post_tag","embeddable":true,"href":"https:\/\/www.europesays.com\/fi\/wp-json\/wp\/v2\/tags?post=111929"}],"curies":[{"name":"wp","href":"https:\/\/api.w.org\/{rel}","templated":true}]}}