{"id":111931,"date":"2025-12-09T16:55:07","date_gmt":"2025-12-09T16:55:07","guid":{"rendered":"https:\/\/www.europesays.com\/fi\/111931\/"},"modified":"2025-12-09T16:55:07","modified_gmt":"2025-12-09T16:55:07","slug":"il-aurinko-ei-ole-paistanut-kouvolassa-ollenkaan-paikalliset","status":"publish","type":"post","link":"https:\/\/www.europesays.com\/fi\/111931\/","title":{"rendered":"IL: Aurinko ei ole paistanut Kouvolassa ollenkaan | Paikalliset"},"content":{"rendered":"<p>Aurinko ei ole n\u00e4ytt\u00e4ytynyt Kouvolan taivaalla joulukuussa kertaakaan.<\/p>\n<p>Auringonpaistetta on kertynyt paikkakunnalla nolla minuuttia. Lukema on saatu Utin havaintoasemalta.<\/p>\n<p>Yht\u00e4 pime\u00e4\u00e4 on ollut l\u00e4hes kaikkialla Suomessa. Auringonvalosta on saatu nauttia pisimp\u00e4\u00e4n Korsn\u00e4siss\u00e4, jossa aurinko on paistanut joulukuun ensimm\u00e4isen puolentoista viikon aikana 54 minuuttia.<\/p>\n<p>Asiasta kertoo <a href=\"https:\/\/www.iltalehti.fi\/saauutiset\/a\/8ba4536e-1951-45cd-b718-687c38bc9fc6\" rel=\"nofollow noopener\" target=\"_blank\">Iltalehti<\/a>.<\/p>\n<p>Meteorologi <strong>Hannu Valta<\/strong> kertoo Iltalehdelle, ett\u00e4 tilanne, jossa aurinkoa ei n\u00e4y joulukuun ensimm\u00e4isen viikon aikana ollenkaan, toistuu arviolta kerran 5\u201310 vuodessa.<\/p>\n<p>Kymenlaaksossa aurinkoisin mittauspiste on ollut Kotkan Rankki, jossa aurinko on paistanut joulukuussa kuusi minuuttia.<\/p>\n","protected":false},"excerpt":{"rendered":"Aurinko ei ole n\u00e4ytt\u00e4ytynyt Kouvolan taivaalla joulukuussa kertaakaan. Auringonpaistetta on kertynyt paikkakunnalla nolla minuuttia. Lukema on saatu Utin&hellip;\n","protected":false},"author":2,"featured_media":111932,"comment_status":"","ping_status":"","sticky":false,"template":"","format":"standard","meta":{"footnotes":""},"categories":[112],"tags":[33,31,30,1511,737,3764,1616,7799,2294,118,32,119,538],"class_list":{"0":"post-111931","1":"post","2":"type-post","3":"status-publish","4":"format-standard","5":"has-post-thumbnail","7":"category-tiede","8":"tag-fi","9":"tag-finland","10":"tag-finnish","11":"tag-joukkoviestinta","12":"tag-kouvola","13":"tag-kouvolan-seutukunta","14":"tag-media-viestinta","15":"tag-sanoma-ja-aikakauslehdet","16":"tag-sanomalehdet","17":"tag-science","18":"tag-suomi","19":"tag-tiede","20":"tag-tiede-ja-tekniikka"},"share_on_mastodon":{"url":"https:\/\/pubeurope.com\/@fi\/115690663216300259","error":""},"_links":{"self":[{"href":"https:\/\/www.europesays.com\/fi\/wp-json\/wp\/v2\/posts\/111931","targetHints":{"allow":["GET"]}}],"collection":[{"href":"https:\/\/www.europesays.com\/fi\/wp-json\/wp\/v2\/posts"}],"about":[{"href":"https:\/\/www.europesays.com\/fi\/wp-json\/wp\/v2\/types\/post"}],"author":[{"embeddable":true,"href":"https:\/\/www.europesays.com\/fi\/wp-json\/wp\/v2\/users\/2"}],"replies":[{"embeddable":true,"href":"https:\/\/www.europesays.com\/fi\/wp-json\/wp\/v2\/comments?post=111931"}],"version-history":[{"count":0,"href":"https:\/\/www.europesays.com\/fi\/wp-json\/wp\/v2\/posts\/111931\/revisions"}],"wp:featuredmedia":[{"embeddable":true,"href":"https:\/\/www.europesays.com\/fi\/wp-json\/wp\/v2\/media\/111932"}],"wp:attachment":[{"href":"https:\/\/www.europesays.com\/fi\/wp-json\/wp\/v2\/media?parent=111931"}],"wp:term":[{"taxonomy":"category","embeddable":true,"href":"https:\/\/www.europesays.com\/fi\/wp-json\/wp\/v2\/categories?post=111931"},{"taxonomy":"post_tag","embeddable":true,"href":"https:\/\/www.europesays.com\/fi\/wp-json\/wp\/v2\/tags?post=111931"}],"curies":[{"name":"wp","href":"https:\/\/api.w.org\/{rel}","templated":true}]}}