{"id":111937,"date":"2025-12-09T16:58:09","date_gmt":"2025-12-09T16:58:09","guid":{"rendered":"https:\/\/www.europesays.com\/fi\/111937\/"},"modified":"2025-12-09T16:58:09","modified_gmt":"2025-12-09T16:58:09","slug":"trump-koventaa-otteitaan-ukrainaa-kohtaan-asiantuntija-huomasi-hienovaraisen-muutoksen-zelenskyin-sanoissa","status":"publish","type":"post","link":"https:\/\/www.europesays.com\/fi\/111937\/","title":{"rendered":"Trump koventaa otteitaan Ukrainaa kohtaan \u2013 Asiantuntija huomasi hienovaraisen muutoksen Zelenskyin sanoissa"},"content":{"rendered":"<p>Yhdysvaltojen rauhantarjous Ukrainalle heikkeni Trumpin l\u00e4hettil\u00e4iden tavattua Putinin Kremliss\u00e4.<\/p>\n<p><img decoding=\"async\" class=\"image image-show image-preview\" src=\"https:\/\/www.europesays.com\/fi\/wp-content\/uploads\/2025\/12\/a53662d3d5deb05c4c8d1f1e6c3338e5881edfcebc0ba54ff37c34912df0f09e.jpg\" alt=\"\"\/><img decoding=\"async\" class=\"image image-show\" src=\"https:\/\/www.europesays.com\/fi\/wp-content\/uploads\/2025\/12\/1765299489_538_a53662d3d5deb05c4c8d1f1e6c3338e5881edfcebc0ba54ff37c34912df0f09e.jpg\" alt=\"\"\/><\/p>\n<p>Zelenskyi puristi Ranskan presidentti Emmanuel Macronin k\u00e4tt\u00e4 Britannian p\u00e4\u00e4minsteri Keir Starmerin virka-asunnon rappusilla. Taustalla seisoi my\u00f6s Saksan liittokansleri Friedrich Merz.  ADRIAN DENNIS \/ POOL<\/p>\n<p class=\"paragraph\">Yhdysvaltain presidentti <a href=\"https:\/\/www.iltalehti.fi\/henkilot\/Donald Trump\" class=\"article-link-person-page\" rel=\"nofollow noopener\" target=\"_blank\">Donald Trump<\/a> painostaa nyt Ukrainan presidentti <strong>Volodymyr Zelenskyi\u00e4<\/strong> hyv\u00e4ksym\u00e4\u00e4n Ven\u00e4j\u00e4lle teht\u00e4v\u00e4t alueluovutukset.<\/p>\n<p class=\"paragraph\">Trumpin hallinto hahmotteli alueluovutuksia Eurooppaa j\u00e4rkytt\u00e4neess\u00e4 28-kohtaisessa rauhansuunnitelmassaan, jonka Ukraina kokee selv\u00e4sti Ven\u00e4j\u00e4\u00e4 suosivaksi.<\/p>\n<p class=\"paragraph\">Yhdysvaltalaismedia Axios kertoo ukrainalaisiin hallitusl\u00e4hteisiins\u00e4 viitaten, ett\u00e4 Trumpin hallinto on aloittanut voimakkaan painostuksen Ukrainaa kohtaan  alueluovutusten ja muiden my\u00f6nnytysten hyv\u00e4ksymiseksi.<\/p>\n<p class=\"paragraph\">L\u00e4hteiden mukaan Yhdysvallat kohdistaa painetta Zelenskyiin huomattavasti voimakkaammin kuin Ven\u00e4j\u00e4n presidentti\u00e4 <a href=\"https:\/\/www.iltalehti.fi\/henkilot\/Vladimir Putin\" class=\"article-link-person-page\" rel=\"nofollow noopener\" target=\"_blank\">Vladimir Putiniin<\/a>.<\/p>\n<p class=\"paragraph\">Sek\u00e4 Axios ett\u00e4 toinen yhdysvaltalainen verkkolehti Politico kertovat omien hallitusl\u00e4hteidens\u00e4 perusteella, ett\u00e4 keskeisin kiistakysymys Ukrainan ja Yhdysvaltain neuvotteluissa on It\u00e4-Ukrainan Donbasin alue.<\/p>\n<p class=\"paragraph\">\u2013 Amerikkalaiset intt\u00e4v\u00e4t, ett\u00e4 Ukrainan on tavalla tai toisella poistuttava Donbasista, kertoo korkea eurooppalainen virkamies Politicolle.<\/p>\n<p class=\"paragraph\">Ukrainan kanta puolestaan on, ett\u00e4 mink\u00e4 tahansa rauhansopimuksen on m\u00e4\u00e4ritelt\u00e4v\u00e4 rajat nykyisten rintamalinjojen mukaisesti. T\u00e4ll\u00e4 hetkell\u00e4 Ukraina pit\u00e4\u00e4 hallussaan en\u00e4\u00e4 noin 30 prosenttia Donbasista.<\/p>\n<p class=\"paragraph\">Yhdysvaltojen tarjous heikentyi entisest\u00e4\u00e4n sen j\u00e4lkeen, kun Trumpin neuvonantajat <a href=\"https:\/\/www.iltalehti.fi\/henkilot\/Steve Witkoff\" class=\"article-link-person-page\" rel=\"nofollow noopener\" target=\"_blank\">Steve Witkoff<\/a> ja <a href=\"https:\/\/www.iltalehti.fi\/henkilot\/Jared Kushner\" class=\"article-link-person-page\" rel=\"nofollow noopener\" target=\"_blank\">Jared Kushner<\/a> tapasivat viime viikolla Kremliss\u00e4 Ven\u00e4j\u00e4n presidentti Vladimir Putinin.<\/p>\n<p class=\"paragraph\">Lis\u00e4ksi suunnitelmassa ei vastata Ukrainalle keskeisiin kysymyksiin turvallisuustakuista.<\/p>\n<p>\u201dPelaa aikaa\u201d<\/p>\n<p class=\"paragraph\">Trump puolestaan v\u00e4itti sunnuntaina, ett\u00e4 Zelenskyin neuvottelijat \u201drakastavat\u201d Yhdysvaltojen suunnitelmaa. Zelenskyi tapasi maanantaina Lontoossa Britannian p\u00e4\u00e4ministeri <a href=\"https:\/\/www.iltalehti.fi\/henkilot\/Keir Starmer\" class=\"article-link-person-page\" rel=\"nofollow noopener\" target=\"_blank\">Keir Starmerin<\/a> sek\u00e4 Saksan liittokansleri <a href=\"https:\/\/www.iltalehti.fi\/henkilot\/Friedrich Merz\" class=\"article-link-person-page\" rel=\"nofollow noopener\" target=\"_blank\">Friedrich Merzin<\/a> esitt\u00e4\u00e4kseen yhteisen kannan Trumpin suunnitelmaan.<\/p>\n<p class=\"paragraph\">P\u00e4ivitetty 20-kohtainen suunnitelma esitell\u00e4\u00e4n Trumpille t\u00e4n\u00e4\u00e4n tiistaina.<\/p>\n<p class=\"paragraph\">Sek\u00e4 Yhdysvaltain ett\u00e4 Ukrainan hallitusl\u00e4hteet sanovat Axiosille, ett\u00e4 Trumpin hallinto pit \u00e4\u00e4 Zelenskyin tapaamista eurooppalaisten johtajien kanssa \u201dhy\u00f6dytt\u00f6m\u00e4n\u00e4 yrityksen\u00e4 pelata aikaa\u201d.<\/p>\n<p class=\"paragraph\">Ukrainalaisl\u00e4hteet arvioivat, ett\u00e4 Yhdysvallat yritt\u00e4\u00e4 irrottaa Zelenskyin eurooppalaisista johtajista, jotta painostusta voidaan lis\u00e4t\u00e4. Trumpin hallinto painostaa Zelenskyi\u00e4 toimimaan nopeasti, eurooppalaiset puolestaan kehottavat varovaisuuteen ja k\u00e4rsiv\u00e4llisyyteen.<\/p>\n<p class=\"paragraph\">\u2013 Zelenskyi ei voi tehd\u00e4 dramaattisia p\u00e4\u00e4t\u00f6ksi\u00e4 kuulematta ensin keskeisi\u00e4 liittolaisiaan Euroopassa, l\u00e4hteet sanovat.<\/p>\n<p>Trump painostaa Ukrainaa toimimaan nopeasti. YURI GRIPAS \/ POOL<\/p>\n<p>Harkittu sanavalinta<\/p>\n<p class=\"paragraph\">Zelenskyi totesi maanantaina pit\u00e4m\u00e4ss\u00e4\u00e4n tiedotustilaisuudessa, ett\u00e4 Ukraina ei harkitse mink\u00e4\u00e4n alueidensa luovuttamista, koska se olisi ristiriidassa maan lains\u00e4\u00e4d\u00e4nn\u00f6n, kansainv\u00e4lisen oikeuden ja moraalisten periaatteiden kanssa.<\/p>\n<p class=\"paragraph\">\u2013 Ven\u00e4j\u00e4 vaatii tietysti, ett\u00e4 luovuttaisimme alueita. Me emme tietenk\u00e4\u00e4n halua luovuttaa mit\u00e4\u00e4n. Siksi taistelemme.<\/p>\n<p class=\"paragraph\">Kansainv\u00e4lisen politiikan asiantuntija <a href=\"https:\/\/www.iltalehti.fi\/henkilot\/Risto E. J. Penttil\u00e4\" class=\"article-link-person-page\" rel=\"nofollow noopener\" target=\"_blank\">Risto E.J. Penttil\u00e4<\/a> arvioi Iltalehdelle, ett\u00e4 Zelenskyin alueluovutuksista k\u00e4ytt\u00e4m\u00e4 sanavalinta oli tarkkaan harkittu.<\/p>\n<p class=\"paragraph\">Penttil\u00e4n mukaan lausunto viittaa todenn\u00e4k\u00f6isesti siihen, ett\u00e4 alueluovutuksia tulee, mutta toteaa samalla, ett\u00e4 ne tunnustetaan de facto, mutta ei laillisesti, de jure.<\/p>\n<p class=\"paragraph\">\u2013 N\u00e4in Ukraina voisi jatkaa el\u00e4m\u00e4\u00e4 ja sanoa, ett\u00e4 tilanne ei ole moraalisesti oikein, Penttil\u00e4 sanoo.<\/p>\n","protected":false},"excerpt":{"rendered":"Yhdysvaltojen rauhantarjous Ukrainalle heikkeni Trumpin l\u00e4hettil\u00e4iden tavattua Putinin Kremliss\u00e4. Zelenskyi puristi Ranskan presidentti Emmanuel Macronin k\u00e4tt\u00e4 Britannian p\u00e4\u00e4minsteri&hellip;\n","protected":false},"author":2,"featured_media":111938,"comment_status":"","ping_status":"","sticky":false,"template":"","format":"standard","meta":{"footnotes":""},"categories":[14],"tags":[35,22,23,26,27,33,31,30,17,24,25,28,29,15,18,21,142,637,144,886,32,19,20,56,16,638,59,60,61],"class_list":{"0":"post-111937","1":"post","2":"type-post","3":"status-publish","4":"format-standard","5":"has-post-thumbnail","7":"category-ulkomaat","8":"tag-24h","9":"tag-breaking-news","10":"tag-breakingnews","11":"tag-featured-news","12":"tag-featurednews","13":"tag-fi","14":"tag-finland","15":"tag-finnish","16":"tag-headlines","17":"tag-latest-news","18":"tag-latestnews","19":"tag-main-news","20":"tag-mainnews","21":"tag-news","22":"tag-otsikot","23":"tag-paauutiset","24":"tag-poliitikot","25":"tag-politiikka","26":"tag-presidentti","27":"tag-puolueet","28":"tag-suomi","29":"tag-top-stories","30":"tag-topstories","31":"tag-ulkomaat","32":"tag-uutiset","33":"tag-valtiovalta","34":"tag-world","35":"tag-world-news","36":"tag-worldnews"},"share_on_mastodon":{"url":"https:\/\/pubeurope.com\/@fi\/115690675163765937","error":""},"_links":{"self":[{"href":"https:\/\/www.europesays.com\/fi\/wp-json\/wp\/v2\/posts\/111937","targetHints":{"allow":["GET"]}}],"collection":[{"href":"https:\/\/www.europesays.com\/fi\/wp-json\/wp\/v2\/posts"}],"about":[{"href":"https:\/\/www.europesays.com\/fi\/wp-json\/wp\/v2\/types\/post"}],"author":[{"embeddable":true,"href":"https:\/\/www.europesays.com\/fi\/wp-json\/wp\/v2\/users\/2"}],"replies":[{"embeddable":true,"href":"https:\/\/www.europesays.com\/fi\/wp-json\/wp\/v2\/comments?post=111937"}],"version-history":[{"count":0,"href":"https:\/\/www.europesays.com\/fi\/wp-json\/wp\/v2\/posts\/111937\/revisions"}],"wp:featuredmedia":[{"embeddable":true,"href":"https:\/\/www.europesays.com\/fi\/wp-json\/wp\/v2\/media\/111938"}],"wp:attachment":[{"href":"https:\/\/www.europesays.com\/fi\/wp-json\/wp\/v2\/media?parent=111937"}],"wp:term":[{"taxonomy":"category","embeddable":true,"href":"https:\/\/www.europesays.com\/fi\/wp-json\/wp\/v2\/categories?post=111937"},{"taxonomy":"post_tag","embeddable":true,"href":"https:\/\/www.europesays.com\/fi\/wp-json\/wp\/v2\/tags?post=111937"}],"curies":[{"name":"wp","href":"https:\/\/api.w.org\/{rel}","templated":true}]}}