{"id":111939,"date":"2025-12-09T16:59:07","date_gmt":"2025-12-09T16:59:07","guid":{"rendered":"https:\/\/www.europesays.com\/fi\/111939\/"},"modified":"2025-12-09T16:59:07","modified_gmt":"2025-12-09T16:59:07","slug":"keskusta-asettui-avoimesti-vasemmistoliiton-kanssa-suomen-viennin-tielle","status":"publish","type":"post","link":"https:\/\/www.europesays.com\/fi\/111939\/","title":{"rendered":"Keskusta asettui avoimesti vasemmistoliiton kanssa Suomen viennin tielle"},"content":{"rendered":"<p class=\"ai-optimize-12 ai-optimize-introduction\">Kokoomuksen eduskuntaryhm\u00e4n varapuheenjohtaja <strong>Sinuhe<\/strong> <strong>Wallinheimo<\/strong> sek\u00e4 kokoomuksen kansanedustaja, talousvaliokunnan varapuheenjohtaja <strong>Pauli<\/strong> <strong>Aalto-Set\u00e4l\u00e4<\/strong> tyrm\u00e4\u00e4v\u00e4t keskustan talousvaliokunnassa j\u00e4tt\u00e4m\u00e4n vastalauseen vientiluottoja my\u00f6nt\u00e4v\u00e4n Finnveran teht\u00e4vi\u00e4 koskevaan hallituksen esitykseen.<\/p>\n<p class=\"ai-optimize-12 ai-optimize-introduction\">Edustajien mukaan keskusta asettui yhdess\u00e4 vasemmistoliiton kanssa vastustamaan Finnveran ja sen my\u00f6t\u00e4 suomalaisen viennin vahvistamista, sek\u00e4 vaikeuttamaan teollisuuden kasvun edellytyksi\u00e4.<\/p>\n<p class=\"ai-optimize-12 ai-optimize-introduction\">\u2013 Keskustan linja tarkoittaa pahimmillaan sit\u00e4, ett\u00e4 suomalaiset j\u00e4\u00e4nmurtajat ja suuret telakkatilaukset rakennettaisiin jatkossa ulkomailla. Se on lyhytn\u00e4k\u00f6ist\u00e4 politiikkaa ja vahingoittaisi koko Suomen teollisuutta ja ty\u00f6llisyytt\u00e4, sanoo Wallinheimo.<\/p>\n<p class=\"ai-optimize-6\">Hallitus selkeytt\u00e4\u00e4 Finnveran lakia vastaamaan nykyp\u00e4iv\u00e4n vientikilpailua. Tarkoituksena on vahvistaa Suomen kyky\u00e4 rahoittaa suuria vientihankkeita. T\u00e4m\u00e4 hy\u00f6dytt\u00e4\u00e4 my\u00f6s laajaa pk-yritysten alihankintaketjua.<\/p>\n<p class=\"ai-optimize-7\">Keskusta ja Vasemmistoliitto j\u00e4ttiv\u00e4t talousvaliokunnassa omat vastalauseensa hallituksen esitykseen.<\/p>\n<p class=\"ai-optimize-8\">\u2013 Pk-yritysten asema on Finnveran strategian ydin ja vientirahoituksen vahvistaminen nimenomaan avaa Pk-yrityksille mahdollisuuden kasvaa ja ty\u00f6llist\u00e4\u00e4. T\u00e4st\u00e4 esimerkkin\u00e4 my\u00f6s toissa viikolla uutisoitu p\u00e4\u00e4t\u00f6s mikro- ja kasvuyritysten lainapilotin jatkumisesta ensi vuoden helmikuussa, sanoo Aalto-Set\u00e4l\u00e4.<\/p>\n<p class=\"ai-optimize-9\">Wallinheimon ja Aalto-Set\u00e4l\u00e4n mukaan keskustan talousvaliokunnassa valitsema linja hidastaisi rahoitusp\u00e4\u00e4t\u00f6ksi\u00e4 ilman ett\u00e4 se toisi alueelliseen tasapuolisuuteen todellista parannusta.<\/p>\n<p class=\"ai-optimize-10\">\u2013 Pid\u00e4mme erikoisena, ett\u00e4 Keskusta asettuu n\u00e4in avoimesti Suomen viennin tielle. Kokoomus haluaa, ett\u00e4 ty\u00f6t ja tilaukset pysyv\u00e4t Suomessa. Se edellytt\u00e4\u00e4 toimivaa ja kilpailukykyist\u00e4 Finnveraa, ja sit\u00e4 t\u00e4ll\u00e4 hallituksen esityksell\u00e4 nyt rakennetaan, toteavat edustajat .<\/p>\n<p class=\"ai-optimize-11\">Hallituksen esityst\u00e4 eduskunnalle laiksi valtion erityisrahoitustoiminnasta ja sen j\u00e4rjest\u00e4misest\u00e4 sek\u00e4 siihen liittyviksi laeiksi k\u00e4sitell\u00e4\u00e4n t\u00e4n\u00e4\u00e4n eduskunnassa. Ehdotetun lain mukaan Finnvera Oyj:ll\u00e4 olisi nykyist\u00e4 paremmat mahdollisuudet toimia tehokkaasti valtion erityisrahoitusyhti\u00f6n\u00e4 ja hoitaa yhti\u00f6n elinkeino- ja teollisuuspoliittista teht\u00e4v\u00e4\u00e4.<\/p>\n<p>\u00a0<\/p>\n","protected":false},"excerpt":{"rendered":"Kokoomuksen eduskuntaryhm\u00e4n varapuheenjohtaja Sinuhe Wallinheimo sek\u00e4 kokoomuksen kansanedustaja, talousvaliokunnan varapuheenjohtaja Pauli Aalto-Set\u00e4l\u00e4 tyrm\u00e4\u00e4v\u00e4t keskustan talousvaliokunnassa j\u00e4tt\u00e4m\u00e4n vastalauseen vientiluottoja&hellip;\n","protected":false},"author":2,"featured_media":111940,"comment_status":"","ping_status":"","sticky":false,"template":"","format":"standard","meta":{"footnotes":""},"categories":[12],"tags":[22,23,26,27,33,31,30,17,24,25,28,29,15,18,21,637,32,19,20,16,7901],"class_list":{"0":"post-111939","1":"post","2":"type-post","3":"status-publish","4":"format-standard","5":"has-post-thumbnail","7":"category-suomi","8":"tag-breaking-news","9":"tag-breakingnews","10":"tag-featured-news","11":"tag-featurednews","12":"tag-fi","13":"tag-finland","14":"tag-finnish","15":"tag-headlines","16":"tag-latest-news","17":"tag-latestnews","18":"tag-main-news","19":"tag-mainnews","20":"tag-news","21":"tag-otsikot","22":"tag-paauutiset","23":"tag-politiikka","24":"tag-suomi","25":"tag-top-stories","26":"tag-topstories","27":"tag-uutiset","28":"tag-vienti"},"share_on_mastodon":{"url":"https:\/\/pubeurope.com\/@fi\/115690678976776596","error":""},"_links":{"self":[{"href":"https:\/\/www.europesays.com\/fi\/wp-json\/wp\/v2\/posts\/111939","targetHints":{"allow":["GET"]}}],"collection":[{"href":"https:\/\/www.europesays.com\/fi\/wp-json\/wp\/v2\/posts"}],"about":[{"href":"https:\/\/www.europesays.com\/fi\/wp-json\/wp\/v2\/types\/post"}],"author":[{"embeddable":true,"href":"https:\/\/www.europesays.com\/fi\/wp-json\/wp\/v2\/users\/2"}],"replies":[{"embeddable":true,"href":"https:\/\/www.europesays.com\/fi\/wp-json\/wp\/v2\/comments?post=111939"}],"version-history":[{"count":0,"href":"https:\/\/www.europesays.com\/fi\/wp-json\/wp\/v2\/posts\/111939\/revisions"}],"wp:featuredmedia":[{"embeddable":true,"href":"https:\/\/www.europesays.com\/fi\/wp-json\/wp\/v2\/media\/111940"}],"wp:attachment":[{"href":"https:\/\/www.europesays.com\/fi\/wp-json\/wp\/v2\/media?parent=111939"}],"wp:term":[{"taxonomy":"category","embeddable":true,"href":"https:\/\/www.europesays.com\/fi\/wp-json\/wp\/v2\/categories?post=111939"},{"taxonomy":"post_tag","embeddable":true,"href":"https:\/\/www.europesays.com\/fi\/wp-json\/wp\/v2\/tags?post=111939"}],"curies":[{"name":"wp","href":"https:\/\/api.w.org\/{rel}","templated":true}]}}