{"id":111941,"date":"2025-12-09T17:00:20","date_gmt":"2025-12-09T17:00:20","guid":{"rendered":"https:\/\/www.europesays.com\/fi\/111941\/"},"modified":"2025-12-09T17:00:20","modified_gmt":"2025-12-09T17:00:20","slug":"savonlinnan-perhesurmasta-epaillyn-taustalta-paljastuu-erikoinen-tieto","status":"publish","type":"post","link":"https:\/\/www.europesays.com\/fi\/111941\/","title":{"rendered":"Savonlinnan perhesurmasta ep\u00e4illyn taustalta paljastuu erikoinen tieto"},"content":{"rendered":"<p>Iltalehden saamista asiakirjoista ilmenee, ettei perhesurmasta ep\u00e4illyll\u00e4 miehell\u00e4 ole koskaan ollut ajokorttia. Poliisi etsint\u00e4kuulutti miehen vain kaksi kuukautta sitten.<\/p>\n<p><img decoding=\"async\" class=\"image image-show image-preview\" src=\"https:\/\/www.europesays.com\/fi\/wp-content\/uploads\/2025\/12\/fa0769aab5da9fe2f374110ab46e85c67886857be0b4f453862d069f5a5c5b15.jpg\" alt=\"\"\/><img decoding=\"async\" class=\"image image-show\" src=\"https:\/\/www.europesays.com\/fi\/wp-content\/uploads\/2025\/12\/1765299620_454_fa0769aab5da9fe2f374110ab46e85c67886857be0b4f453862d069f5a5c5b15.jpg\" alt=\"\"\/><\/p>\n<p>\u00c4idin ja kolmen alle 4-vuotiaan lapsen muistolle tuotiin kynttil\u00f6it\u00e4 kotitalon edustalle. Juha Poutanen<\/p>\n<p class=\"paragraph\">Iltalehden tietojen mukaan poliisi etsint\u00e4kuulutti Savonlinnan perhesurmasta ep\u00e4illyn 22-vuotiaan miehen viime lokakuussa.<\/p>\n<p class=\"paragraph\">Etsint\u00e4kuulutuksen taustalla oli tuomioistuimen m\u00e4\u00e4r\u00e4\u00e4m\u00e4 sakko, jota mies ei ollut maksanut. Oikeusrekisterikeskus pyysi poliisilta apua miehen tavoittamiseksi 11. lokakuuta.<\/p>\n<p class=\"paragraph\">Mies oli ilmoittanut kotiosoitteekseen Savonlinnan N\u00e4tkin kaupunginosassa sijaitsevan kerrostaloasunnon, mutta h\u00e4nt\u00e4 ei ilmeisesti sielt\u00e4 tavoitettu.<\/p>\n<p class=\"paragraph\">Iltalehden haastattelemien naapureiden mukaan mies ei juuri kiinteist\u00f6ll\u00e4 k\u00e4ynyt. Asunnon ovessa oli murtoj\u00e4lki\u00e4, jotka olivat naapureiden mukaan tulleet kuukausia sitten.<\/p>\n<p>Miehen kotiovessa oli j\u00e4lki\u00e4, joiden perusteella asuntoon on jouduttu aiemmin menem\u00e4\u00e4n v\u00e4kisin. Oula Airiola<\/p>\n<p class=\"paragraph\">Poliisi p\u00e4\u00e4tti lokakuussa, ett\u00e4 etsint\u00e4kuulutus j\u00e4\u00e4 voimaan, kunnes mies on tavoitettu tai kuulutus vanhenee.<\/p>\n<p class=\"paragraph\">Iltalehden saamista asiakirjoista ei ilmene, tavoitettiinko miest\u00e4 lopulta tai sit\u00e4, mink\u00e4laisesta summasta sakoissa oli kysymys.<\/p>\n<p>Pahoinpiteli viimeisill\u00e4\u00e4n raskaana olevan puolison<\/p>\n<p class=\"paragraph\">Miehell\u00e4 on nuoresta i\u00e4st\u00e4\u00e4n huolimatta runsaasti rikostaustaa. H\u00e4net on tuomittu vuosien saatossa lukuisista v\u00e4kivallanteoista. Yksi pahoinpitelyn uhreista oli miehen puoliso, 20-vuotias nainen.<\/p>\n<p class=\"paragraph\">K\u00e4r\u00e4j\u00e4oikeuden ratkaisun perusteella mies pahoinpiteli viimeisill\u00e4\u00e4n raskaana olevaa naista loppuvuonna 2022: tuomion mukaan mies l\u00f6i naista kasvoihin p\u00e4iv\u00e4 ennen kuin pariskunnan kaksoset syntyiv\u00e4t.<\/p>\n<p class=\"paragraph\">Kyse ei ollut ainutkertaisesta tilanteesta. Tuomion mukaan mies l\u00f6i naista toistamiseen alkuvuoden 2023 aikana sek\u00e4 riuhtoi h\u00e4nt\u00e4 k\u00e4dest\u00e4 kev\u00e4\u00e4ll\u00e4kin.<\/p>\n<p class=\"paragraph\">Mies tuomittiin rikoksista kuluvan vuoden huhtikuussa sakkorangaistukseen.<\/p>\n<p>Ei ajokorttia<\/p>\n<p>Poliisi ep\u00e4ilee miehen sytytt\u00e4neen tulipalon tahallaan. Mervi Sel\u00e4nne<\/p>\n<p class=\"paragraph\">Tuoreimman k\u00e4r\u00e4j\u00e4tuomion mies on saanut viime elokuussa: h\u00e4net tuomittiin sakkorangaistukseen liikennerikoksesta ajettuaan ilman ajokorttia.<\/p>\n<p class=\"paragraph\">Iltalehden saamien asiakirjojen perusteella mies on viime vuosien aikana j\u00e4\u00e4nyt lukuisia kertoja kiinni vastaavasta luvattomasta ajosta.<\/p>\n<p class=\"paragraph\">Poliisin asiakirjojen mukaan miehell\u00e4 ei ole koskaan ollutkaan ajokorttia.<\/p>\n<p class=\"paragraph\">Tilanne on erikoinen, sill\u00e4 miehen sometili pursuaa autokuvia. H\u00e4n on my\u00f6s kaupitellut ja ostellut useita autoja parin viime vuoden aikana.<\/p>\n<p class=\"paragraph\">Mies my\u00f6s k\u00e4ytti ahkerasti lapsiperheen autoa. Asiasta kertoi surmansa saaneen naisen is\u00e4 <a href=\"https:\/\/www.mtvuutiset.fi\/artikkeli\/tahtisilmani-lahti-savonlinnan-palossa-kuolleen-aidin-isa-oli-heidan-luonaan-viela-edellisiltana-ihmetteli-epaillyn-isan-kaytosta\/9267394\" target=\"_blank\" rel=\"noopener nofollow\">MTV:lle<\/a>.<\/p>\n<p class=\"paragraph\">Mies on tuomittu rikoksista my\u00f6s alaik\u00e4isen\u00e4: pahoinpitelyist\u00e4, laittomista uhkauksista, ry\u00f6st\u00f6st\u00e4, raiskauksesta ja t\u00f6rke\u00e4st\u00e4 lapsen seksuaalisesta hyv\u00e4ksik\u00e4yt\u00f6st\u00e4.<\/p>\n<p class=\"paragraph\">H\u00e4n raiskasi 14-vuotiaan tyt\u00f6n syksyll\u00e4 2019 ollessaan itse 16-vuotias. Nuoren katsottiin olleen tekoaikaan alentuneesti syyntakeinen. Rangaistus oli vuosi ja viisi kuukautta ehdollista vankeutta.<\/p>\n<p>Synkk\u00e4 rikosep\u00e4ily<\/p>\n<p>Mies asui perheens\u00e4 kanssa, mutta oli kirjoilla kerrostaloasunnossa toisella puolella Savonlinnaa. Oula Airiola<\/p>\n<p class=\"paragraph\">Nyt poliisi ep\u00e4ilee miest\u00e4 synkimm\u00e4st\u00e4 mahdollisesta rikoksesta. H\u00e4nen ep\u00e4ill\u00e4\u00e4n tappaneen pitk\u00e4aikainen puolisonsa ja pariskunnan kolme pient\u00e4 lasta.<\/p>\n<p class=\"paragraph\">Poliisi ep\u00e4ilee, ett\u00e4 mies sytytti perheen kotitalon tuleen itsen\u00e4isyysp\u00e4iv\u00e4n aamuna 6. joulukuuta.<\/p>\n<p class=\"paragraph\">20-vuotias nainen ja kolme lasta kuolivat tulipalossa.<\/p>\n<p class=\"paragraph\">Mies on itse kiist\u00e4nyt aiheuttaneensa perheenj\u00e4sentens\u00e4 kuoleman ja katsoo, ettei asiassa ole tapahtunut rikosta.<\/p>\n<p class=\"paragraph\">Poliisi vaatii miest\u00e4 vangittavaksi todenn\u00e4k\u00f6isin syin ep\u00e4iltyn\u00e4 nelj\u00e4st\u00e4 taposta ja t\u00f6rke\u00e4st\u00e4 tuhoty\u00f6st\u00e4. Etel\u00e4-Savon k\u00e4r\u00e4j\u00e4oikeus k\u00e4sittelee vaatimusta keskiviikkona.<\/p>\n","protected":false},"excerpt":{"rendered":"Iltalehden saamista asiakirjoista ilmenee, ettei perhesurmasta ep\u00e4illyll\u00e4 miehell\u00e4 ole koskaan ollut ajokorttia. Poliisi etsint\u00e4kuulutti miehen vain kaksi kuukautta&hellip;\n","protected":false},"author":2,"featured_media":111942,"comment_status":"","ping_status":"","sticky":false,"template":"","format":"standard","meta":{"footnotes":""},"categories":[5],"tags":[35,22,23,26,27,33,31,30,17,39,24,25,28,29,15,18,21,54,52,38,32,19,20,16,40],"class_list":{"0":"post-111941","1":"post","2":"type-post","3":"status-publish","4":"format-standard","5":"has-post-thumbnail","7":"category-otsikot","8":"tag-24h","9":"tag-breaking-news","10":"tag-breakingnews","11":"tag-featured-news","12":"tag-featurednews","13":"tag-fi","14":"tag-finland","15":"tag-finnish","16":"tag-headlines","17":"tag-henkirikos","18":"tag-latest-news","19":"tag-latestnews","20":"tag-main-news","21":"tag-mainnews","22":"tag-news","23":"tag-otsikot","24":"tag-paauutiset","25":"tag-pelastuspalvelut","26":"tag-poliisi","27":"tag-rikos","28":"tag-suomi","29":"tag-top-stories","30":"tag-topstories","31":"tag-uutiset","32":"tag-vakivalta"},"share_on_mastodon":{"url":"https:\/\/pubeurope.com\/@fi\/115690682845356180","error":""},"_links":{"self":[{"href":"https:\/\/www.europesays.com\/fi\/wp-json\/wp\/v2\/posts\/111941","targetHints":{"allow":["GET"]}}],"collection":[{"href":"https:\/\/www.europesays.com\/fi\/wp-json\/wp\/v2\/posts"}],"about":[{"href":"https:\/\/www.europesays.com\/fi\/wp-json\/wp\/v2\/types\/post"}],"author":[{"embeddable":true,"href":"https:\/\/www.europesays.com\/fi\/wp-json\/wp\/v2\/users\/2"}],"replies":[{"embeddable":true,"href":"https:\/\/www.europesays.com\/fi\/wp-json\/wp\/v2\/comments?post=111941"}],"version-history":[{"count":0,"href":"https:\/\/www.europesays.com\/fi\/wp-json\/wp\/v2\/posts\/111941\/revisions"}],"wp:featuredmedia":[{"embeddable":true,"href":"https:\/\/www.europesays.com\/fi\/wp-json\/wp\/v2\/media\/111942"}],"wp:attachment":[{"href":"https:\/\/www.europesays.com\/fi\/wp-json\/wp\/v2\/media?parent=111941"}],"wp:term":[{"taxonomy":"category","embeddable":true,"href":"https:\/\/www.europesays.com\/fi\/wp-json\/wp\/v2\/categories?post=111941"},{"taxonomy":"post_tag","embeddable":true,"href":"https:\/\/www.europesays.com\/fi\/wp-json\/wp\/v2\/tags?post=111941"}],"curies":[{"name":"wp","href":"https:\/\/api.w.org\/{rel}","templated":true}]}}