{"id":111943,"date":"2025-12-09T17:03:19","date_gmt":"2025-12-09T17:03:19","guid":{"rendered":"https:\/\/www.europesays.com\/fi\/111943\/"},"modified":"2025-12-09T17:03:19","modified_gmt":"2025-12-09T17:03:19","slug":"11-laudaturin-akseli-pollanen-nain-huipputulos-syntyi","status":"publish","type":"post","link":"https:\/\/www.europesays.com\/fi\/111943\/","title":{"rendered":"11 laudaturin Akseli P\u00f6ll\u00e4nen: N\u00e4in huipputulos syntyi"},"content":{"rendered":"<p>T\u00e4m\u00e4n kev\u00e4\u00e4n ainoa 11 laudaturin ylioppilas Akseli P\u00f6ll\u00e4nen kertoo v\u00e4lttelev\u00e4ns\u00e4 \u201dmultitaskaamista\u201d.<\/p>\n<p>13.5. 20:15<\/p>\n<p class=\"article-body mb-nof-24 px-nof-16\">Nelj\u00e4 kuivaa ruisleip\u00e4\u00e4, puoli litraa vett\u00e4 ja v\u00e4h\u00e4n p\u00e4hkin\u00f6it\u00e4.<\/p>\n<p class=\"article-body mb-nof-24 px-nof-16\">T\u00e4m\u00e4n kaltaisten ev\u00e4iden voimilla espoolainen <a class=\"article-personlink\" href=\"https:\/\/www.is.fi\/haku\/?query=Akseli%20P%C3%B6ll%C3%A4nen\" rel=\"nofollow noopener\" target=\"_blank\">Akseli P\u00f6ll\u00e4nen<\/a>, 19, kirjoitti yksitoista laudaturia. Enn\u00e4tysabiturientti valmistui t\u00e4n\u00e4 kev\u00e4\u00e4n\u00e4 Helsingin Ressun lukiosta.<\/p>\n<p class=\"article-body mb-nof-24 px-nof-16\">\u2013 Ensimm\u00e4isiss\u00e4 kirjoituksissa unohdin ev\u00e4\u00e4t kokonaan. Hain Lidlist\u00e4 pari karjalanpiirakkaa. Ei ollut edes vett\u00e4 mukana, tuore ylioppilas kertoo.<\/p>\n<p class=\"article-body mb-nof-24 px-nof-16\">Laudaturit eli parhaimmat mahdolliset arvosanat P\u00f6ll\u00e4nen kirjoitti aineista: yhteiskuntaoppi, filosofia, historia, uskonto, pitk\u00e4 englanti, keskipitk\u00e4 ruotsi, lyhyt ranska, lyhyt latina, \u00e4idinkieli, pitk\u00e4 matematiikka ja fysiikka.<\/p>\n<p class=\"article-body mb-nof-24 px-nof-16\">P\u00f6ll\u00e4nen vastaa puhelimeen Ranskan Lyonissa, jossa h\u00e4n on lukion kielivaihto-ohjelmassa. Tieto yhdentoista laudaturin suorasta tuli h\u00e4nelle kesken oppitunnin.<\/p>\n<p class=\"article-body mb-nof-24 px-nof-16\">\u2013 Olin t\u00e4\u00e4ll\u00e4 lyonialaisen lukion yhteiskuntaopin tunnilla, joten en liiemmin viitsinyt tuuletella. Hymyh\u00e4n siin\u00e4 v\u00e4ist\u00e4m\u00e4tt\u00e4 tuli, kun kelasi arvosanat n\u00e4kyviin yksitellen \u2013 ja my\u00f6s helpotuksenkin tunne.<\/p>\n<p class=\"article-body mb-nof-24 px-nof-16\">P\u00f6ll\u00e4nen suoritti ylioppilaskokeen kolmessa osassa: toisen vuoden kev\u00e4\u00e4ll\u00e4, kolmannen vuoden syksyll\u00e4 ja kev\u00e4\u00e4ll\u00e4.<\/p>\n<p class=\"article-body mb-nof-24 px-nof-16\">J\u00e4nnitys tiivistyi, sill\u00e4 P\u00f6ll\u00e4nen oli j\u00e4tt\u00e4nyt haastavimmat aineet, matematiikan ja fysiikan viimeiselle kirjoituskerralle.<\/p>\n<p class=\"article-body mb-nof-24 px-nof-16\">Loppujen lopuksi pahin paniikki iski kuitenkin historian ylioppilaskokeessa.<\/p>\n<p class=\"article-body mb-nof-24 px-nof-16\">\u2013 Pelk\u00e4sin, ett\u00e4 tiet\u00e4mykseni Kustaa Vaasan ajan Ruotsista ei ollut riitt\u00e4v\u00e4n hyv\u00e4. Keksin siihen sitten kaikenlaista.<\/p>\n<p class=\"article-body mb-nof-24 px-nof-16\">Aikapaineen takia teht\u00e4v\u00e4\u00e4n oli vastattava.<\/p>\n<p class=\"article-body mb-nof-24 px-nof-16\">P\u00f6ll\u00e4nen sai onnekseen kuitenkin todeta, ett\u00e4 lukion edellytt\u00e4m\u00e4 tiet\u00e4mys Kustaa Vaasasta ei sitten ollutkaan niin korkea.<\/p>\n<p class=\"article-body mb-nof-24 px-nof-16\">Loistosuorituksen syiksi P\u00f6ll\u00e4nen kertoo tunneilla keskittymisen, hyv\u00e4n muistin ja my\u00f6s sen perinteisen: kokeisiin lukemisen. <\/p>\n<p class=\"article-body mb-nof-24 px-nof-16\">\u2013 Mutta olen miettinyt t\u00e4t\u00e4. Minulla tuntuu j\u00e4\u00e4v\u00e4n opitut asiat p\u00e4\u00e4h\u00e4n tavallista paremmin. Koen, ett\u00e4 muistilla on suuri merkitys.<\/p>\n<p class=\"article-body mb-nof-24 px-nof-16\">Opiskelumetodejaan P\u00f6ll\u00e4nen kuvailee \u201dalkeellisiksi\u201d. Niiss\u00e4 aineissa joissa oli teht\u00e4vi\u00e4, h\u00e4n teki teht\u00e4vi\u00e4 ja lukuaineissa h\u00e4n luki. Muistiinpanot tehtiin kyn\u00e4ll\u00e4 ja paperilla.<\/p>\n<p class=\"article-body mb-nof-24 px-nof-16\">Enn\u00e4tysabiturientti korostaa my\u00f6s tunneilla keskittymist\u00e4. T\u00e4m\u00e4 ei ole h\u00e4nen mukaansa itsest\u00e4\u00e4nselvyys edes korkeatasoisessa ja hyv\u00e4maineisessa Ressun lukiossa.<\/p>\n<p class=\"article-body mb-nof-24 px-nof-16\">Keskittymiskyky\u00e4\u00e4n P\u00f6ll\u00e4nen on harjoittanut sill\u00e4, ett\u00e4 ei altista itse\u00e4\u00e4n sosiaaliselle medialle \u2013 eteenk\u00e4\u00e4n sen tarjoamille lyhyille videoille. H\u00e4n kertoo v\u00e4ltt\u00e4v\u00e4ns\u00e4 my\u00f6s multitaskaamista.<\/p>\n<p class=\"article-body mb-nof-24 px-nof-16\">Eik\u00f6 vuonna 2006 syntynyt nuori mies siis viet\u00e4 ollenkaan aikaa \u00e4lypuhelimella?<\/p>\n<p class=\"article-body mb-nof-24 px-nof-16\">\u2013 Se on sitten taas eri kysymys, P\u00f6ll\u00e4nen nauraa.<\/p>\n<p class=\"article-body mb-nof-24 px-nof-16\">H\u00e4n kertoo katselevansa mielell\u00e4\u00e4n esimerkiksi Youtubesta pidempi\u00e4 videoita.<\/p>\n<p><img decoding=\"async\" src=\"https:\/\/www.europesays.com\/fi\/wp-content\/uploads\/2025\/12\/1765299799_817_468.jpg\" alt=\"Vapaa-ajalla P\u00f6ll\u00e4nen lukee mielell\u00e4\u00e4n, vaikkei kutsuisikaan itse\u00e4\u00e4n lukutoukaksi. Viime aikoina kaunokirjallisuus on vaihtunut tietokirjoihin. Lis\u00e4ksi h\u00e4n kertoo harrastavansa aktiivisesti partiota ja nauttivansa tenniksen pelaamisesta.\" class=\"_Img_1rerz_1\" style=\"aspect-ratio:0.5625\" loading=\"eager\"\/><\/p>\n<p class=\"article-picture-caption\">Vapaa-ajalla P\u00f6ll\u00e4nen lukee mielell\u00e4\u00e4n, vaikkei kutsuisikaan itse\u00e4\u00e4n lukutoukaksi. Viime aikoina kaunokirjallisuus on vaihtunut tietokirjoihin. Lis\u00e4ksi h\u00e4n kertoo harrastavansa aktiivisesti partiota ja nauttivansa tenniksen pelaamisesta. Kuva:\u00a0Akseli P\u00f6ll\u00e4sen kotialbumi<\/p>\n<p class=\"article-body mb-nof-24 px-nof-16\">P\u00f6ll\u00e4nen kertoo inspiroituvansa itse\u00e4\u00e4n \u00e4lykk\u00e4immist\u00e4 ihmisist\u00e4 \u2013 mutta my\u00f6s monista ik\u00e4tovereistaan.<\/p>\n<p class=\"article-body mb-nof-24 px-nof-16\">\u2013 Yksi yst\u00e4v\u00e4ni opiskelee kaksoistutkintoa, ja h\u00e4n on esimerkiksi monessa asiassa paljon minua viisaampi. Ei se tutkinto kerro kaikkea.<\/p>\n<p class=\"article-body mb-nof-24 px-nof-16\">Opiskelutovereiden lis\u00e4ksi lukiotaipaleesta P\u00f6ll\u00e4selle j\u00e4\u00e4 mieleen kaikki opittu.<\/p>\n<p class=\"article-body mb-nof-24 px-nof-16\">\u2013 Kyll\u00e4h\u00e4n tuo lukiokoulutus on mielett\u00f6m\u00e4n hyv\u00e4 ja yleissivist\u00e4v\u00e4.<\/p>\n<p class=\"article-body mb-nof-24 px-nof-16\">Esimerkiksi fysiikasta ja filosofiasta P\u00f6ll\u00e4nen kiinnostui lukion ansiosta. Filosofia tuli peruskoulun j\u00e4lkeen uutena aineena, ja se yll\u00e4tti kiinnostavuudellaan.<\/p>\n<p class=\"article-body mb-nof-24 px-nof-16\">\u2013 Meill\u00e4 oli siin\u00e4 tosi hyv\u00e4 opettaja. Harmi, ett\u00e4 sit\u00e4 oli vain nelj\u00e4 kurssia.<\/p>\n<p class=\"article-body mb-nof-24 px-nof-16\">Fysiikkaan P\u00f6ll\u00e4nen kertoo suhtautuneensa viel\u00e4 lukion ensimm\u00e4isen\u00e4 vuonna v\u00e4linpit\u00e4m\u00e4tt\u00f6m\u00e4sti. Keskustelu sukulaisen kanssa saunassa sai kuitenkin h\u00e4net kiinnostumaan oppiaineesta.<\/p>\n<p class=\"article-body mb-nof-24 px-nof-16\">\u2013 T\u00e4tini aviomiehell\u00e4 on ilmanvaihtoasennus\u00adfirma, jossa pit\u00e4\u00e4 tiet\u00e4\u00e4 paljon fysiikasta. Aloimme keskustella lauteilla siit\u00e4, ett\u00e4 kannattaako kiukaalle heitt\u00e4\u00e4 kylm\u00e4\u00e4 vai kuumaa vett\u00e4.<\/p>\n<p class=\"article-body mb-nof-24 px-nof-16\">Keskustelun my\u00f6t\u00e4 P\u00f6ll\u00e4nen jatkoi fysiikan opiskelua.<\/p>\n<p class=\"article-body mb-nof-24 px-nof-16\">\u2013 Mit\u00e4 pidemm\u00e4lle sit\u00e4 opiskeli, oppi arvostamaan sen antamaa avarampaa maailmankuvaa, jonka fysikaalinen ymm\u00e4rrys antaa.<\/p>\n<p class=\"article-body mb-nof-24 px-nof-16\">Ent\u00e4 mitk\u00e4 eiv\u00e4t kuulu yhdentoista laudaturin ylioppilaan vahvuuksiin? <\/p>\n<p class=\"article-body mb-nof-24 px-nof-16\">\u2013 Sanoisin kemia ja biologia. Niit\u00e4 en l\u00e4htenyt edes kirjoittamaan. Matematiikka on my\u00f6s niin laaja kokonaisuus, ett\u00e4 siit\u00e4 kaikki ovat varmaan v\u00e4h\u00e4n ep\u00e4varmoja.<\/p>\n<p class=\"article-body mb-nof-24 px-nof-16\">Lis\u00e4ksi \u00e4idinkielen lukutaidon kokeeseen vastaaminen ei kuulunut lukiossa P\u00f6ll\u00e4sen suosikkiteht\u00e4viin, vaikka siit\u00e4 yo-kokeissa hyvin suoriutuikin.<\/p>\n<p class=\"article-body mb-nof-24 px-nof-16\">\u2013 Sanotaanko n\u00e4in, ett\u00e4 se tekstien analyysi on v\u00e4lill\u00e4 v\u00e4h\u00e4n sellaista kaukaa haettua, enk\u00e4 hahmota sit\u00e4 niin hyvin, P\u00f6ll\u00e4nen kertoo huvittuneena.<\/p>\n<p class=\"article-body mb-nof-24 px-nof-16\">\u2013 Ehk\u00e4 my\u00f6s sosiaalisissa taidoissa on aina parantamisen varaa, h\u00e4n jatkaa.<\/p>\n<p class=\"article-body mb-nof-24 px-nof-16\">Ty\u00f6el\u00e4m\u00e4 ja tulevaisuuden ammatti on 19-vuotiaalla viel\u00e4 h\u00e4m\u00e4r\u00e4n peitossa, mutta kiinnostus suuntautuu kauppa- ja taloustieteisiin.<\/p>\n<p class=\"article-body mb-nof-24 px-nof-16\">Unelmien yliopistot eiv\u00e4t sijaitse kotimaassa. P\u00f6ll\u00e4nen kertoo pyrkiv\u00e4ns\u00e4 tulevana syksyn\u00e4 sek\u00e4 Oxfordin ett\u00e4 London School of Economics -yliopistoihin Englannissa.<\/p>\n<p class=\"article-body mb-nof-24 px-nof-16\">Jos tie ei vie ulkomaille, P\u00f6ll\u00e4nen sanoo suuntaavansa Aallon kauppakorkeakouluun.<\/p>\n<p class=\"article-body mb-nof-24 px-nof-16\">Seuraavaksi P\u00f6ll\u00e4nen menee kuitenkin armeijaan.<\/p>\n<p class=\"article-body mb-nof-24 px-nof-16\">\u2013 Menen sinne iloisin mielen. P\u00e4\u00e4sin hakemaani paikkaan Raaseporiin Dragsvikiin. P\u00e4\u00e4sen siis ruotsin kielikylpyyn.<\/p>\n","protected":false},"excerpt":{"rendered":"T\u00e4m\u00e4n kev\u00e4\u00e4n ainoa 11 laudaturin ylioppilas Akseli P\u00f6ll\u00e4nen kertoo v\u00e4lttelev\u00e4ns\u00e4 \u201dmultitaskaamista\u201d. 13.5. 20:15 Nelj\u00e4 kuivaa ruisleip\u00e4\u00e4, puoli litraa&hellip;\n","protected":false},"author":2,"featured_media":111944,"comment_status":"","ping_status":"","sticky":false,"template":"","format":"standard","meta":{"footnotes":""},"categories":[115],"tags":[33,31,30,455,34,454,118,32,119],"class_list":{"0":"post-111943","1":"post","2":"type-post","3":"status-publish","4":"format-standard","5":"has-post-thumbnail","7":"category-fysiikka","8":"tag-fi","9":"tag-finland","10":"tag-finnish","11":"tag-fysiikka","12":"tag-ilta-sanomat","13":"tag-physics","14":"tag-science","15":"tag-suomi","16":"tag-tiede"},"share_on_mastodon":{"url":"https:\/\/pubeurope.com\/@fi\/115690694604794999","error":""},"_links":{"self":[{"href":"https:\/\/www.europesays.com\/fi\/wp-json\/wp\/v2\/posts\/111943","targetHints":{"allow":["GET"]}}],"collection":[{"href":"https:\/\/www.europesays.com\/fi\/wp-json\/wp\/v2\/posts"}],"about":[{"href":"https:\/\/www.europesays.com\/fi\/wp-json\/wp\/v2\/types\/post"}],"author":[{"embeddable":true,"href":"https:\/\/www.europesays.com\/fi\/wp-json\/wp\/v2\/users\/2"}],"replies":[{"embeddable":true,"href":"https:\/\/www.europesays.com\/fi\/wp-json\/wp\/v2\/comments?post=111943"}],"version-history":[{"count":0,"href":"https:\/\/www.europesays.com\/fi\/wp-json\/wp\/v2\/posts\/111943\/revisions"}],"wp:featuredmedia":[{"embeddable":true,"href":"https:\/\/www.europesays.com\/fi\/wp-json\/wp\/v2\/media\/111944"}],"wp:attachment":[{"href":"https:\/\/www.europesays.com\/fi\/wp-json\/wp\/v2\/media?parent=111943"}],"wp:term":[{"taxonomy":"category","embeddable":true,"href":"https:\/\/www.europesays.com\/fi\/wp-json\/wp\/v2\/categories?post=111943"},{"taxonomy":"post_tag","embeddable":true,"href":"https:\/\/www.europesays.com\/fi\/wp-json\/wp\/v2\/tags?post=111943"}],"curies":[{"name":"wp","href":"https:\/\/api.w.org\/{rel}","templated":true}]}}