{"id":111946,"date":"2025-12-09T17:12:07","date_gmt":"2025-12-09T17:12:07","guid":{"rendered":"https:\/\/www.europesays.com\/fi\/111946\/"},"modified":"2025-12-09T17:12:07","modified_gmt":"2025-12-09T17:12:07","slug":"raul-reimanin-elamakerta-kertoo-iskelmasanoittajan-elamasta-ja-tyosta","status":"publish","type":"post","link":"https:\/\/www.europesays.com\/fi\/111946\/","title":{"rendered":"Raul Reimanin el\u00e4m\u00e4kerta kertoo iskelm\u00e4sanoittajan el\u00e4m\u00e4st\u00e4 ja ty\u00f6st\u00e4"},"content":{"rendered":"<p class=\"article-body mb-nof-24 px-nof-16\">Tietokirja <\/p>\n<p class=\"article-body mb-nof-24 px-nof-16\">Juha-Matti Tammela ja Antti Luukkanen: Raul Reiman \u2013 Iskelm\u00e4sanoittajan el\u00e4m\u00e4. Tammi. 493 s. <\/p>\n<p class=\"article-body mb-nof-24 px-nof-16\">Vajaa tuhat levytetty\u00e4 lauluteksti\u00e4 kirjoittaneesta <a class=\"article-personlink\" href=\"https:\/\/www.hs.fi\/haku\/?query=Raul%20Reimanista\" rel=\"nofollow noopener\" target=\"_blank\">Raul Reimanista<\/a> oli h\u00e4nen elinaikanaan Helsingin Sanomissa vain kymmenkunta rivimainintaa. Ei artikkeleita, kolumneja tai esseit\u00e4 \u2013 tammikuussa 1982 yksi pieni kuvaton haastattelu, jossa h\u00e4n pikemminkin asettui puolustelemaan ty\u00f6t\u00e4\u00e4n.<\/p>\n","protected":false},"excerpt":{"rendered":"Tietokirja Juha-Matti Tammela ja Antti Luukkanen: Raul Reiman \u2013 Iskelm\u00e4sanoittajan el\u00e4m\u00e4. Tammi. 493 s. Vajaa tuhat levytetty\u00e4 lauluteksti\u00e4&hellip;\n","protected":false},"author":2,"featured_media":111947,"comment_status":"","ping_status":"","sticky":false,"template":"","format":"standard","meta":{"footnotes":""},"categories":[136],"tags":[407,137,33,31,30,46,408,32,109],"class_list":{"0":"post-111946","1":"post","2":"type-post","3":"status-publish","4":"format-standard","5":"has-post-thumbnail","7":"category-julkkikset","8":"tag-celebrities","9":"tag-entertainment","10":"tag-fi","11":"tag-finland","12":"tag-finnish","13":"tag-helsingin-sanomat","14":"tag-julkkikset","15":"tag-suomi","16":"tag-viihde"},"share_on_mastodon":{"url":"https:\/\/pubeurope.com\/@fi\/115690729855165525","error":""},"_links":{"self":[{"href":"https:\/\/www.europesays.com\/fi\/wp-json\/wp\/v2\/posts\/111946","targetHints":{"allow":["GET"]}}],"collection":[{"href":"https:\/\/www.europesays.com\/fi\/wp-json\/wp\/v2\/posts"}],"about":[{"href":"https:\/\/www.europesays.com\/fi\/wp-json\/wp\/v2\/types\/post"}],"author":[{"embeddable":true,"href":"https:\/\/www.europesays.com\/fi\/wp-json\/wp\/v2\/users\/2"}],"replies":[{"embeddable":true,"href":"https:\/\/www.europesays.com\/fi\/wp-json\/wp\/v2\/comments?post=111946"}],"version-history":[{"count":0,"href":"https:\/\/www.europesays.com\/fi\/wp-json\/wp\/v2\/posts\/111946\/revisions"}],"wp:featuredmedia":[{"embeddable":true,"href":"https:\/\/www.europesays.com\/fi\/wp-json\/wp\/v2\/media\/111947"}],"wp:attachment":[{"href":"https:\/\/www.europesays.com\/fi\/wp-json\/wp\/v2\/media?parent=111946"}],"wp:term":[{"taxonomy":"category","embeddable":true,"href":"https:\/\/www.europesays.com\/fi\/wp-json\/wp\/v2\/categories?post=111946"},{"taxonomy":"post_tag","embeddable":true,"href":"https:\/\/www.europesays.com\/fi\/wp-json\/wp\/v2\/tags?post=111946"}],"curies":[{"name":"wp","href":"https:\/\/api.w.org\/{rel}","templated":true}]}}