{"id":111948,"date":"2025-12-09T17:19:08","date_gmt":"2025-12-09T17:19:08","guid":{"rendered":"https:\/\/www.europesays.com\/fi\/111948\/"},"modified":"2025-12-09T17:19:08","modified_gmt":"2025-12-09T17:19:08","slug":"korona-haittaa-krista-parmakosken-maailmancup-suunnitelmia-urheilu","status":"publish","type":"post","link":"https:\/\/www.europesays.com\/fi\/111948\/","title":{"rendered":"Korona haittaa Krista P\u00e4rm\u00e4kosken maailmancup-suunnitelmia | Urheilu"},"content":{"rendered":"<p>Maastohiiht\u00e4j\u00e4 Krista P\u00e4rm\u00e4koski kertoi sairastuneensa koronavirukseen. Hiiht\u00e4j\u00e4t\u00e4hti ilmoitti tiistaina l\u00e4htev\u00e4ns\u00e4 kotimatkalle Davosista, jossa kilpaillaan maailmancupia tulevana viikonloppuna.<\/p>\n<p>\u2013\u2009Viime viikonloppuna alkaneet vaikeudet saanee nyt jatkoa tai mahdollisesti selkeytt\u00e4\u00e4 niit\u00e4, P\u00e4rm\u00e4koski kirjoittaa <a href=\"https:\/\/www.instagram.com\/p\/DSC1Gs7jB3l\/?utm_source=ig_embed&amp;img_index=4\" rel=\"nofollow noopener\" target=\"_blank\">Instagram-julkaisussaan<\/a>.<\/p>\n<p>P\u00e4rm\u00e4koski j\u00e4tti sunnuntain v\u00e4liaikal\u00e4ht\u00f6kilpailun v\u00e4liin terveyssyist\u00e4. Tuolloin h\u00e4n arveli sairastumisen johtuneen sy\u00f6m\u00e4st\u00e4\u00e4n homeisesta hampurilaiss\u00e4mpyl\u00e4st\u00e4, joka aiheutti n\u00e4r\u00e4styst\u00e4 ja hengitysvaikeuksia.<\/p>\n<p>\u2013\u2009Varmaa on se, ett\u00e4 alkuper\u00e4iseen kisakalenteriin tulee muutos ja ruvetaan miettim\u00e4\u00e4n uutta suunnitelmaa. <\/p>\n<p>H\u00e4n kirjoittaa, ett\u00e4 B-suunnitelmalla on ennenkin p\u00e4rj\u00e4tty ja siihen pit\u00e4\u00e4 uskoa nytkin.<\/p>\n<p>P\u00e4rm\u00e4koskella on 164 pistett\u00e4 kasassa maailmancupin kokonaispistetilanteessa. <\/p>\n<p>\t\t\t\t\t\t\t\t<script async src=\"\/\/www.instagram.com\/embed.js\"><\/script><\/p>\n","protected":false},"excerpt":{"rendered":"Maastohiiht\u00e4j\u00e4 Krista P\u00e4rm\u00e4koski kertoi sairastuneensa koronavirukseen. Hiiht\u00e4j\u00e4t\u00e4hti ilmoitti tiistaina l\u00e4htev\u00e4ns\u00e4 kotimatkalle Davosista, jossa kilpaillaan maailmancupia tulevana viikonloppuna. \u2013\u2009Viime&hellip;\n","protected":false},"author":2,"featured_media":111949,"comment_status":"","ping_status":"","sticky":false,"template":"","format":"standard","meta":{"footnotes":""},"categories":[158],"tags":[33,31,30,2675,41,13302,764,159,32,1145,765,167,160,161],"class_list":{"0":"post-111948","1":"post","2":"type-post","3":"status-publish","4":"format-standard","5":"has-post-thumbnail","7":"category-urheilu","8":"tag-fi","9":"tag-finland","10":"tag-finnish","11":"tag-instagram","12":"tag-liikunta-ja-urheilu","13":"tag-ruuansulatus","14":"tag-sairaudet","15":"tag-sports","16":"tag-suomi","17":"tag-talviurheilu","18":"tag-taudit-ja-hairiot","19":"tag-terveys","20":"tag-urheilu","21":"tag-urheilutapahtumat"},"share_on_mastodon":{"url":"https:\/\/pubeurope.com\/@fi\/115690757600990728","error":""},"_links":{"self":[{"href":"https:\/\/www.europesays.com\/fi\/wp-json\/wp\/v2\/posts\/111948","targetHints":{"allow":["GET"]}}],"collection":[{"href":"https:\/\/www.europesays.com\/fi\/wp-json\/wp\/v2\/posts"}],"about":[{"href":"https:\/\/www.europesays.com\/fi\/wp-json\/wp\/v2\/types\/post"}],"author":[{"embeddable":true,"href":"https:\/\/www.europesays.com\/fi\/wp-json\/wp\/v2\/users\/2"}],"replies":[{"embeddable":true,"href":"https:\/\/www.europesays.com\/fi\/wp-json\/wp\/v2\/comments?post=111948"}],"version-history":[{"count":0,"href":"https:\/\/www.europesays.com\/fi\/wp-json\/wp\/v2\/posts\/111948\/revisions"}],"wp:featuredmedia":[{"embeddable":true,"href":"https:\/\/www.europesays.com\/fi\/wp-json\/wp\/v2\/media\/111949"}],"wp:attachment":[{"href":"https:\/\/www.europesays.com\/fi\/wp-json\/wp\/v2\/media?parent=111948"}],"wp:term":[{"taxonomy":"category","embeddable":true,"href":"https:\/\/www.europesays.com\/fi\/wp-json\/wp\/v2\/categories?post=111948"},{"taxonomy":"post_tag","embeddable":true,"href":"https:\/\/www.europesays.com\/fi\/wp-json\/wp\/v2\/tags?post=111948"}],"curies":[{"name":"wp","href":"https:\/\/api.w.org\/{rel}","templated":true}]}}