{"id":11195,"date":"2025-08-20T12:55:07","date_gmt":"2025-08-20T12:55:07","guid":{"rendered":"https:\/\/www.europesays.com\/fi\/11195\/"},"modified":"2025-08-20T12:55:07","modified_gmt":"2025-08-20T12:55:07","slug":"siirtyvatko-koululaisten-kesalomat-nyt-tuli-vastaus-hallituspuolueista","status":"publish","type":"post","link":"https:\/\/www.europesays.com\/fi\/11195\/","title":{"rendered":"Siirtyv\u00e4tk\u00f6 koululaisten kes\u00e4lomat? Nyt tuli vastaus hallituspuolueista"},"content":{"rendered":"<p>RKP:n puheenjohtaja, opetusministeri Anders Adlercreutz haluaa siirt\u00e4\u00e4 koulujen kes\u00e4lomien aloitusta kahdella viikolla eteenp\u00e4in.<\/p>\n<ul>\n<li>Opetus- ja kulttuuriministeri\u00f6 on k\u00e4ynnist\u00e4nyt selvityksen, joka kartoittaa mahdollisuudet kes\u00e4loman siirt\u00e4misess\u00e4.<\/li>\n<li>Hallituskumppanit eiv\u00e4t suoraan tyrm\u00e4\u00e4 Adlercreutzin kantaa, mutta suurta intoa kes\u00e4lomien siirtoon ei puolueilla n\u00e4yt\u00e4 olevan.<\/li>\n<li>Jos yritykset ja etenkin matkailuala tukevat lomien siirtoa, opettajat eiv\u00e4t ole tervehtineet kaavailuja ilolla.<\/li>\n<\/ul>\n<p class=\"paragraph\">Iltalehti tavoitti kokoomuksen, perussuomalaisten ja kristillisdemokraattien eduskuntaryhmien puheenjohtajat kertomaan ryhmiens\u00e4 kannan opetusministeri <strong>Anders Adlercreutzin<\/strong> (r) avaukseen koulujen kes\u00e4lomien siirrosta.<\/p>\n<p class=\"paragraph\">Adlercreutz <a href=\"https:\/\/www.iltalehti.fi\/politiikka\/5ba770ec-efb5-49b2-a4b3-4d6c615e1ea2\" rel=\"nofollow noopener\" target=\"_blank\">tiedotti alkuviikolla<\/a> n\u00e4kev\u00e4ns\u00e4 kes\u00e4loman siirron ratkaisuna sek\u00e4 perheiden lomasuunnittelun ja hyvinvoinnin ett\u00e4 yritysten toimintaedellytysten kannalta \u2013 puhumattakaan kotimaisesta matkailusta ja pidemm\u00e4st\u00e4 kes\u00e4sesongista suuressa osassa maata. Nyt selvitys kartoittaa loman siirtoa.<\/p>\n<p class=\"paragraph\">\u2013 Kun selvitys on valmis, n\u00e4emme, l\u00f6yd\u00e4mmek\u00f6 yhteisymm\u00e4rryksen hallituksessa. Koska kyse on aloitteesta, joka ei sis\u00e4lly hallitusohjelmaan, tarvitaan poliittisia keskusteluja asiasta, Adlercreutz n\u00e4kee.<\/p>\n<p>Selvitys t\u00e4rke\u00e4<\/p>\n<p class=\"paragraph\">Kokoomuksen eduskuntaryhm\u00e4n puheenjohtaja <a href=\"https:\/\/www.iltalehti.fi\/henkilot\/Jukka Kopra\" class=\"article-link-person-page\" rel=\"nofollow noopener\" target=\"_blank\">Jukka Kopra<\/a> toteaa, ett\u00e4 kokoomus pit\u00e4\u00e4 hyv\u00e4n\u00e4 sit\u00e4, kes\u00e4lomien ajankohtaa selvitet\u00e4\u00e4n.<\/p>\n<p class=\"paragraph\">\u2013 Jos jotain muutoksia tai s\u00e4\u00e4t\u00f6j\u00e4 j\u00e4rjestelm\u00e4\u00e4n tehd\u00e4\u00e4n, meid\u00e4n mielest\u00e4mme ne pit\u00e4\u00e4 tehd\u00e4 oppilaiden oppimista ja koulunk\u00e4ynnin edellytyksi\u00e4 tukevalla tavalla. Eli ei suljeta pois mutta ei sukkanakaan kannateta. T\u00e4m\u00e4 asia on hyv\u00e4 selvitt\u00e4\u00e4, Kopra tiivist\u00e4\u00e4.<\/p>\n<p class=\"paragraph\">K\u00e4yt\u00e4nn\u00f6ss\u00e4 kokoomus on siis avoin k\u00e4ym\u00e4\u00e4n kes\u00e4lomista keskustelua.<\/p>\n<p>Kokoomuksen eduskuntaryhm\u00e4n puheenjohtaja Jukka Kopra. Jenni G\u00e4stgivar<\/p>\n<p class=\"paragraph\">Kopran mukaan harkintaa ohjaava tekij\u00e4 on, millaisia vaikutuksia muutoksilla oppilaiden opiskeluun olisi. Vain matkailualan toiveet ja tarpeet eiv\u00e4t m\u00e4\u00e4rit\u00e4 sit\u00e4, miten koko Suomen lasten pit\u00e4isi koulua k\u00e4yd\u00e4.<\/p>\n<p class=\"paragraph\">Opetusalan j\u00e4rjest\u00f6 OAJ:n j\u00e4senist\u00f6lle tehdyn kyselyn perusteella noin 80 prosenttia opettajista <a href=\"https:\/\/www.iltalehti.fi\/politiikka\/9cf49c8b-63ad-4ad0-8cf7-eba228830994\" rel=\"nofollow noopener\" target=\"_blank\">vastustaa<\/a> kes\u00e4lomien my\u00f6hent\u00e4mist\u00e4. Opettajat ajattelevat, ett\u00e4 muutoksilla olisi kielteinen vaikutus heid\u00e4n ja oppilaiden jaksamiseen ja oppilaiden oppimisen taso heikkenisi.<\/p>\n<p class=\"paragraph\">Kopra odottaa, ett\u00e4 opettajien kannat tulevat ilmi my\u00f6s tulevassa selvityksess\u00e4.<\/p>\n<p class=\"paragraph\">\u2013 Sen j\u00e4lkeen, kun on asia analysoitu, on mahdollisuus tehd\u00e4 johtop\u00e4\u00e4t\u00f6ksi\u00e4.<\/p>\n<p>\u201dEp\u00e4ilen vahvasti\u201d<\/p>\n<p class=\"paragraph\">Perussuomalaisten eduskuntaryhm\u00e4n puheenjohtaja <a href=\"https:\/\/www.iltalehti.fi\/henkilot\/Jani M\u00e4kel\u00e4\" class=\"article-link-person-page\" rel=\"nofollow noopener\" target=\"_blank\">Jani M\u00e4kel\u00e4<\/a> kertoo, ett\u00e4  perussuomalaisten ryhm\u00e4 ei ole muodollisesti k\u00e4sitellyt kes\u00e4lomien siirtoa.<\/p>\n<p class=\"paragraph\">\u2013 N\u00e4kemyksi\u00e4 on siirron puolesta ja siirt\u00e4m\u00e4tt\u00e4 j\u00e4tt\u00e4misen puolesta. Mielipiteet ja perustelut varmaan jakautuvat jonkin verran. Ehk\u00e4 sit\u00e4 kautta n\u00e4kisin, ett\u00e4 t\u00e4m\u00e4 ei ole v\u00e4ltt\u00e4m\u00e4tt\u00e4 juuri t\u00e4m\u00e4n p\u00e4iv\u00e4n polttava ongelma, jota pit\u00e4isi k\u00e4yd\u00e4 ratkomaan, M\u00e4kel\u00e4 sanoo.<\/p>\n<p>Perussuomalaisten eduskuntaryhm\u00e4n puheenjohtaja Jani M\u00e4kel\u00e4. Mikko Huisko<\/p>\n<p class=\"paragraph\">H\u00e4n painottaa, ett\u00e4 selvityksen pohjalta katsotaan, tuleeko siit\u00e4 mit\u00e4\u00e4n uutta.<\/p>\n<p class=\"paragraph\">\u2013 Ep\u00e4ilen vahvasti, ett\u00e4 ei tule.<\/p>\n<p class=\"paragraph\">M\u00e4kel\u00e4 ei kuitenkaan ota kantaa suuntaan eik\u00e4 toiseen, olisiko perussuomalaisilla valmiutta edist\u00e4\u00e4 kes\u00e4lomien siirtoa t\u00e4ll\u00e4 vaalikaudella.<\/p>\n<p class=\"paragraph\">\u2013 Sanoisin, ett\u00e4 t\u00e4m\u00e4 ei ole meille mitenk\u00e4\u00e4n erityisen t\u00e4rke\u00e4 asia.<\/p>\n<p class=\"paragraph\">\u2013 Ehk\u00e4 jos jostain asiasta ei ole varmuutta, ett\u00e4 sen haluaa muuttaa, silloin on viisaampi olla muuttamatta.<\/p>\n<p class=\"paragraph\">M\u00e4kel\u00e4n mukaan eri osapuolia on kuunneltava, kun asiasta keskustellaan. T\u00e4rke\u00e4 on kuunnella muun muassa niin yritysel\u00e4m\u00e4\u00e4 kuin opettajia.<\/p>\n<p>Ei jossittelua<\/p>\n<p class=\"paragraph\">Kristillisdemokraateilla vaikuttaa olevan hallituspuolueista selke\u00e4sti kriittisin suhtautuminen kes\u00e4lomien siirtoon.<\/p>\n<p class=\"paragraph\">Ensiksi kristillisdemokraattisen eduskuntaryhm\u00e4n puheenjohtaja <a href=\"https:\/\/www.iltalehti.fi\/henkilot\/Peter \u00d6stman\" class=\"article-link-person-page\" rel=\"nofollow noopener\" target=\"_blank\">Peter \u00d6stman<\/a> sanoo, ett\u00e4 lomakausi on syyt\u00e4 sijoittaa mahdollisimman valoisaan ajanjaksoon, kuten t\u00e4ll\u00e4 hetkell\u00e4 jo onkin. H\u00e4n muistuttaa, ett\u00e4 asiaa on selvitelty aiemminkin ja toteaa, ett\u00e4 opettajien kanta on keskeinen.<\/p>\n<p class=\"paragraph\">\u2013 Heid\u00e4n mielest\u00e4\u00e4n lomien siirt\u00e4minen aiheuttaa liian suuria haasteita kouluty\u00f6n rutiineille, opetusj\u00e4rjestelm\u00e4lle ja my\u00f6skin ty\u00f6olosuhteille, \u00d6stman muistuttaa.<\/p>\n<p class=\"paragraph\">\u00d6stmanin mukaan vaarana on my\u00f6s oppilaiden jaksamisen heikkeneminen ja ty\u00f6rauhan h\u00e4iriintyminen kouluissa.<\/p>\n<p>Kristillisdemokraattisen eduskuntaryhm\u00e4n puheenjohtaja Peter \u00d6stman. Petteri Paalasmaa<\/p>\n<p class=\"paragraph\">\u00d6stman toteaa, ett\u00e4 vanhempien kannalta haaste olisi lomien yhteensovittaminen ty\u00f6- ja perhearjessa. T\u00e4ss\u00e4 on my\u00f6s alueellista vaihtelua, joka on huomioitava. \u00d6stman sanoo, ett\u00e4 Etel\u00e4-Suomessa aloitetaan l\u00e4mpimien alkukesien takia kes\u00e4lomat aiemmin kuin pohjoisessa.<\/p>\n<p class=\"paragraph\">\u2013 Kaiken kaikkiaan kaivataan asiantuntijavetoista keskustelua kasvatuksen ja oppimisen n\u00e4k\u00f6kulmasta, ei pelkk\u00e4n\u00e4 elinkeinojen etuasiana.<\/p>\n<p class=\"paragraph\"><strong>Voiko t\u00e4st\u00e4 tehd\u00e4 sen johtop\u00e4\u00e4t\u00f6ksen, ettei KD hyv\u00e4ksy kes\u00e4lomien siirtoa t\u00e4ll\u00e4 hallituskaudella?<\/strong><\/p>\n<p class=\"paragraph\">\u2013 Kyll\u00e4 n\u00e4in sanoisin, ett\u00e4 asiaa ei ehdit\u00e4 muuttaa t\u00e4ll\u00e4 hallituskaudella, \u00d6stman vastaa.<\/p>\n<p class=\"paragraph\">H\u00e4n kuitenkin jatkaa, ett\u00e4 asiaa on hyv\u00e4 selvitt\u00e4\u00e4.<\/p>\n<p class=\"paragraph\">\u2013 Mutta aikaisempien selvitystuloksien pohjalta vet\u00e4isin kyll\u00e4 sen johtop\u00e4\u00e4t\u00f6ksen, ettei se taida tulla ajankohtaiseksi en\u00e4\u00e4 t\u00e4ll\u00e4 hallituskaudella.<\/p>\n<p class=\"paragraph\">Kysytt\u00e4ess\u00e4, olisiko kristillisdemokraateilla kaikesta huolimatta mahdollisuus keskustella kes\u00e4lomien siirrosta, jos muut puolueet osoittavat asiaan valmiutta, \u00d6stman vastaa, ett\u00e4 kristillisdemokraatit ei jossittele ennen kuin selvitys on tehty.<\/p>\n<p>Orpo liputti aiemmin<\/p>\n<p class=\"paragraph\">Opetusministeri Adlercreutz <a href=\"https:\/\/www.iltalehti.fi\/politiikka\/9cf49c8b-63ad-4ad0-8cf7-eba228830994\" rel=\"nofollow noopener\" target=\"_blank\">v\u00e4l\u00e4ytti jo kev\u00e4\u00e4ll\u00e4<\/a> alue- ja kuntavaalitentiss\u00e4, ett\u00e4 koulujen kes\u00e4lomaa voisi my\u00f6h\u00e4ist\u00e4\u00e4 pari viikkoa.<\/p>\n<p class=\"paragraph\">Pari viikkoa voisi olla ihan hyv\u00e4, Adlercreutz lausui tuolloin ja p\u00e4\u00e4ministeri <a href=\"https:\/\/www.iltalehti.fi\/henkilot\/Petteri Orpo\" class=\"article-link-person-page\" rel=\"nofollow noopener\" target=\"_blank\">Petteri Orpo<\/a> (kok) toisti saman.<\/p>\n<p class=\"paragraph\">My\u00f6s perussuomalaisten puheenjohtaja, valtiovarainministeri <a href=\"https:\/\/www.iltalehti.fi\/henkilot\/Riikka Purra\" class=\"article-link-person-page\" rel=\"nofollow noopener\" target=\"_blank\">Riikka Purra<\/a> nosti tuolloin vihre\u00e4n lapun. Hallituspuolueista vain kristillisdemokraattien puheenjohtaja <a href=\"https:\/\/www.iltalehti.fi\/henkilot\/Sari Essayah\" class=\"article-link-person-page\" rel=\"nofollow noopener\" target=\"_blank\">Sari Essayah<\/a> ei liputtanut kes\u00e4lomien siirron puolesta.<\/p>\n<p class=\"paragraph\">Matkailu- ja Ravintolapalvelut MaRan ja Palvelualojen ammattiliitto PAMin teett\u00e4mien selvitysten mukaan koulujen kes\u00e4lomien siirto saa kannatusta sek\u00e4 kansalaisilta ett\u00e4 matkailu- ja ravintola-alan yrityksilt\u00e4.<\/p>\n<p class=\"paragraph\">Haaga-Helia ammattikorkeakoulun tekem\u00e4n selvityksen mukaan 75 prosenttia matkailu- ja ravintola-alan yrityksist\u00e4 kannattaa kes\u00e4lomien siirtoa ja vain 13 prosenttia vastustaa sit\u00e4. Yritysten liikevaihto kasvaisi.<\/p>\n<p class=\"paragraph\">Suomen Yritt\u00e4j\u00e4t <a href=\"https:\/\/www.yrittajat.fi\/uutiset\/mt-yrittajat-innokkaimpia-rukkaamaan-koululaisten-kesalomia-nain-moni-haluaisi-siirtaa-myohemmaksi\/\" target=\"_blank\" rel=\"noopener nofollow\">kysyi<\/a> koulujen kes\u00e4lomien siirrosta Yritt\u00e4j\u00e4gallupissa viimeksi puolitoista vuotta sitten. Tuolloin 45 prosenttia pk-yritt\u00e4jist\u00e4 kannatti siirtoa muutamalla viikolla siten, ett\u00e4 my\u00f6s elokuu olisi Suomessa lomakuukausi. 28 prosenttia vastaajista vastusti siirtoa. Yritt\u00e4j\u00e4gallupissa vastaajina on vain mikro- ja pk-yritysten edustajia.<\/p>\n","protected":false},"excerpt":{"rendered":"RKP:n puheenjohtaja, opetusministeri Anders Adlercreutz haluaa siirt\u00e4\u00e4 koulujen kes\u00e4lomien aloitusta kahdella viikolla eteenp\u00e4in. Opetus- ja kulttuuriministeri\u00f6 on k\u00e4ynnist\u00e4nyt&hellip;\n","protected":false},"author":2,"featured_media":11196,"comment_status":"","ping_status":"","sticky":false,"template":"","format":"standard","meta":{"footnotes":""},"categories":[5],"tags":[35,22,23,26,27,33,31,30,17,24,25,28,29,15,18,21,637,886,888,885,887,32,19,20,16],"class_list":{"0":"post-11195","1":"post","2":"type-post","3":"status-publish","4":"format-standard","5":"has-post-thumbnail","7":"category-otsikot","8":"tag-24h","9":"tag-breaking-news","10":"tag-breakingnews","11":"tag-featured-news","12":"tag-featurednews","13":"tag-fi","14":"tag-finland","15":"tag-finnish","16":"tag-headlines","17":"tag-latest-news","18":"tag-latestnews","19":"tag-main-news","20":"tag-mainnews","21":"tag-news","22":"tag-otsikot","23":"tag-paauutiset","24":"tag-politiikka","25":"tag-puolueet","26":"tag-suomalaiset-poliitikot","27":"tag-suomen-poliittiset-puolueet","28":"tag-suomen-politiikka","29":"tag-suomi","30":"tag-top-stories","31":"tag-topstories","32":"tag-uutiset"},"share_on_mastodon":{"url":"","error":""},"_links":{"self":[{"href":"https:\/\/www.europesays.com\/fi\/wp-json\/wp\/v2\/posts\/11195","targetHints":{"allow":["GET"]}}],"collection":[{"href":"https:\/\/www.europesays.com\/fi\/wp-json\/wp\/v2\/posts"}],"about":[{"href":"https:\/\/www.europesays.com\/fi\/wp-json\/wp\/v2\/types\/post"}],"author":[{"embeddable":true,"href":"https:\/\/www.europesays.com\/fi\/wp-json\/wp\/v2\/users\/2"}],"replies":[{"embeddable":true,"href":"https:\/\/www.europesays.com\/fi\/wp-json\/wp\/v2\/comments?post=11195"}],"version-history":[{"count":0,"href":"https:\/\/www.europesays.com\/fi\/wp-json\/wp\/v2\/posts\/11195\/revisions"}],"wp:featuredmedia":[{"embeddable":true,"href":"https:\/\/www.europesays.com\/fi\/wp-json\/wp\/v2\/media\/11196"}],"wp:attachment":[{"href":"https:\/\/www.europesays.com\/fi\/wp-json\/wp\/v2\/media?parent=11195"}],"wp:term":[{"taxonomy":"category","embeddable":true,"href":"https:\/\/www.europesays.com\/fi\/wp-json\/wp\/v2\/categories?post=11195"},{"taxonomy":"post_tag","embeddable":true,"href":"https:\/\/www.europesays.com\/fi\/wp-json\/wp\/v2\/tags?post=11195"}],"curies":[{"name":"wp","href":"https:\/\/api.w.org\/{rel}","templated":true}]}}