{"id":111958,"date":"2025-12-09T17:26:07","date_gmt":"2025-12-09T17:26:07","guid":{"rendered":"https:\/\/www.europesays.com\/fi\/111958\/"},"modified":"2025-12-09T17:26:07","modified_gmt":"2025-12-09T17:26:07","slug":"valiokunta-ajautui-ilmiriitaan-syytokset-sinkoilivat-tiedotustilaisuudessa","status":"publish","type":"post","link":"https:\/\/www.europesays.com\/fi\/111958\/","title":{"rendered":"Valiokunta ajautui ilmiriitaan \u2013 Syyt\u00f6kset sinkoilivat tiedotustilaisuudessa"},"content":{"rendered":"<p>Maa- ja mets \u00e4talousvaliokunta j\u00e4rjesti melkoisen joulunalusn\u00e4ytelm\u00e4n, jossa p\u00e4\u00e4osaan nousivat suden lis\u00e4ksi my\u00f6s karhu ja ilves. Sivurooli oli varattu saukolle.<\/p>\n<p class=\"paragraph\">Maa- ja mets\u00e4talousvaliokunta sai tiistaina leivottua kasaan paljon kiistoja her\u00e4tt\u00e4neen mietinn\u00f6n suden kannanhoidollisesta mets\u00e4styksest\u00e4.<\/p>\n<p class=\"paragraph\">P\u00e4\u00e4t\u00f6ksenteosta tuli melkoinen n\u00e4ytelm\u00e4, kun valiokunta p\u00e4\u00e4tti omin p\u00e4in lis\u00e4t\u00e4 suden ohella lakiin mahdollisuuden my\u00f6s karhun ja ilveksen kiinti\u00f6mets\u00e4stykseen, vaikka EU:n luontodirektiivin mukaan karhu ja ilves ovat tiukasti suojeltuja lajeja.<\/p>\n<p class=\"paragraph\">My\u00f6s <a href=\"https:\/\/www.is.fi\/politiikka\/art-2000011678183.html\" target=\"_blank\" rel=\"noopener nofollow\">paljon h\u00e4mmennyst\u00e4 aiheuttanut saukko<\/a> kulkeutui yh\u00e4 teknisist\u00e4 syist\u00e4 mukaan karhun ja ilveksen rinnalla valiokunnan ty\u00f6st\u00e4m\u00e4\u00e4n lakitekstiin, vaikkakaan sen kiinti\u00f6mets\u00e4stys ei ole realisoitumassa.<\/p>\n<p class=\"paragraph\">Paljon melua tyhj\u00e4st\u00e4, voisi todeta saukko-keskustelusta.<\/p>\n<p>Sudenmets\u00e4stys \u201dhallitusti\u201d<\/p>\n<p class=\"paragraph\">Maa- ja mets\u00e4talousvaliokunta puoltaa mietinn\u00f6ss\u00e4\u00e4n suden ymp\u00e4rivuotisesta rauhoituksesta luopumista. Suden rauhoitusajasta ehdotetaan s\u00e4\u00e4dett\u00e4v\u00e4ksi mets\u00e4stysasetuksessa.<\/p>\n<p class=\"paragraph\">Maa- ja mets\u00e4talousvaliokunnan puheenjohtaja <a href=\"https:\/\/www.iltalehti.fi\/henkilot\/Kike Elomaa\" class=\"article-link-person-page\" rel=\"nofollow noopener\" target=\"_blank\">Kike Elomaa<\/a> (ps) tiivisti tiedotustilaisuudessa eduskunnassa t\u00e4n\u00e4\u00e4n valiokunnan hyv\u00e4ksyneen lakiehdotuksen, joka mahdollistaa suden kiinti\u00f6mets\u00e4styksen ensi vuoden alusta.<\/p>\n<p class=\"paragraph\">Mets\u00e4styksen aloittaminen edellytt\u00e4\u00e4 kuitenkin tarkkoja s\u00e4\u00e4nn\u00f6ksi\u00e4 muun muassa rauhoitusajasta ja alueellisista kiinti\u00f6ist\u00e4. Ilveksen ja karhun mets\u00e4styksen aikataulu lienee siksi iso kysymysmerkki.<\/p>\n<p>Kansanedustaja Kike Elomaa (ps). Pasi Liesimaa<\/p>\n<p class=\"paragraph\">\u2013 Sudenmets\u00e4stys toteutetaan hallitusti, tarkoin kohdennettuna kiinti\u00f6mets\u00e4styksen\u00e4 ja samalla huolehditaan siit\u00e4, ettei suden suotuisa suojelutaso vaarannu, Elomaa sanoi.<\/p>\n<p class=\"paragraph\">\u2013 Lis\u00e4ksi valiokunta hyv\u00e4ksyi lakiehdotukseen muutoksia, joilla mahdollistetaan karhun ja ilveksen rauhoituksesta poikkeaminen alueellisen kiinti\u00f6mets\u00e4styksen keinoin, Elomaa jatkoi.<\/p>\n<p class=\"paragraph\">Valiokunnan lausumaehdotuksen mukaan maa- ja mets\u00e4talousministeri\u00f6 velvoitetaan valmistelemaan asetukset karhun ja ilveksen alueelliseen kiinti\u00f6mets\u00e4stykseen viipym\u00e4tt\u00e4.<\/p>\n<p>Essayah: Karhuasetus aikaisintaan kev\u00e4\u00e4ll\u00e4<\/p>\n<p class=\"paragraph\">STT on kertonut, ett\u00e4 maa- ja mets\u00e4talousministeri\u00f6ss\u00e4 <a href=\"https:\/\/www.suomenmaa.fi\/uutiset\/maa-ja-metsatalousministerio-kyseenalaistaa-karhun-ja-ilveksen-ottamisen-kiintiometsastyksen-piiriin\/\" target=\"_blank\" rel=\"noopener nofollow\">ep\u00e4ilytt\u00e4\u00e4<\/a>, onko esitys EU-lains\u00e4\u00e4d\u00e4nn\u00f6n mukainen.<\/p>\n<p class=\"paragraph\">Maa- ja mets\u00e4talousministeri <a href=\"https:\/\/www.iltalehti.fi\/henkilot\/Sari Essayah\" class=\"article-link-person-page\" rel=\"nofollow noopener\" target=\"_blank\">Sari Essayah<\/a> kommentoi Iltalehdelle tekstiviestitse, ett\u00e4 nyt keskityt\u00e4\u00e4n kolmeen sudenmets\u00e4styst\u00e4 koskevan asetuksen antamiseen, jotta suden kannanhoidollinen mets\u00e4stys voi edet\u00e4.<\/p>\n<p class=\"paragraph\">\u2013 Suomella on karhua koskeva varauma Bernin sopimuksessa ja silt\u00e4 pohjalta komissio on ollut puuttumatta niin sanottuun karhun keskeytysmets\u00e4stykseen aikana, jolloin karhukanta oli huomattavasti nykyist\u00e4 pienempi, eik\u00e4 my\u00f6sk\u00e4\u00e4n sen j\u00e4lkeen, Essayah viestitt\u00e4\u00e4.<\/p>\n<p>Maa- ja mets\u00e4talousministeri Sari Essayah (kd). Henri K\u00e4rkk\u00e4inen<\/p>\n<p class=\"paragraph\"><a href=\"https:\/\/eur-lex.europa.eu\/FI\/legal-content\/summary\/bern-convention.html\" target=\"_blank\" rel=\"noopener nofollow\">Berniss\u00e4\u00a01979\u00a0hyv\u00e4ksytyll\u00e4 yleissopimuksella<\/a> edistet\u00e4\u00e4n allekirjoittajamaiden yhteisty\u00f6t\u00e4\u00a0luonnonvaraisen kasviston ja el\u00e4imist\u00f6n\u00a0ja niiden\u00a0elinymp\u00e4rist\u00f6n\u00a0sek\u00e4\u00a0uhanalaisten vaeltavien lajien\u00a0suojelemiseksi. Keskeytysmets\u00e4stys tarkoittaa kiinti\u00f6mets\u00e4styst\u00e4.<\/p>\n<p class=\"paragraph\">\u2013 Ratkaisu karhukannan nopeaan 20 prosentin kasvuun (Luonnonvarakeskus) ja ihmisarkuuden v\u00e4henemiseen on l\u00f6ydett\u00e4v\u00e4 suht\u2019 nopealla aikataululla jo ihan turvallisuusn\u00e4k\u00f6kohtien vuoksi, Essayah sanoo.<\/p>\n<p class=\"paragraph\">H\u00e4nen mukaansa karhuasetus annetaan joka tapauksessa aikaisintaan kev\u00e4\u00e4ll\u00e4.<\/p>\n<p class=\"paragraph\">\u2013 Eduskunnan linjaus on keskeinen ja ministeri\u00f6it\u00e4 velvoittava suomalaisessa demokratiassa.<\/p>\n<p>Simula: Mets\u00e4stys el\u00e4inlajien etu<\/p>\n<p class=\"paragraph\">Valiokunnan hallitus- ja oppositioj\u00e4senten j\u00e4nnitteet tulivat esiin valiokunnan j\u00e4senten tiedotustilaisuudessa. Ei ihme, sill\u00e4 mietinn\u00f6ss\u00e4 on kaksi vastalausetta, vihreiden ja vasemmistoliiton sek\u00e4 SDP:n.<\/p>\n<p class=\"paragraph\">Kokoomuksen kansanedustaja <a href=\"https:\/\/www.iltalehti.fi\/henkilot\/Markku Eestil\u00e4\" class=\"article-link-person-page\" rel=\"nofollow noopener\" target=\"_blank\">Markku Eestil\u00e4<\/a> nosti tiedotustilaisuudessa esiin suurpetokantojen kasvua Suomessa. H\u00e4nen mukaansa suojelun taso on saavutettu.<\/p>\n<p class=\"paragraph\">\u2013 Suurpetokannat ovat kasvaneet, Eestil\u00e4 sanoi ja lis\u00e4si t\u00e4m\u00e4n aiheuttaneen turvallisuusvajetta ja omaisuusvahinkoja.<\/p>\n<p class=\"paragraph\">N\u00e4it\u00e4 valiokunta pyrkii h\u00e4nen mukaansa ratkaisuillaan v\u00e4hent\u00e4m\u00e4\u00e4n.<\/p>\n<p class=\"paragraph\">Perussuomalaisten kansanedustaja <a href=\"https:\/\/www.iltalehti.fi\/henkilot\/Jenna Simula\" class=\"article-link-person-page\" rel=\"nofollow noopener\" target=\"_blank\">Jenna Simulan<\/a> mukaan Suomessa ollaan tilanteessa, jossa \u201dlampaat raadellaan laitumille, porot raadellaan metsiin\u201d.<\/p>\n<p>Perussuomalaisten kansanedustaja Jenna Simula (ps). Jussi Korhonen<\/p>\n<p class=\"paragraph\">\u2013 Ja mets\u00e4stystapahtumissa koiria, jotka ovat siell\u00e4 t\u00f6iss\u00e4, raadellaan jopa ihmisten silmien alla hengilt\u00e4. Sen lis\u00e4ksi lapsia vied\u00e4\u00e4n kouluun koulukyydein sen vuoksi, ett\u00e4 susia liikkuu lasten kouluteill\u00e4.<\/p>\n<p class=\"paragraph\">Kun sutta p\u00e4\u00e4st\u00e4\u00e4n mets\u00e4st\u00e4m\u00e4\u00e4n vuosittain kiinti\u00f6mets\u00e4styksen\u00e4, valitusoikeuttakaan alueellisista kiinti\u00f6ist\u00e4 ei ole, Simula kiitteli.<\/p>\n<p class=\"paragraph\">Simulan mukaan suurpetoja on mets\u00e4stett\u00e4v\u00e4, jotta niiden ihmisarkuus palaa. H\u00e4n muotoili olevan el\u00e4inlajien etu, ett\u00e4 niit\u00e4 harvennetaan ja voidaan el\u00e4\u00e4 sovussa ihmisten kanssa.<\/p>\n<p>\u201dArvoton n\u00e4ytelm\u00e4\u201d<\/p>\n<p class=\"paragraph\">Vihreiden ja vasemmistoliiton valiokuntaj\u00e4senet <a href=\"https:\/\/www.iltalehti.fi\/henkilot\/Tiina Elo\" class=\"article-link-person-page\" rel=\"nofollow noopener\" target=\"_blank\">Tiina Elo<\/a> (vihr) ja <a href=\"https:\/\/www.iltalehti.fi\/henkilot\/Veronika Honkasalo\" class=\"article-link-person-page\" rel=\"nofollow noopener\" target=\"_blank\">Veronika Honkasalo<\/a> (vas) ry\u00f6pyttiv\u00e4t valiokunnan mietint\u00f6\u00e4 rajusti.<\/p>\n<p class=\"paragraph\">\u2013 Sek\u00e4 alkuper\u00e4inen esitys ett\u00e4 valiokunnan siihen tekem\u00e4t muutokset ovat sek\u00e4 sis\u00e4ll\u00f6n ett\u00e4 lainvalmisteluprosessin osalta arvoton n\u00e4ytelm\u00e4, Tiina Elo sanoi viitaten muun muassa lains\u00e4\u00e4d\u00e4nn\u00f6n arviointineuvoston murskakritiikkiin.<\/p>\n<p class=\"paragraph\">\u2013 Viime hetken sekoilu saukon osalta osoittaa, miten ala-arvoisella tavalla t\u00e4ss\u00e4 on tehty lains\u00e4\u00e4d\u00e4nt\u00f6\u00e4. Prosessi valiokunnassa on ollut aivan ennenkuulumaton. Hallituksen esitykseen on tehty merkitt\u00e4vi\u00e4 muutoksia ilman asiantuntijakuulemisia ja vastoin ministeri\u00f6n n\u00e4kemyst\u00e4, Elo jatkoi.<\/p>\n<p class=\"paragraph\">Elo valitti sit\u00e4, ett\u00e4 kansalaisilla ei ole valitusoikeutta kiinti\u00f6luvista.<\/p>\n<p class=\"paragraph\">\u2013 Toimintatavat koko t\u00e4m\u00e4n lain k\u00e4sittelyn aikana ovat olleet laajasti sellaisia, joita ei tulisi hyv\u00e4ksy\u00e4 demokraattisessa oikeusvaltiossa.<\/p>\n<p>Vasemmistoliiton kansanedustaja Veronika Honkasalo. Elle Laitila<\/p>\n<p class=\"paragraph\">Vasemmistoliiton kansanedustaja <a href=\"https:\/\/www.iltalehti.fi\/henkilot\/Veronika Honkasalo\" class=\"article-link-person-page\" rel=\"nofollow noopener\" target=\"_blank\">Veronika Honkasalo<\/a> kuvasi nyt n\u00e4kem\u00e4\u00e4ns\u00e4 \u201dluokattomimmaksi ja ala-arvoisimmaksi n\u00e4ytelm\u00e4ksi\u201d, johon h\u00e4n on kansanedustajana joutunut. H\u00e4n huomautti muun muassa, ett\u00e4 ilveksest\u00e4, karhusta ja saukosta ei ole k\u00e4yty mink\u00e4\u00e4nlaista l\u00e4hetekeskustelua.<\/p>\n<p>Essayah: Saukon mets\u00e4styksest\u00e4 ei tule asetusta<\/p>\n<p class=\"paragraph\">Tiedotustilaisuudessa puhuttiin paljon saukon p\u00e4\u00e4tymisest\u00e4 kiinti\u00f6mets\u00e4styksen piiriin.<\/p>\n<p class=\"paragraph\">\u2013 Valiokunta ei edellyt\u00e4 ministeri\u00f6t\u00e4 valmistelemaan asetusta saukon osalta, Jenna Simula sanoi.<\/p>\n<p class=\"paragraph\">Markku Eestil\u00e4 lis\u00e4si, ettei kukaan todellisuudessa j\u00e4rjest\u00e4 saukon kiinti\u00f6mets\u00e4styst\u00e4 ja painotti ylip\u00e4\u00e4ns\u00e4 kiinti\u00f6mets\u00e4styksen toimivan Suomessa vastuullisesti. Edustaja Elo sanoi, ett\u00e4 saukon kiinti\u00f6mets\u00e4stys kuitenkin mahdollistuu mietint\u00f6\u00f6n muotoilulla, jos ministeri\u00f6 niin p\u00e4\u00e4tt\u00e4isi.<\/p>\n<p class=\"paragraph\">Ministeri Sari Essayah kuitenkin vakuutti Iltalehdelle eduskunnassa, ett\u00e4 asetusta saukon mets\u00e4st\u00e4miseksi ei ole tulossa.<\/p>\n<p class=\"paragraph\">\u2013 Ylip\u00e4\u00e4ns\u00e4 mets\u00e4styslaista on ymm\u00e4rrett\u00e4v\u00e4 se, ett\u00e4 kaikki vaativat asetuksen. Riistakanalintuakaan ei mets\u00e4stet\u00e4 pelk\u00e4ll\u00e4 lailla, vaan se vaatii asetuksen, h\u00e4n totesi.<\/p>\n<p>\u201dTyylipisteit\u00e4 ei tule\u201d<\/p>\n<p class=\"paragraph\">Oppositiopuolueista SDP kannattaa suden, karhun ja ilveksen kannanhoidollista kiinti\u00f6mets\u00e4styst\u00e4. Puolueen mukaan huonosti valmistellut ja liian my\u00f6h\u00e4\u00e4n eduskunnalle toimitetut esitykset vaarantavat kuitenkin mets\u00e4styksen aloituksen ajallaan.<\/p>\n<p class=\"paragraph\">\u2013 Tyylipisteit\u00e4 t\u00e4m \u00e4n asian valmistelusta ei t\u00e4ll\u00e4 kertaa tule, SDP:n kansanedustaja <a href=\"https:\/\/www.iltalehti.fi\/henkilot\/Piritta Rantanen\" class=\"article-link-person-page\" rel=\"nofollow noopener\" target=\"_blank\">Piritta Rantanen<\/a> lausui mediatilaisuudessa.<\/p>\n<p>SDP:n kansanedustaja Piritta Rantanen. OUTI J\u00c4RVINEN<\/p>\n<p class=\"paragraph\">Rantasen mukaan on ep\u00e4selv\u00e4\u00e4, antavatko ministeri\u00f6n virkamiehet tarvittavat asetukset kiinti\u00f6mets\u00e4styksen aloittamisesta aikataulussaan.<\/p>\n<p class=\"paragraph\">Rantasen mukaan useita SDP:n kansanedustajia on \u201dmaalitettu\u201d maakunnissa ja SDP:n kannasta on annettu virheellist\u00e4 tietoa. H\u00e4nen mukaansa SDP on halunnut, ett\u00e4 lait valmistetaan huolella.<\/p>\n<p class=\"paragraph\">\u2013 Nyt t\u00e4ss\u00e4 halutaan saada n\u00e4ytt\u00e4m\u00e4\u00e4n silt\u00e4, ett\u00e4 omaa viivyttelevi\u00e4 ja johtamisongelmista johtuvia virheit\u00e4 yritet\u00e4\u00e4n k\u00e4\u00e4nt\u00e4\u00e4 opposition syyksi, Rantanen syytti hallituspuolueita.<\/p>\n<p class=\"paragraph\">SDP:ss\u00e4 n\u00e4hd\u00e4\u00e4n riskin\u00e4, ett\u00e4 laki karhun ja ilveksen kiinti\u00f6mets\u00e4styksest\u00e4 olisi EU-lain vastainen. Markku Eestil\u00e4 arvioi, ett\u00e4 asiasta tulee kantelu komissiolle.<\/p>\n<p class=\"paragraph\">Keskustan eduskuntaryhm\u00e4 on maa- ja mets\u00e4talousvaliokunnan varapuheenjohtajan <a href=\"https:\/\/www.iltalehti.fi\/henkilot\/Anne Kalmari\" class=\"article-link-person-page\" rel=\"nofollow noopener\" target=\"_blank\">Anne Kalmarin<\/a> mukaan mieliss\u00e4\u00e4n siit\u00e4, ett\u00e4 kiinti\u00f6mets\u00e4stys laajenee suden lis\u00e4ksi my\u00f6s karhuun ja ilvekseen.<\/p>\n","protected":false},"excerpt":{"rendered":"Maa- ja mets \u00e4talousvaliokunta j\u00e4rjesti melkoisen joulunalusn\u00e4ytelm\u00e4n, jossa p\u00e4\u00e4osaan nousivat suden lis\u00e4ksi my\u00f6s karhu ja ilves. Sivurooli oli&hellip;\n","protected":false},"author":2,"featured_media":111959,"comment_status":"","ping_status":"","sticky":false,"template":"","format":"standard","meta":{"footnotes":""},"categories":[5],"tags":[35,22,23,26,27,33,31,30,17,24,25,28,29,15,18,21,637,886,888,885,887,32,19,20,16],"class_list":{"0":"post-111958","1":"post","2":"type-post","3":"status-publish","4":"format-standard","5":"has-post-thumbnail","7":"category-otsikot","8":"tag-24h","9":"tag-breaking-news","10":"tag-breakingnews","11":"tag-featured-news","12":"tag-featurednews","13":"tag-fi","14":"tag-finland","15":"tag-finnish","16":"tag-headlines","17":"tag-latest-news","18":"tag-latestnews","19":"tag-main-news","20":"tag-mainnews","21":"tag-news","22":"tag-otsikot","23":"tag-paauutiset","24":"tag-politiikka","25":"tag-puolueet","26":"tag-suomalaiset-poliitikot","27":"tag-suomen-poliittiset-puolueet","28":"tag-suomen-politiikka","29":"tag-suomi","30":"tag-top-stories","31":"tag-topstories","32":"tag-uutiset"},"share_on_mastodon":{"url":"https:\/\/pubeurope.com\/@fi\/115690784909947682","error":""},"_links":{"self":[{"href":"https:\/\/www.europesays.com\/fi\/wp-json\/wp\/v2\/posts\/111958","targetHints":{"allow":["GET"]}}],"collection":[{"href":"https:\/\/www.europesays.com\/fi\/wp-json\/wp\/v2\/posts"}],"about":[{"href":"https:\/\/www.europesays.com\/fi\/wp-json\/wp\/v2\/types\/post"}],"author":[{"embeddable":true,"href":"https:\/\/www.europesays.com\/fi\/wp-json\/wp\/v2\/users\/2"}],"replies":[{"embeddable":true,"href":"https:\/\/www.europesays.com\/fi\/wp-json\/wp\/v2\/comments?post=111958"}],"version-history":[{"count":0,"href":"https:\/\/www.europesays.com\/fi\/wp-json\/wp\/v2\/posts\/111958\/revisions"}],"wp:featuredmedia":[{"embeddable":true,"href":"https:\/\/www.europesays.com\/fi\/wp-json\/wp\/v2\/media\/111959"}],"wp:attachment":[{"href":"https:\/\/www.europesays.com\/fi\/wp-json\/wp\/v2\/media?parent=111958"}],"wp:term":[{"taxonomy":"category","embeddable":true,"href":"https:\/\/www.europesays.com\/fi\/wp-json\/wp\/v2\/categories?post=111958"},{"taxonomy":"post_tag","embeddable":true,"href":"https:\/\/www.europesays.com\/fi\/wp-json\/wp\/v2\/tags?post=111958"}],"curies":[{"name":"wp","href":"https:\/\/api.w.org\/{rel}","templated":true}]}}