{"id":111960,"date":"2025-12-09T17:36:14","date_gmt":"2025-12-09T17:36:14","guid":{"rendered":"https:\/\/www.europesays.com\/fi\/111960\/"},"modified":"2025-12-09T17:36:14","modified_gmt":"2025-12-09T17:36:14","slug":"mitka-samsung-laitteet-saivat-uuden-paivityksen-viikko-49-2025-samsung-magazine","status":"publish","type":"post","link":"https:\/\/www.europesays.com\/fi\/111960\/","title":{"rendered":"Mitk\u00e4 Samsung-laitteet saivat uuden p\u00e4ivityksen (viikko 49, 2025) \u2013 Samsung Magazine"},"content":{"rendered":"<p class=\"gt-block\">T\u00e4ss\u00e4 on luettelo Samsungin laitteista, joka sai ohjelmistop\u00e4ivityksen 1.\u20135. joulukuuta. Tarkemmin sanottuna kyse on noin Galaxy A34, Galaxy S21, Galaxy A33 5G, Galaxy Z Fold3, Galaxy Z Flip3, Galaxy Watch Ultra, Galaxy Tab A9+ a Galaxy Watch5.<\/p>\n<p class=\"gt-block\">Puhelin Galaxy A34 aloitti ensimm\u00e4isen\u00e4 laitteena Galaxy vastaanottaa joulukuun tietoturvakorjauksen. Sis\u00e4lt\u00e4\u00e4 laiteohjelmistoversion <strong>A346EXXSBEYK3<\/strong> ja se oli ensimm\u00e4isen kerran saatavilla Indonesiassa.<\/p>\n<p class=\"gt-block\">Uusimmat tietoturvakorjaukset Android-k\u00e4ytt\u00f6j\u00e4rjestelm\u00e4st\u00e4 l\u00f6ydettiin 57 Googlen korjaamaa haavoittuvuutta, joista kuusi luokiteltiin kriittisiksi ja loput korkean riskin haavoittuvuuksiksi. Lis\u00e4ksi p\u00e4ivitys sis\u00e4lt\u00e4\u00e4 11 korjausta Samsungin ohjelmistoistaan \u200b\u200bl\u00f6yt\u00e4miin tietoturva-aukkoihin.<\/p>\n<p class=\"gt-block\">Vakavimpiin korjattuihin bugeihin kuuluvat sormenj\u00e4lkij\u00e4rjestelm\u00e4n, k\u00e4ynnistyslataimen ja videokoodekkikirjastojen kantaman ulkopuoliset luku- ja kirjoitusvirheet, jotka saattoivat mahdollistaa hy\u00f6kk\u00e4\u00e4jien p\u00e4\u00e4syn tietoihin tai niiden korvaamisen. Korjaus korjaa my\u00f6s vakavan bugin sovelluksessa. Dynaaminen lukitusn\u00e4ytt\u00f6, joka voi antaa muiden sovellusten k\u00e4ytt\u00e4\u00e4 sen tiedostoja, tai Samsungin radiorajapintakerroksen todennusvirhe, joka voi sallia ei-toivotut kirjoitukset muistiin.<\/p>\n<p lang=\"cs-CZ\" class=\"gt-block\">\u00c4lypuhelimissa Galaxy S21, Galaxy A33 5G, Galaxy Z Fold3, Galaxy Z Flip3 ja \u00e4lykello Galaxy Watch Ultra Samsung on alkanut julkaista marraskuun tietoturvap\u00e4ivityst\u00e4. Sarjalle Galaxy S21 sis\u00e4lt\u00e4\u00e4 laiteohjelmistoversion<strong> G99xBXXSIHYK1<\/strong> ja levi\u00e4\u00e4 parhaillaan ymp\u00e4ri Eurooppaa, Galaxy A33 5G versio <strong>A336EDXSFGYK3<\/strong> ja saapui ensimm\u00e4isen\u00e4 Intiaan, u Galaxy Z Foldu3 versio <strong>F926USQSEKYK1<\/strong> ja ilmestyi ensimm\u00e4isen kerran Yhdysvalloissa klo Galaxy Z Flipu3 versio <strong>F711USQSFKYK1<\/strong> ja oli ensimm\u00e4inen saatavilla my\u00f6s Yhdysvalloissa Galaxy Watch Ultra versio <strong>L705FXXU2BYK1<\/strong> ja oli ensimm\u00e4inen, joka &#8221;laskeutui&#8221; Intiaan ja joihinkin muihin Aasian maihin.<\/p>\n<p>                                <a href=\"https:\/\/samsungmagazine.eu\/fi\/2025\/12\/06\/mate-nektere-z-techto-vlajkovych-samsung-zarizeni-tak-uz-pro-ne-nedostanete-aktualizaci\/\" class=\"thumbnail\" title=\"Onko sinulla jokin n\u00e4ist\u00e4 Samsungin lippulaiva-laitteista? Et saa niihin en\u00e4\u00e4 p\u00e4ivityst\u00e4.\u00a0\" rel=\"nofollow noopener\" target=\"_blank\"><\/p>\n<p>    <img decoding=\"async\" class=\"lazyload landscape \"  data- src=\"https:\/\/www.europesays.com\/fi\/wp-content\/uploads\/2025\/12\/Samsung-Galaxy-Z-Fold-2-23.jpg\" title=\"Samsung Galaxy Z Fold 2 23\" alt=\"Samsung Galaxy Z Fold 2\" data-caption=\"Samsung Galaxy Z Fold2\" data-orig-width=\"760\" data-orig-height=\"570\"\/><br \/>\n                    <\/a><\/p>\n<p lang=\"cs-CZ\" class=\"gt-block\">Tabletti Galaxy Tab A9+ k\u00e4ynnistettiin viimeisen\u00e4 kelvollisena laitteena Galaxy saat vakaan p\u00e4ivityksen One UI 8. Mukana tulee laiteohjelmistoversio, joka p\u00e4\u00e4ttyy numeroihin <strong>BYKG<\/strong> ja sit\u00e4 on t\u00e4ll\u00e4 hetkell\u00e4 saatavilla Euroopassa.<\/p>\n<p lang=\"cs-CZ\" class=\"gt-block\">Ja mit\u00e4 kelloon tulee Galaxy Watch5 ja Watch5 Prolle, Samsung on alkanut julkaista niille vakaata p\u00e4ivityst\u00e4 One UI 8 Kello. Siin\u00e4 on laiteohjelmistoversio, joka p\u00e4\u00e4ttyy numeroihin <strong>DYK4<\/strong> ja se oli ensimm\u00e4isen kerran saatavilla Etel\u00e4-Koreassa.<\/p>\n","protected":false},"excerpt":{"rendered":"T\u00e4ss\u00e4 on luettelo Samsungin laitteista, joka sai ohjelmistop\u00e4ivityksen 1.\u20135. joulukuuta. Tarkemmin sanottuna kyse on noin Galaxy A34, Galaxy&hellip;\n","protected":false},"author":2,"featured_media":396,"comment_status":"","ping_status":"","sticky":false,"template":"","format":"standard","meta":{"footnotes":""},"categories":[86],"tags":[420,33,31,30,421,32,91,92],"class_list":{"0":"post-111960","1":"post","2":"type-post","3":"status-publish","4":"format-standard","5":"has-post-thumbnail","7":"category-laitteet","8":"tag-equipment","9":"tag-fi","10":"tag-finland","11":"tag-finnish","12":"tag-laitteet","13":"tag-suomi","14":"tag-technology","15":"tag-teknologia"},"share_on_mastodon":{"url":"https:\/\/pubeurope.com\/@fi\/115690824385613318","error":""},"_links":{"self":[{"href":"https:\/\/www.europesays.com\/fi\/wp-json\/wp\/v2\/posts\/111960","targetHints":{"allow":["GET"]}}],"collection":[{"href":"https:\/\/www.europesays.com\/fi\/wp-json\/wp\/v2\/posts"}],"about":[{"href":"https:\/\/www.europesays.com\/fi\/wp-json\/wp\/v2\/types\/post"}],"author":[{"embeddable":true,"href":"https:\/\/www.europesays.com\/fi\/wp-json\/wp\/v2\/users\/2"}],"replies":[{"embeddable":true,"href":"https:\/\/www.europesays.com\/fi\/wp-json\/wp\/v2\/comments?post=111960"}],"version-history":[{"count":0,"href":"https:\/\/www.europesays.com\/fi\/wp-json\/wp\/v2\/posts\/111960\/revisions"}],"wp:featuredmedia":[{"embeddable":true,"href":"https:\/\/www.europesays.com\/fi\/wp-json\/wp\/v2\/media\/396"}],"wp:attachment":[{"href":"https:\/\/www.europesays.com\/fi\/wp-json\/wp\/v2\/media?parent=111960"}],"wp:term":[{"taxonomy":"category","embeddable":true,"href":"https:\/\/www.europesays.com\/fi\/wp-json\/wp\/v2\/categories?post=111960"},{"taxonomy":"post_tag","embeddable":true,"href":"https:\/\/www.europesays.com\/fi\/wp-json\/wp\/v2\/tags?post=111960"}],"curies":[{"name":"wp","href":"https:\/\/api.w.org\/{rel}","templated":true}]}}