{"id":111965,"date":"2025-12-09T17:45:07","date_gmt":"2025-12-09T17:45:07","guid":{"rendered":"https:\/\/www.europesays.com\/fi\/111965\/"},"modified":"2025-12-09T17:45:07","modified_gmt":"2025-12-09T17:45:07","slug":"donald-trumpin-ja-gianni-infantinon-suhteesta-tehtiin-valitus","status":"publish","type":"post","link":"https:\/\/www.europesays.com\/fi\/111965\/","title":{"rendered":"Donald Trumpin ja Gianni Infantinon suhteesta tehtiin valitus"},"content":{"rendered":"<p>Puheenjohtajaa syytet\u00e4\u00e4n Fifan eettisten s\u00e4\u00e4nt\u00f6jen rikkomisesta.<\/p>\n<p class=\"article-body mb-nof-24 px-nof-16\">Fifan eettiselle komitealle on j\u00e4tetty virallinen valitus, jossa v\u00e4itet\u00e4\u00e4n sen puheenjohtajan <a class=\"article-personlink\" href=\"https:\/\/www.is.fi\/haku\/?query=Gianni%20Infantinon\" rel=\"nofollow noopener\" target=\"_blank\">Gianni Infantinon<\/a> syyllistyneen \u201dtoistuviin rikkomuksiin\u201d Fifan poliittista puolueettomuutta koskevaa velvoitetta vastaan, <a class=\"article-genericlink\" href=\"https:\/\/www.nytimes.com\/athletic\/6873068\/2025\/12\/09\/fifa-infantino-trump-peace-prize-complaint\/\" rel=\"nofollow noopener\" target=\"_blank\">uutisoi <\/a>The Athletic.<\/p>\n<p class=\"article-body mb-nof-24 px-nof-16\">Valituksessa pyydet\u00e4\u00e4n my\u00f6s tutkintaa syist\u00e4, miksi Yhdysvaltojen presidentti <a class=\"article-personlink\" href=\"https:\/\/www.is.fi\/haku\/?query=Donald%20Trump\" rel=\"nofollow noopener\" target=\"_blank\">Donald Trump<\/a> sai ensimm\u00e4isen Fifan rauhanpalkinnon.<\/p>\n<p class=\"article-body mb-nof-24 px-nof-16\">Valituksen on tehnyt voittoa tavoittelematon j\u00e4rjest\u00f6 FairSquare, joka keskittyy urheiluun, globaaleihin siirtoty\u00f6ntekij\u00f6iden oikeuksiin ja poliittiseen sortoon.<\/p>\n<p class=\"article-body mb-nof-24 px-nof-16\">Urheilun alalla j\u00e4rjest\u00f6 kertoo, ett\u00e4 se \u201dedist\u00e4\u00e4 parempaa ja demokraattisempaa hallintoa, est\u00e4\u00e4kseen urheiluj\u00e4rjest\u00f6j\u00e4 aiheuttamasta vahinkoa ja k\u00e4rsimyst\u00e4.\u201d<\/p>\n<p class=\"article-body mb-nof-24 px-nof-16\">Kahdeksansivuinen valituskirje toimitettiin Fifan eettiselle komitealle ja viestint\u00e4tiimille maanantaina.<\/p>\n<p class=\"article-body mb-nof-24 px-nof-16\">Valituksessa eritell\u00e4\u00e4n nelj\u00e4 v\u00e4itetty\u00e4 tapausta, joissa Infantino olisi rikkonut Fifan puolueettomuusvelvoitetta \u2013 ja kaikki n\u00e4ist\u00e4 liittyv\u00e4t puheenjohtajan julkiseen Trumpin tukemiseen.<\/p>\n<p class=\"article-body mb-nof-24 px-nof-16\">Ensimm\u00e4inen rikkomus liittyy Infantinon julkiseen lobbaamiseen Trumpin Nobel-palkinnon puolesta.<\/p>\n<p class=\"article-body mb-nof-24 px-nof-16\">Toinen v\u00e4itetty rikkomus tapahtui <a class=\"article-genericlink\" href=\"https:\/\/www.is.fi\/jalkapallo\/art-2000011607664.html\" rel=\"nofollow noopener\" target=\"_blank\">marraskuussa<\/a>, kun Infantinoa haastateltiin American Business Forumissa, ja h\u00e4n puolusti intohimoisesti Trumpia ja t\u00e4m\u00e4n toimia presidenttin\u00e4.<\/p>\n<p class=\"article-body mb-nof-24 px-nof-16\">Rikkomuksena pidet\u00e4\u00e4n my\u00f6s MM-kisojen lohkoarvonnassa n\u00e4ytetty\u00e4 <a class=\"article-genericlink\" href=\"https:\/\/www.is.fi\/urheilu\/art-2000011676825.html\" rel=\"nofollow noopener\" target=\"_blank\">videota<\/a>, jossa Trump esiteltiin Fifan rauhan palkinnon saajaksi. Valituksen mukaan \u201dse toisti k\u00e4yt\u00e4nn\u00f6ss\u00e4 Trumpin ja Valkoisen talon v\u00e4itteit\u00e4 siit\u00e4, ett\u00e4 h\u00e4n on p\u00e4\u00e4tt\u00e4nyt lukuisia sotia ymp\u00e4ri maailmaa.\u201d<\/p>\n<p class=\"article-body mb-nof-24 px-nof-16\">\u2013\u2009T\u00e4t\u00e4 me haluamme johtajalta, Infantino puhui Trumpista tapahtumassa.<\/p>\n<p class=\"article-body mb-nof-24 px-nof-16\">Viimeisen\u00e4 rikkomuksena valitus nostaa esiin Infantinon tammikuussa julkaiseman <a class=\"article-genericlink\" href=\"https:\/\/www.instagram.com\/reel\/DE_PopAIo4I\/?igsh=anpqMXljOTR0a3Zt\" rel=\"nofollow noopener\" target=\"_blank\">Instagram-videon<\/a>, jossa Infantino kiitt\u00e4\u00e4 presidentti\u00e4 kutsusta juhlatilaisuuteen Washingtonissa.<\/p>\n<p class=\"article-body mb-nof-24 px-nof-16\">FairSquaren mukaan Infantino vaarantaa puolueettomuutensa j\u00e4ljittelem\u00e4ll\u00e4 Trumpin kampanjoinnissa k\u00e4ytt\u00e4m\u00e4\u00e4 Make America Great Again -lausetta.<\/p>\n<p class=\"article-body mb-nof-24 px-nof-16\">Infantino sanoi marraskuun alussa pit\u00e4v\u00e4ns\u00e4 Trumpia h\u00e4nen \u201dtodella l\u00e4heisen\u00e4 yst\u00e4v\u00e4n\u00e4\u00e4n\u201d.<\/p>\n<p class=\"article-body mb-nof-24 px-nof-16\">Valituksen viimeisess\u00e4 osassa FairSquare pyyt\u00e4\u00e4 eettist\u00e4 komiteaa tutkimaan olosuhteet, joissa valinta Fifan rauhanpalkinnosta tehtiin.<\/p>\n<p class=\"article-body mb-nof-24 px-nof-16\">Valituksessa v\u00e4itet\u00e4\u00e4n, ett\u00e4 Fifan omat s\u00e4\u00e4nn\u00f6t osoittavat, ett\u00e4 p\u00e4\u00e4t\u00f6s palkinnon antamisesta olisi pit\u00e4nyt tehd\u00e4 Fifan neuvostossa.<\/p>\n<p class=\"article-body mb-nof-24 px-nof-16\">Fifa ei ole viel\u00e4 kommentoinut asiaa.<\/p>\n<p class=\"article-body mb-nof-24 px-nof-16\">Jalkapallon MM-kisat pelataan Yhdysvalloissa, Kanadassa ja Meksikossa 11. kes\u00e4kuuta\u201316. hein\u00e4kuuta 2026.<\/p>\n<p><script async src=\"\/\/www.instagram.com\/embed.js\"><\/script><\/p>\n","protected":false},"excerpt":{"rendered":"Puheenjohtajaa syytet\u00e4\u00e4n Fifan eettisten s\u00e4\u00e4nt\u00f6jen rikkomisesta. Fifan eettiselle komitealle on j\u00e4tetty virallinen valitus, jossa v\u00e4itet\u00e4\u00e4n sen puheenjohtajan Gianni&hellip;\n","protected":false},"author":2,"featured_media":111966,"comment_status":"","ping_status":"","sticky":false,"template":"","format":"standard","meta":{"footnotes":""},"categories":[158],"tags":[33,31,30,34,159,32,160],"class_list":{"0":"post-111965","1":"post","2":"type-post","3":"status-publish","4":"format-standard","5":"has-post-thumbnail","7":"category-urheilu","8":"tag-fi","9":"tag-finland","10":"tag-finnish","11":"tag-ilta-sanomat","12":"tag-sports","13":"tag-suomi","14":"tag-urheilu"},"share_on_mastodon":{"url":"https:\/\/pubeurope.com\/@fi\/115690859781938390","error":""},"_links":{"self":[{"href":"https:\/\/www.europesays.com\/fi\/wp-json\/wp\/v2\/posts\/111965","targetHints":{"allow":["GET"]}}],"collection":[{"href":"https:\/\/www.europesays.com\/fi\/wp-json\/wp\/v2\/posts"}],"about":[{"href":"https:\/\/www.europesays.com\/fi\/wp-json\/wp\/v2\/types\/post"}],"author":[{"embeddable":true,"href":"https:\/\/www.europesays.com\/fi\/wp-json\/wp\/v2\/users\/2"}],"replies":[{"embeddable":true,"href":"https:\/\/www.europesays.com\/fi\/wp-json\/wp\/v2\/comments?post=111965"}],"version-history":[{"count":0,"href":"https:\/\/www.europesays.com\/fi\/wp-json\/wp\/v2\/posts\/111965\/revisions"}],"wp:featuredmedia":[{"embeddable":true,"href":"https:\/\/www.europesays.com\/fi\/wp-json\/wp\/v2\/media\/111966"}],"wp:attachment":[{"href":"https:\/\/www.europesays.com\/fi\/wp-json\/wp\/v2\/media?parent=111965"}],"wp:term":[{"taxonomy":"category","embeddable":true,"href":"https:\/\/www.europesays.com\/fi\/wp-json\/wp\/v2\/categories?post=111965"},{"taxonomy":"post_tag","embeddable":true,"href":"https:\/\/www.europesays.com\/fi\/wp-json\/wp\/v2\/tags?post=111965"}],"curies":[{"name":"wp","href":"https:\/\/api.w.org\/{rel}","templated":true}]}}