{"id":111973,"date":"2025-12-09T17:51:08","date_gmt":"2025-12-09T17:51:08","guid":{"rendered":"https:\/\/www.europesays.com\/fi\/111973\/"},"modified":"2025-12-09T17:51:08","modified_gmt":"2025-12-09T17:51:08","slug":"lahden-karjalankadulta-havitettiin-joukko-lehmuksia-korvaavista-puista-ei-viela-tietoa-paijat-hame","status":"publish","type":"post","link":"https:\/\/www.europesays.com\/fi\/111973\/","title":{"rendered":"Lahden Karjalankadulta h\u00e4vitettiin joukko lehmuksia \u2013\u2009korvaavista puista ei viel\u00e4 tietoa | P\u00e4ij\u00e4t-H\u00e4me"},"content":{"rendered":"<p>Katupuut ovat ottaneet osumaa vuosien varrella. Kaivamisty\u00f6t ovat vaurioittaneet juuria ja lumiaurat kolhineet runkoja.<\/p>\n<p>Lahden Karjalankadun ilme muuttui tiistaina, kun kadunvarresta poistettiin useita puistolehmuksia. Suunnitelmana oli h\u00e4vitt\u00e4\u00e4 yhteens\u00e4 yhdeks\u00e4n puuta Supankadun ja Laaksokadun v\u00e4liselt\u00e4 osuudelta.<\/p>\n","protected":false},"excerpt":{"rendered":"Katupuut ovat ottaneet osumaa vuosien varrella. Kaivamisty\u00f6t ovat vaurioittaneet juuria ja lumiaurat kolhineet runkoja. Lahden Karjalankadun ilme muuttui&hellip;\n","protected":false},"author":2,"featured_media":111974,"comment_status":"","ping_status":"","sticky":false,"template":"","format":"standard","meta":{"footnotes":""},"categories":[12],"tags":[22,23,26,27,33,31,30,17,1801,24,25,28,29,15,18,21,1003,32,19,20,16,447],"class_list":{"0":"post-111973","1":"post","2":"type-post","3":"status-publish","4":"format-standard","5":"has-post-thumbnail","7":"category-suomi","8":"tag-breaking-news","9":"tag-breakingnews","10":"tag-featured-news","11":"tag-featurednews","12":"tag-fi","13":"tag-finland","14":"tag-finnish","15":"tag-headlines","16":"tag-lahti","17":"tag-latest-news","18":"tag-latestnews","19":"tag-main-news","20":"tag-mainnews","21":"tag-news","22":"tag-otsikot","23":"tag-paauutiset","24":"tag-rakentaminen","25":"tag-suomi","26":"tag-top-stories","27":"tag-topstories","28":"tag-uutiset","29":"tag-ymparisto"},"share_on_mastodon":{"url":"https:\/\/pubeurope.com\/@fi\/115690883258436527","error":""},"_links":{"self":[{"href":"https:\/\/www.europesays.com\/fi\/wp-json\/wp\/v2\/posts\/111973","targetHints":{"allow":["GET"]}}],"collection":[{"href":"https:\/\/www.europesays.com\/fi\/wp-json\/wp\/v2\/posts"}],"about":[{"href":"https:\/\/www.europesays.com\/fi\/wp-json\/wp\/v2\/types\/post"}],"author":[{"embeddable":true,"href":"https:\/\/www.europesays.com\/fi\/wp-json\/wp\/v2\/users\/2"}],"replies":[{"embeddable":true,"href":"https:\/\/www.europesays.com\/fi\/wp-json\/wp\/v2\/comments?post=111973"}],"version-history":[{"count":0,"href":"https:\/\/www.europesays.com\/fi\/wp-json\/wp\/v2\/posts\/111973\/revisions"}],"wp:featuredmedia":[{"embeddable":true,"href":"https:\/\/www.europesays.com\/fi\/wp-json\/wp\/v2\/media\/111974"}],"wp:attachment":[{"href":"https:\/\/www.europesays.com\/fi\/wp-json\/wp\/v2\/media?parent=111973"}],"wp:term":[{"taxonomy":"category","embeddable":true,"href":"https:\/\/www.europesays.com\/fi\/wp-json\/wp\/v2\/categories?post=111973"},{"taxonomy":"post_tag","embeddable":true,"href":"https:\/\/www.europesays.com\/fi\/wp-json\/wp\/v2\/tags?post=111973"}],"curies":[{"name":"wp","href":"https:\/\/api.w.org\/{rel}","templated":true}]}}