{"id":111975,"date":"2025-12-09T17:52:07","date_gmt":"2025-12-09T17:52:07","guid":{"rendered":"https:\/\/www.europesays.com\/fi\/111975\/"},"modified":"2025-12-09T17:52:07","modified_gmt":"2025-12-09T17:52:07","slug":"thaimaan-ja-kambodzan-rajakiista-laajenee-uutisia-lyhyesti","status":"publish","type":"post","link":"https:\/\/www.europesays.com\/fi\/111975\/","title":{"rendered":"Thaimaan ja Kambod\u017ean rajakiista laajenee | Uutisia lyhyesti"},"content":{"rendered":"<p class=\"aw-1gybjub aw-5vja16 kEtdKx kmuxyA yle__article__paragraph\">Kaakkois-Aasian rajanaapurit Thaimaa ja Kambod\u017ea syytt\u00e4v\u00e4t toisiaan siviilien tulittamisesta. <\/p>\n<p><img decoding=\"async\" alt=\"Ihmisi\u00e4 traktoreiden kyydiss\u00e4 tiell\u00e4. Mukana tavaroita.\" src=\"https:\/\/www.europesays.com\/fi\/wp-content\/uploads\/2025\/12\/39-156706269385907139cf.jpeg\" class=\"aw-1l9m598 hKVVvP\"\/><\/p>\n<p>Avaa kuvien katselu<\/p>\n<p>Ihmiset pakenevat kiistellylt\u00e4 alueelta Oddar Meancheyn maakunnassa Kambod\u017eassa 9. joulukuuta 2025. Kuva: Kith Serey \/ EPA<\/p>\n<p class=\"aw-1gybjub aw-1p7kakr kEtdKx cEmitX yle__article__paragraph\">Aseet ovat puhuneet maiden rajalla toista vuorokautta.<\/p>\n<p class=\"aw-1gybjub aw-1p7kakr kEtdKx cEmitX yle__article__paragraph\">Thaimaan hallitus on uhannut laajentaa sotilaallisia operaatioita. Thaimaan ulkoministeri\u00f6n mukaan nyt ei ole keskustelujen aika. Kambod\u017ea ilmoittaa olevansa valmis keskusteluihin.<\/p>\n<p class=\"aw-1gybjub aw-1p7kakr kEtdKx cEmitX yle__article__paragraph\">Yhdysvaltain presidentti Donald Trump ilmoitti v\u00e4litt\u00e4neens\u00e4 alueelle tulitauon hein\u00e4kuussa.<\/p>\n<p class=\"aw-1gybjub aw-1p7kakr kEtdKx cEmitX yle__article__paragraph\">Thaimaan armeijan kerrotaan tulittaneen kasinoaluetta, jossa Kambod\u017ean joukot s\u00e4ilytt\u00e4v\u00e4t aseita.<\/p>\n<p class=\"aw-1gybjub aw-1p7kakr kEtdKx cEmitX yle__article__paragraph\">Thaimaa on my\u00f6s jatkanut ilmaiskuja rajan yli.<\/p>\n<p class=\"aw-1gybjub aw-1p7kakr kEtdKx cEmitX yle__article__paragraph\">Kambod\u017ean puolustusministeri\u00f6n mukaan ainakin kymmenen siviili\u00e4 on kuollut ja toistakymment\u00e4 haavoittunut kahdessa vuorokaudessa. Thaiviranomaisten mukaan nelj\u00e4 sotilasta on saanut surmansa. 29 ihmist\u00e4 on haavoittunut.<\/p>\n<p class=\"aw-1gybjub aw-1p7kakr kEtdKx cEmitX yle__article__paragraph\">Reuters<\/p>\n","protected":false},"excerpt":{"rendered":"Kaakkois-Aasian rajanaapurit Thaimaa ja Kambod\u017ea syytt\u00e4v\u00e4t toisiaan siviilien tulittamisesta. Avaa kuvien katselu Ihmiset pakenevat kiistellylt\u00e4 alueelta Oddar Meancheyn&hellip;\n","protected":false},"author":2,"featured_media":111976,"comment_status":"","ping_status":"","sticky":false,"template":"","format":"standard","meta":{"footnotes":""},"categories":[5],"tags":[804,22,23,26,27,33,31,30,17,11742,70,24,25,28,29,15,18,21,32,2911,19,20,56,16],"class_list":{"0":"post-111975","1":"post","2":"type-post","3":"status-publish","4":"format-standard","5":"has-post-thumbnail","7":"category-otsikot","8":"tag-aseelliset-konfliktit","9":"tag-breaking-news","10":"tag-breakingnews","11":"tag-featured-news","12":"tag-featurednews","13":"tag-fi","14":"tag-finland","15":"tag-finnish","16":"tag-headlines","17":"tag-kambodza","18":"tag-kansainvalinen-politiikka","19":"tag-latest-news","20":"tag-latestnews","21":"tag-main-news","22":"tag-mainnews","23":"tag-news","24":"tag-otsikot","25":"tag-paauutiset","26":"tag-suomi","27":"tag-thaimaa","28":"tag-top-stories","29":"tag-topstories","30":"tag-ulkomaat","31":"tag-uutiset"},"share_on_mastodon":{"url":"https:\/\/pubeurope.com\/@fi\/115690887290542819","error":""},"_links":{"self":[{"href":"https:\/\/www.europesays.com\/fi\/wp-json\/wp\/v2\/posts\/111975","targetHints":{"allow":["GET"]}}],"collection":[{"href":"https:\/\/www.europesays.com\/fi\/wp-json\/wp\/v2\/posts"}],"about":[{"href":"https:\/\/www.europesays.com\/fi\/wp-json\/wp\/v2\/types\/post"}],"author":[{"embeddable":true,"href":"https:\/\/www.europesays.com\/fi\/wp-json\/wp\/v2\/users\/2"}],"replies":[{"embeddable":true,"href":"https:\/\/www.europesays.com\/fi\/wp-json\/wp\/v2\/comments?post=111975"}],"version-history":[{"count":0,"href":"https:\/\/www.europesays.com\/fi\/wp-json\/wp\/v2\/posts\/111975\/revisions"}],"wp:featuredmedia":[{"embeddable":true,"href":"https:\/\/www.europesays.com\/fi\/wp-json\/wp\/v2\/media\/111976"}],"wp:attachment":[{"href":"https:\/\/www.europesays.com\/fi\/wp-json\/wp\/v2\/media?parent=111975"}],"wp:term":[{"taxonomy":"category","embeddable":true,"href":"https:\/\/www.europesays.com\/fi\/wp-json\/wp\/v2\/categories?post=111975"},{"taxonomy":"post_tag","embeddable":true,"href":"https:\/\/www.europesays.com\/fi\/wp-json\/wp\/v2\/tags?post=111975"}],"curies":[{"name":"wp","href":"https:\/\/api.w.org\/{rel}","templated":true}]}}