{"id":111983,"date":"2025-12-09T18:10:10","date_gmt":"2025-12-09T18:10:10","guid":{"rendered":"https:\/\/www.europesays.com\/fi\/111983\/"},"modified":"2025-12-09T18:10:10","modified_gmt":"2025-12-09T18:10:10","slug":"yllattava-apu-loytyi-vahingossa-tama-rokote-saattaa-ehkaista-muistisairaudelta","status":"publish","type":"post","link":"https:\/\/www.europesays.com\/fi\/111983\/","title":{"rendered":"Yll\u00e4tt\u00e4v\u00e4 apu l\u00f6ytyi \u201dvahingossa\u201d \u2013 T\u00e4m\u00e4 rokote saattaa ehk\u00e4ist\u00e4 muistisairaudelta"},"content":{"rendered":"<p>Vy\u00f6ruusurokotteen hy\u00f6dyist\u00e4 muistisairauden ehk\u00e4isemisess\u00e4 on saatu lis\u00e4tietoa. Jo aiemmin tietyist\u00e4 rokotteista on paljastunut aivoja suojaava vaikutus.<\/p>\n<p><img decoding=\"async\" class=\"image image-show image-preview\" src=\"https:\/\/www.europesays.com\/fi\/wp-content\/uploads\/2025\/12\/b5f6ba25dbfadff2d61a57984668055c8b519d746399abd4d78c8b797f7fc487.jpg\" alt=\"\"\/><img decoding=\"async\" class=\"image image-show\" src=\"https:\/\/www.europesays.com\/fi\/wp-content\/uploads\/2025\/12\/1765303810_71_b5f6ba25dbfadff2d61a57984668055c8b519d746399abd4d78c8b797f7fc487.jpg\" alt=\"\"\/><\/p>\n<p>Vy\u00f6ruusurokotteen hy\u00f6dyist\u00e4 on saatu lis\u00e4tietoa uudessa tutkimuksessa. Karoliina Vuorenm\u00e4ki<\/p>\n<p class=\"paragraph\">Vy\u00f6ruusurokotteen mahdollisesta yll\u00e4tt\u00e4v\u00e4st\u00e4 hy\u00f6dyst\u00e4 on saatu lis\u00e4tietoa.<\/p>\n<p class=\"paragraph\"><a href=\"https:\/\/www.nature.com\/articles\/s41586-025-08800-x\" target=\"_blank\" rel=\"noopener nofollow\">Aiemmin t\u00e4n\u00e4 <\/a>vuonna tutkijat raportoivat, ett\u00e4 vy\u00f6ruusurokote v\u00e4hent\u00e4\u00e4 muistisairauden kehittymisen riski\u00e4 20 prosentilla seuraavien seitsem\u00e4n vuoden aikana.<\/p>\n<p class=\"paragraph\">Nyt uusi seurantatutkimus viittaa siihen, ett\u00e4 vy\u00f6ruusurokotteen saaminen voi hy\u00f6dytt\u00e4\u00e4 niit\u00e4kin, joilla on jo diagnosoitu muistisairaus hidastamalla taudin etenemist\u00e4.<\/p>\n<p class=\"paragraph\"><a href=\"https:\/\/www.cell.com\/cell\/fulltext\/S0092-8674(25)01256-5?_returnURL=https%3A%2F%2Flinkinghub.elsevier.com%2Fretrieve%2Fpii%2FS0092867425012565%3Fshowall%3Dtrue\" target=\"_blank\" rel=\"noopener nofollow\">Cell-lehdess\u00e4 <\/a>julkaistun tutkimuksen mukaan rokotteen saaneilla potilailla oli l\u00e4hes 30 prosenttia pienempi todenn\u00e4k\u00f6isyys kuolla dementiaan seuraavien yhdeks\u00e4n vuoden aikana, mik\u00e4 viittaa siihen, ett\u00e4 rokote saattaa hidastaa neurodegeneratiivisen oireyhtym\u00e4n etenemist\u00e4.<\/p>\n<p class=\"paragraph\">\u2013 Meill\u00e4 on nyt ensimm\u00e4ist\u00e4 kertaa n\u00e4ytt\u00f6\u00e4, joka todenn\u00e4k\u00f6isesti osoittaa syy-seuraussuhteen vy\u00f6ruusurokotuksen ja dementian ehk\u00e4isyn ja hoidon v\u00e4lill\u00e4, toteaa apulaisprofessori <strong>Pascal Geldsetzer<\/strong> Stanfordin yliopistosta.<\/p>\n<p class=\"paragraph\">Taustalla on ajatus siit\u00e4, ett\u00e4 sairastettu infektio voisi vaikuttaa sairastumisriskiin.<\/p>\n<p class=\"paragraph\">\u2013 Yh\u00e4 useammat tutkimukset osoittavat, ett\u00e4 virukset, jotka ensisijaisesti kohdistuvat hermostoon ja uinuvat siell\u00e4 suurimman osan el\u00e4m\u00e4st\u00e4si, voivat olla osallisina muistisairauden kehittymisess\u00e4. Yksi t\u00e4llainen virus on vesirokkovirus, joka voi aiheuttaa vy\u00f6ruusua my\u00f6hemmin el\u00e4m\u00e4ss\u00e4, Geldsetzer kertoo.<\/p>\n<p class=\"paragraph\">Est\u00e4m\u00e4ll\u00e4 viruksen uudelleenaktivoitumisen rokote est\u00e4isi tulehdusvasteen ja suojaisi n\u00e4in aivoja vaurioilta.<\/p>\n<p class=\"paragraph\">Toinen mahdollisuus on, ett\u00e4 rokote antaa laajemman tehosteen immuunij\u00e4rjestelm\u00e4lle, kertoo l\u00e4\u00e4k\u00e4ri <strong>Zeeshan Khan<\/strong>.<\/p>\n<p class=\"paragraph\">\u2013 T\u00e4m\u00e4 kehon puolustusmekanismien \u2019kiihdytt\u00e4minen\u2019 saattaa tehd\u00e4 immuunij\u00e4rjestelm\u00e4st\u00e4 tehokkaamman Alzheimerin tautiin liittyvien poikkeavien proteiinien poistamisessa. Se, ett\u00e4 my\u00f6s muita rokotteita on my\u00f6s yhdistetty muistisairauden riskin v\u00e4henemiseen, tukee t\u00e4t\u00e4 ajatusta, Khan kertoo Medical News Today -lehden haastattelussa.<\/p>\n<p>Rokotteen yksi mahdollinen mekanismi voi olla immuunij\u00e4rjestelm\u00e4n tehostaminen. T\u00e4m\u00e4 voisi vaikuttaa Alzheimerin tautiin liittyvien proteiinikasautumien poistamiseen. Adobe Stock \/ AOP<\/p>\n<p>Muitakin rokotteita<\/p>\n<p class=\"paragraph\">Jo aiemmin on <a href=\"https:\/\/www.iltalehti.fi\/terveysuutiset\/70166940-ad30-4d45-aad3-0b9ffd0ee6f3\" rel=\"nofollow noopener\" target=\"_blank\">saatu tiet\u00e4\u00e4<\/a>, ett\u00e4 my\u00f6s muut tietyt rokotteet v\u00e4hent\u00e4v\u00e4t Alzheimerin taudin riski\u00e4 65-vuotiailla ja sit\u00e4 vanhemmilla aikuisilla.<\/p>\n<p class=\"paragraph\">Yhdysvaltalaistutkimuksessa on aiemmin selvinnyt, ett\u00e4 vy\u00f6ruusurokotteen lis\u00e4ksi aiemmin k\u00e4ytetty kurkkum\u00e4t\u00e4-j\u00e4ykk\u00e4kouristusrokote ja pneumokokkirokote ovat kaikki yhteydess\u00e4 pienemp\u00e4\u00e4n riskiin sairastua Alzheimerin tautiin.<\/p>\n<p class=\"paragraph\">Lis\u00e4tutkimuksia tarvitaan yh\u00e4. Tutkijat haluavat lis\u00e4tietoa muun muassa rokotteen mekanismeista sek\u00e4 siit\u00e4, miss\u00e4 vaiheessa rokote pit\u00e4isi ottaa, jotta sill\u00e4 olisi muistisairaudelta suojaavia vaikutuksia.<\/p>\n<p class=\"paragraph\">Nyt tehtyyn tutkimukseen liittyy my\u00f6s tiettyj\u00e4 rajoituksia. Asiantuntijat huomauttavat, ett\u00e4 rokotteen ottaneet ihmiset ovat yleens\u00e4 terveempi\u00e4 kuin ne, jotka j\u00e4tt\u00e4v\u00e4t rokotteen ottamatta.<\/p>\n<p class=\"paragraph\">Tutkimuksessa my\u00f6s tarkasteltiin vanhempaa vy\u00f6ruusurokotetta. Kyseinen rokote ei ole en\u00e4\u00e4 k\u00e4yt\u00f6ss\u00e4 esimerkiksi Yhdysvalloissa ja Euroopassa, vaan se on korvattu Shingrix-rokotteella, joka on tehokkaampi vy\u00f6ruusun ehk\u00e4isyss\u00e4. Uusikin rokote saattaa liitty\u00e4 samalla tavalla pienemp\u00e4\u00e4n muistisairauden riskiin, tutkijat huomauttavat.<\/p>\n<p class=\"paragraph\">\u2013 N\u00e4m\u00e4 l\u00f6yd\u00f6kset ovat joka tapauksessa lupaavia, koska ne viittaavat siihen, ett\u00e4 muistisairauden riskille voidaan tehd\u00e4 jotain, sanoo professori <strong>Alberto Ascherio<\/strong> Harvardin yliopistosta.<\/p>\n<p class=\"paragraph\">\u2013 Rokotetta ei tietenk\u00e4\u00e4n ole suunniteltu ehk\u00e4isem\u00e4\u00e4n muistisairautta, joten t\u00e4m\u00e4 on tavallaan onnekas sattumanvarainen l\u00f6yd\u00f6s.<\/p>\n<p class=\"paragraph\">Jos l\u00f6yd\u00f6kset vahvistetaan, se olisi mullistavaa muistisairauden ehk\u00e4isyss\u00e4 ja hoidossa, sanoo my\u00f6s Oxfordin yliopiston apulaisprofessori <strong>Maxime Taquet<\/strong>.<\/p>\n<p class=\"paragraph\">L\u00e4hde: The Washington Post, Medical News Today<\/p>\n","protected":false},"excerpt":{"rendered":"Vy\u00f6ruusurokotteen hy\u00f6dyist\u00e4 muistisairauden ehk\u00e4isemisess\u00e4 on saatu lis\u00e4tietoa. Jo aiemmin tietyist\u00e4 rokotteista on paljastunut aivoja suojaava vaikutus. Vy\u00f6ruusurokotteen hy\u00f6dyist\u00e4&hellip;\n","protected":false},"author":2,"featured_media":111984,"comment_status":"","ping_status":"","sticky":false,"template":"","format":"standard","meta":{"footnotes":""},"categories":[165],"tags":[35,33,31,30,166,12925,764,32,767,765,502,167],"class_list":{"0":"post-111983","1":"post","2":"type-post","3":"status-publish","4":"format-standard","5":"has-post-thumbnail","7":"category-terveys","8":"tag-24h","9":"tag-fi","10":"tag-finland","11":"tag-finnish","12":"tag-health","13":"tag-laaketieteen-menetelmat-ja-tutkimus","14":"tag-sairaudet","15":"tag-suomi","16":"tag-tartuntataudit","17":"tag-taudit-ja-hairiot","18":"tag-terveydenhoito","19":"tag-terveys"},"share_on_mastodon":{"url":"https:\/\/pubeurope.com\/@fi\/115690958128842455","error":""},"_links":{"self":[{"href":"https:\/\/www.europesays.com\/fi\/wp-json\/wp\/v2\/posts\/111983","targetHints":{"allow":["GET"]}}],"collection":[{"href":"https:\/\/www.europesays.com\/fi\/wp-json\/wp\/v2\/posts"}],"about":[{"href":"https:\/\/www.europesays.com\/fi\/wp-json\/wp\/v2\/types\/post"}],"author":[{"embeddable":true,"href":"https:\/\/www.europesays.com\/fi\/wp-json\/wp\/v2\/users\/2"}],"replies":[{"embeddable":true,"href":"https:\/\/www.europesays.com\/fi\/wp-json\/wp\/v2\/comments?post=111983"}],"version-history":[{"count":0,"href":"https:\/\/www.europesays.com\/fi\/wp-json\/wp\/v2\/posts\/111983\/revisions"}],"wp:featuredmedia":[{"embeddable":true,"href":"https:\/\/www.europesays.com\/fi\/wp-json\/wp\/v2\/media\/111984"}],"wp:attachment":[{"href":"https:\/\/www.europesays.com\/fi\/wp-json\/wp\/v2\/media?parent=111983"}],"wp:term":[{"taxonomy":"category","embeddable":true,"href":"https:\/\/www.europesays.com\/fi\/wp-json\/wp\/v2\/categories?post=111983"},{"taxonomy":"post_tag","embeddable":true,"href":"https:\/\/www.europesays.com\/fi\/wp-json\/wp\/v2\/tags?post=111983"}],"curies":[{"name":"wp","href":"https:\/\/api.w.org\/{rel}","templated":true}]}}