{"id":111994,"date":"2025-12-09T18:19:08","date_gmt":"2025-12-09T18:19:08","guid":{"rendered":"https:\/\/www.europesays.com\/fi\/111994\/"},"modified":"2025-12-09T18:19:08","modified_gmt":"2025-12-09T18:19:08","slug":"tassa-ovat-linnan-juhlien-yksitoista-parasta-asua","status":"publish","type":"post","link":"https:\/\/www.europesays.com\/fi\/111994\/","title":{"rendered":"T\u00e4ss\u00e4 ovat Linnan juhlien yksitoista parasta asua"},"content":{"rendered":"<p>Vogue Scandinavia on nostanut esiin Linnan juhlien parhaita asuja.<\/p>\n<p><img decoding=\"async\" class=\"image image-show image-preview\" src=\"https:\/\/www.europesays.com\/fi\/wp-content\/uploads\/2025\/12\/724da172b095e557873cb42440d343d220e4ef88841d9e66440bdcceab33b115.jpg\" alt=\"\"\/><img decoding=\"async\" class=\"image image-show\" src=\"https:\/\/www.europesays.com\/fi\/wp-content\/uploads\/2025\/12\/1765304348_927_724da172b095e557873cb42440d343d220e4ef88841d9e66440bdcceab33b115.jpg\" alt=\"\"\/><\/p>\n<p>Perinteiset Linnan juhlat j\u00e4rjestettiin lauantaina. Roosa Br\u00f6ijer<\/p>\n<p class=\"paragraph\"><a href=\"https:\/\/www.voguescandinavia.com\/articles\/2025-finnish-independence-day-reception-fashion-highlights?gsid=cc349ccb-c77d-448b-9d0e-eac01454ae0c\" rel=\"noopener nofollow\" target=\"_blank\">Vogue Scandinavia -lehti<\/a> on listannut yksitoista Linnan juhlien parasta asua jutussaan.<\/p>\n<p class=\"paragraph\">Lehti hehkuttaa jutussaan suomalaista muotia.<\/p>\n<p class=\"paragraph\">\u2013 Suomalainen muoti oli n\u00e4kyv\u00e4sti esill\u00e4, ja tapahtuman \u201dkirjoittamaton s\u00e4\u00e4nt\u00f6\u201d kotimaisten suunnittelijoiden suosimisesta n\u00e4kyi selv\u00e4sti<\/p>\n<p class=\"paragraph\">Kehuja jutussa ker\u00e4\u00e4v\u00e4t esimerkiksi presidenttipari <a href=\"https:\/\/www.iltalehti.fi\/henkilot\/Alexander Stubb\" class=\"article-link-person-page\" rel=\"nofollow noopener\" target=\"_blank\">Alexander Stubb<\/a> ja <a href=\"https:\/\/www.iltalehti.fi\/henkilot\/Suzanne Innes-Stubb\" class=\"article-link-person-page\" rel=\"nofollow noopener\" target=\"_blank\">Suzanne Innes-Stubb<\/a>, laulaja <a href=\"https:\/\/www.iltalehti.fi\/henkilot\/Erika Vikman\" class=\"article-link-person-page\" rel=\"nofollow noopener\" target=\"_blank\">Erika Vikman<\/a>, entinen p\u00e4\u00e4ministeri <a href=\"https:\/\/www.iltalehti.fi\/henkilot\/Sanna Marin\" class=\"article-link-person-page\" rel=\"nofollow noopener\" target=\"_blank\">Sanna Marin,<\/a> Ylen Uuden musiikin kilpailun ja Euroviisujen show-tuotannosta vastannut <strong>Matti Myllyaho<\/strong> ja somevaikuttaja <strong>Vilma Peltonen<\/strong>.<\/p>\n<p class=\"paragraph\">\u2013 Erika Vikman h\u00e4ik\u00e4isi r\u00e4\u00e4t\u00e4l\u00f6idyss\u00e4, vartaloa my\u00f6t\u00e4ilev\u00e4ss\u00e4 Anna Sarasojan suunnittelemassa iltapuvussa, kun taas entinen p\u00e4\u00e4ministeri Sanna Marin loisti hopeanhohtoisessa Anne-Mari Pahkalan mekossa. Kest\u00e4v\u00e4t valinnat olivat keski\u00f6ss\u00e4, kun vihreiden puheenjohtaja <a href=\"https:\/\/www.iltalehti.fi\/henkilot\/Sofia Virta\" class=\"article-link-person-page\" rel=\"nofollow noopener\" target=\"_blank\">Sofia Virta<\/a> vuokrasi veistoksellisen, kaksiv\u00e4risen mekkonsa sek\u00e4 Kalevala-korut suositusta suomalaisesta huippumuodin vuokraussovelluksesta, Robesista, artikkelissa kirjoitetaan muun muassa.<\/p>\n<p>Sanna Marin pukeutui Anne-Mari Pahkalan luomukseen. Roosa Br\u00f6ijer<\/p>\n<p>Erika Vikmanin asun suunnitteli Anna Sarasoja. Inka Soveri<\/p>\n<p>Kansanedustaja Fatim Diarra pukeutui punaiseen Aura Ritolan suunnittelemaan mekkoon. Roosa Br\u00f6ijer<\/p>\n<p>Vilma Peltonen puki ylleen Mert Otsamon suunnitteleman asun. Roosa Br\u00f6ijer<\/p>\n<p class=\"paragraph\">My\u00f6s esimerkiksi <a href=\"https:\/\/www.iltalehti.fi\/henkilot\/Robin Packalen\" class=\"article-link-person-page\" rel=\"nofollow noopener\" target=\"_blank\">Robin Packalen<\/a>, <a href=\"https:\/\/www.iltalehti.fi\/henkilot\/Mirella\" class=\"article-link-person-page\" rel=\"nofollow noopener\" target=\"_blank\">Mirella<\/a>, <strong>Matti Myllyaho<\/strong> ja <a href=\"https:\/\/www.iltalehti.fi\/henkilot\/Bella Forsgr\u00e9n\" class=\"article-link-person-page\" rel=\"nofollow noopener\" target=\"_blank\">Bella Forsgr\u00e9n<\/a> nostetaan artikkelissa esiin.<\/p>\n","protected":false},"excerpt":{"rendered":"Vogue Scandinavia on nostanut esiin Linnan juhlien parhaita asuja. Perinteiset Linnan juhlat j\u00e4rjestettiin lauantaina. Roosa Br\u00f6ijer Vogue Scandinavia&hellip;\n","protected":false},"author":2,"featured_media":111995,"comment_status":"","ping_status":"","sticky":false,"template":"","format":"standard","meta":{"footnotes":""},"categories":[5],"tags":[35,22,23,26,27,33,31,30,17,24,25,28,29,47,15,18,21,142,888,885,887,32,19,20,16],"class_list":{"0":"post-111994","1":"post","2":"type-post","3":"status-publish","4":"format-standard","5":"has-post-thumbnail","7":"category-otsikot","8":"tag-24h","9":"tag-breaking-news","10":"tag-breakingnews","11":"tag-featured-news","12":"tag-featurednews","13":"tag-fi","14":"tag-finland","15":"tag-finnish","16":"tag-headlines","17":"tag-latest-news","18":"tag-latestnews","19":"tag-main-news","20":"tag-mainnews","21":"tag-musiikki","22":"tag-news","23":"tag-otsikot","24":"tag-paauutiset","25":"tag-poliitikot","26":"tag-suomalaiset-poliitikot","27":"tag-suomen-poliittiset-puolueet","28":"tag-suomen-politiikka","29":"tag-suomi","30":"tag-top-stories","31":"tag-topstories","32":"tag-uutiset"},"share_on_mastodon":{"url":"https:\/\/pubeurope.com\/@fi\/115690993339677842","error":""},"_links":{"self":[{"href":"https:\/\/www.europesays.com\/fi\/wp-json\/wp\/v2\/posts\/111994","targetHints":{"allow":["GET"]}}],"collection":[{"href":"https:\/\/www.europesays.com\/fi\/wp-json\/wp\/v2\/posts"}],"about":[{"href":"https:\/\/www.europesays.com\/fi\/wp-json\/wp\/v2\/types\/post"}],"author":[{"embeddable":true,"href":"https:\/\/www.europesays.com\/fi\/wp-json\/wp\/v2\/users\/2"}],"replies":[{"embeddable":true,"href":"https:\/\/www.europesays.com\/fi\/wp-json\/wp\/v2\/comments?post=111994"}],"version-history":[{"count":0,"href":"https:\/\/www.europesays.com\/fi\/wp-json\/wp\/v2\/posts\/111994\/revisions"}],"wp:featuredmedia":[{"embeddable":true,"href":"https:\/\/www.europesays.com\/fi\/wp-json\/wp\/v2\/media\/111995"}],"wp:attachment":[{"href":"https:\/\/www.europesays.com\/fi\/wp-json\/wp\/v2\/media?parent=111994"}],"wp:term":[{"taxonomy":"category","embeddable":true,"href":"https:\/\/www.europesays.com\/fi\/wp-json\/wp\/v2\/categories?post=111994"},{"taxonomy":"post_tag","embeddable":true,"href":"https:\/\/www.europesays.com\/fi\/wp-json\/wp\/v2\/tags?post=111994"}],"curies":[{"name":"wp","href":"https:\/\/api.w.org\/{rel}","templated":true}]}}