{"id":112000,"date":"2025-12-09T18:32:15","date_gmt":"2025-12-09T18:32:15","guid":{"rendered":"https:\/\/www.europesays.com\/fi\/112000\/"},"modified":"2025-12-09T18:32:15","modified_gmt":"2025-12-09T18:32:15","slug":"nain-amerikkalaiset-kommentoivat-schjerfbeckin-teoksia-yle","status":"publish","type":"post","link":"https:\/\/www.europesays.com\/fi\/112000\/","title":{"rendered":"N\u00e4in amerikkalaiset kommentoivat Schjerfbeckin teoksia &#8211; Yle"},"content":{"rendered":"<ol>\n<li><a href=\"https:\/\/news.google.com\/rss\/articles\/CBMiVkFVX3lxTFBSVGlRQ2ZjNG5rcTJucjdXUVNWamJabnIzeER1NmFQZHhWZVRzWWRwbkdSbnhVTEJwYmljcHRuWnlndDE5V1ZQVGhwZ2V5ejlZeDNFckJ3?oc=5\" target=\"_blank\" rel=\"nofollow noopener\">N\u00e4in amerikkalaiset kommentoivat Schjerfbeckin teoksia<\/a>&nbsp;&nbsp;Yle<\/li>\n<li><a href=\"https:\/\/news.google.com\/rss\/articles\/CBMiQkFVX3lxTE5lS3NDTGxaM1NmVW1FNHlYVTgyUWRzTFhMNk4wRThWZmlsNURQLUtHZ3pmcTRrUkoyWUxjMEhyNGRPQQ?oc=5\" target=\"_blank\" rel=\"nofollow noopener\">Katy Perry ja Justin Trudeau virallistivat parisuhteensa sosiaalisessa mediassa<\/a>&nbsp;&nbsp;Yle<\/li>\n<li><a href=\"https:\/\/news.google.com\/rss\/articles\/CBMiVkFVX3lxTE00ZzZ4ZzFYdzJKY2s4d3F4dDNQWUE3ZGJtVmU2NFJoLTkyU1AwZ29sWmRPdEs4UzlQMXdvTW0tZUVOUW91WEZOTWV3OHBtTUNTQllncHpR?oc=5\" target=\"_blank\" rel=\"nofollow noopener\">Rajavartiolaitokselle ehdotetaan lis\u00e4\u00e4 valtuuksia puuttua tuhot\u00f6ihin merell\u00e4<\/a>&nbsp;&nbsp;Yle<\/li>\n<li><a href=\"https:\/\/news.google.com\/rss\/articles\/CBMiW0FVX3lxTE9WbnRIMU0yRlZwOFVpYnA0cXptNTdFNjBsQkVjOWZ0elZubjRhbVEwNlc5OVhZcDBnQmFnQ2JtY0VyU2pSX0VoN3RLRC1ZRDJXeUpEZDByQkc4b2M?oc=5\" target=\"_blank\" rel=\"nofollow noopener\">Katy Perry ja Justin Trudeau julkistivat suhteensa \u2013 hempe\u00e4t kuvat julki<\/a>&nbsp;&nbsp;Ilta-Sanomat<\/li>\n<li><a href=\"https:\/\/news.google.com\/rss\/articles\/CBMiVkFVX3lxTE1BOFg4XzFZdUlGYXJUUmdNanBlSUU0Sm83U1JNRjlCU2pPWkRFNUlhRFFjajg2Um55aU5qYzI2c0N0LXdZT3E2YXY0TjhjWm1PMElENzJB?oc=5\" target=\"_blank\" rel=\"nofollow noopener\">Kajaanin talous on ensin kaksi vuotta alij\u00e4\u00e4m\u00e4inen, sitten se k\u00e4\u00e4ntyy plussalle<\/a>&nbsp;&nbsp;Yle<\/li>\n<\/ol>\n","protected":false},"excerpt":{"rendered":"N\u00e4in amerikkalaiset kommentoivat Schjerfbeckin teoksia&nbsp;&nbsp;Yle Katy Perry ja Justin Trudeau virallistivat parisuhteensa sosiaalisessa mediassa&nbsp;&nbsp;Yle Rajavartiolaitokselle ehdotetaan lis\u00e4\u00e4 valtuuksia&hellip;\n","protected":false},"author":2,"featured_media":111633,"comment_status":"","ping_status":"","sticky":false,"template":"","format":"standard","meta":{"footnotes":""},"categories":[135],"tags":[389,387,388,390,137,33,31,30,32,394,393,391,392,109],"class_list":{"0":"post-112000","1":"post","2":"type-post","3":"status-publish","4":"format-standard","5":"has-post-thumbnail","7":"category-taiteet-ja-suunnittelu","8":"tag-arts","9":"tag-arts-and-design","10":"tag-artsanddesign","11":"tag-design","12":"tag-entertainment","13":"tag-fi","14":"tag-finland","15":"tag-finnish","16":"tag-suomi","17":"tag-suunnittelu","18":"tag-taiteet","19":"tag-taiteet-ja-suunnittelu","20":"tag-taiteetsuunnittelu","21":"tag-viihde"},"share_on_mastodon":{"url":"https:\/\/pubeurope.com\/@fi\/115691044405934178","error":""},"_links":{"self":[{"href":"https:\/\/www.europesays.com\/fi\/wp-json\/wp\/v2\/posts\/112000","targetHints":{"allow":["GET"]}}],"collection":[{"href":"https:\/\/www.europesays.com\/fi\/wp-json\/wp\/v2\/posts"}],"about":[{"href":"https:\/\/www.europesays.com\/fi\/wp-json\/wp\/v2\/types\/post"}],"author":[{"embeddable":true,"href":"https:\/\/www.europesays.com\/fi\/wp-json\/wp\/v2\/users\/2"}],"replies":[{"embeddable":true,"href":"https:\/\/www.europesays.com\/fi\/wp-json\/wp\/v2\/comments?post=112000"}],"version-history":[{"count":0,"href":"https:\/\/www.europesays.com\/fi\/wp-json\/wp\/v2\/posts\/112000\/revisions"}],"wp:featuredmedia":[{"embeddable":true,"href":"https:\/\/www.europesays.com\/fi\/wp-json\/wp\/v2\/media\/111633"}],"wp:attachment":[{"href":"https:\/\/www.europesays.com\/fi\/wp-json\/wp\/v2\/media?parent=112000"}],"wp:term":[{"taxonomy":"category","embeddable":true,"href":"https:\/\/www.europesays.com\/fi\/wp-json\/wp\/v2\/categories?post=112000"},{"taxonomy":"post_tag","embeddable":true,"href":"https:\/\/www.europesays.com\/fi\/wp-json\/wp\/v2\/tags?post=112000"}],"curies":[{"name":"wp","href":"https:\/\/api.w.org\/{rel}","templated":true}]}}