{"id":112020,"date":"2025-12-09T19:05:07","date_gmt":"2025-12-09T19:05:07","guid":{"rendered":"https:\/\/www.europesays.com\/fi\/112020\/"},"modified":"2025-12-09T19:05:07","modified_gmt":"2025-12-09T19:05:07","slug":"il-seuraa-mohamed-salah-jatettiin-ulos-joukkueesta-julkaisi-hammentavan-kuvan-iltalehti","status":"publish","type":"post","link":"https:\/\/www.europesays.com\/fi\/112020\/","title":{"rendered":"IL seuraa: Mohamed Salah j\u00e4tettiin ulos joukkueesta \u2013 Julkaisi h\u00e4mment\u00e4v\u00e4n kuvan &#8211; Iltalehti"},"content":{"rendered":"<ol>\n<li><a href=\"https:\/\/news.google.com\/rss\/articles\/CBMihAFBVV95cUxNelluQmRScGwzcVU0LURDWm1ENjZ5eHlramJiQWdUc2o3QlBvYUlkY1VKVnp3Q3hhMVR5cFVsN2pocmRpNUdXSEFVbnlHMzhUMWRXMmtIeTdNUE1PQU5JR0pUUU9OT0puSDJtSklCeU1FNHpPNHNiYUZLd243NlRfY2lucmc?oc=5\" target=\"_blank\" rel=\"nofollow noopener\">IL seuraa: Mohamed Salah j\u00e4tettiin ulos joukkueesta \u2013 Julkaisi h\u00e4mment\u00e4v\u00e4n kuvan<\/a>&nbsp;&nbsp;Iltalehti<\/li>\n<li><a href=\"https:\/\/news.google.com\/rss\/articles\/CBMiYEFVX3lxTE1PVWZWYVI5eGc3ajFNVUZROXA3bTFPdTdVVm1qVlV2aGRFRkNFa1k0VTZKTmg4UGp4WkRhUldTOThhR3lBN08xanhUN3ZkMUVUMGRkYWdTdUQ5VkdHUkU3aQ?oc=5\" target=\"_blank\" rel=\"nofollow noopener\">Mohamed Salah ulos \u2013 nyt puhuu valmentaja<\/a>&nbsp;&nbsp;Ilta-Sanomat<\/li>\n<li><a href=\"https:\/\/news.google.com\/rss\/articles\/CBMiSkFVX3lxTFBZcHJOeC1YQXZaNXEzREhmby1WQTI5cnNfbjVVU3FKQ1R6WUplRWZPSU10T0gxRVRHRURJc25ERDdfdmpQTGFhNmNn?oc=5\" target=\"_blank\" rel=\"nofollow noopener\">Salahin ymp\u00e4rill\u00e4 kiehuu \u2013 ei pelaa Mestarien liigassa<\/a>&nbsp;&nbsp;Etel\u00e4-Suomen Sanomat<\/li>\n<li><a href=\"https:\/\/news.google.com\/rss\/articles\/CBMiQkFVX3lxTE1WVkVsbjFwNGJhWUFMcjBpdktWSzJZUzVTeGNxaGJRaGFoR1duTGV1Z190RXkzQ2Judk56LXZBT2FJUQ?oc=5\" target=\"_blank\" rel=\"nofollow noopener\">Kiukutellut Liverpool-t\u00e4hti Mohamed Salah j\u00e4tettiin ulos Mestarien liigan ottelun kokoonpanosta<\/a>&nbsp;&nbsp;Yle<\/li>\n<li><a href=\"https:\/\/news.google.com\/rss\/articles\/CBMiXEFVX3lxTE9qbk13bzBEdVlfSUZXZDZBSi1XYi1pMmdyNkxiVV9pWkl4RWZiZmtaVEVTNi0yY1BLQUZ4b2ltYjdGM01PM1gwbWxXUUVqTm41eExYV3oxOVNyMzRV?oc=5\" target=\"_blank\" rel=\"nofollow noopener\">Jalkapallo | Mohamed Salah j\u00e4tti sakean sopan kiehumaan \u2013 ja l\u00e4htee itse toiselle mantereelle<\/a>&nbsp;&nbsp;HS.fi<\/li>\n<\/ol>\n","protected":false},"excerpt":{"rendered":"IL seuraa: Mohamed Salah j\u00e4tettiin ulos joukkueesta \u2013 Julkaisi h\u00e4mment\u00e4v\u00e4n kuvan&nbsp;&nbsp;Iltalehti Mohamed Salah ulos \u2013 nyt puhuu valmentaja&nbsp;&nbsp;Ilta-Sanomat&hellip;\n","protected":false},"author":2,"featured_media":112021,"comment_status":"","ping_status":"","sticky":false,"template":"","format":"standard","meta":{"footnotes":""},"categories":[158],"tags":[35,33,31,30,43,42,1984,41,1623,159,32,160],"class_list":{"0":"post-112020","1":"post","2":"type-post","3":"status-publish","4":"format-standard","5":"has-post-thumbnail","7":"category-urheilu","8":"tag-24h","9":"tag-fi","10":"tag-finland","11":"tag-finnish","12":"tag-jalkapallo","13":"tag-jalkapalloon-perustuvat-lajit","14":"tag-jalkapallopelaajat-miehet","15":"tag-liikunta-ja-urheilu","16":"tag-miesten-jalkapallo","17":"tag-sports","18":"tag-suomi","19":"tag-urheilu"},"share_on_mastodon":{"url":"https:\/\/pubeurope.com\/@fi\/115691174372989446","error":""},"_links":{"self":[{"href":"https:\/\/www.europesays.com\/fi\/wp-json\/wp\/v2\/posts\/112020","targetHints":{"allow":["GET"]}}],"collection":[{"href":"https:\/\/www.europesays.com\/fi\/wp-json\/wp\/v2\/posts"}],"about":[{"href":"https:\/\/www.europesays.com\/fi\/wp-json\/wp\/v2\/types\/post"}],"author":[{"embeddable":true,"href":"https:\/\/www.europesays.com\/fi\/wp-json\/wp\/v2\/users\/2"}],"replies":[{"embeddable":true,"href":"https:\/\/www.europesays.com\/fi\/wp-json\/wp\/v2\/comments?post=112020"}],"version-history":[{"count":0,"href":"https:\/\/www.europesays.com\/fi\/wp-json\/wp\/v2\/posts\/112020\/revisions"}],"wp:featuredmedia":[{"embeddable":true,"href":"https:\/\/www.europesays.com\/fi\/wp-json\/wp\/v2\/media\/112021"}],"wp:attachment":[{"href":"https:\/\/www.europesays.com\/fi\/wp-json\/wp\/v2\/media?parent=112020"}],"wp:term":[{"taxonomy":"category","embeddable":true,"href":"https:\/\/www.europesays.com\/fi\/wp-json\/wp\/v2\/categories?post=112020"},{"taxonomy":"post_tag","embeddable":true,"href":"https:\/\/www.europesays.com\/fi\/wp-json\/wp\/v2\/tags?post=112020"}],"curies":[{"name":"wp","href":"https:\/\/api.w.org\/{rel}","templated":true}]}}