{"id":112022,"date":"2025-12-09T19:06:07","date_gmt":"2025-12-09T19:06:07","guid":{"rendered":"https:\/\/www.europesays.com\/fi\/112022\/"},"modified":"2025-12-09T19:06:07","modified_gmt":"2025-12-09T19:06:07","slug":"pamela-anderson-kertoo-totuuden-suhteestaan-liam-neesonin-kanssa","status":"publish","type":"post","link":"https:\/\/www.europesays.com\/fi\/112022\/","title":{"rendered":"Pamela Anderson kertoo totuuden suhteestaan Liam Neesonin kanssa"},"content":{"rendered":"<p><strong>Pamela Anderson<\/strong> on antanut <a href=\"https:\/\/people.com\/pamela-anderson-on-liam-neeson-relationship-exclusive-11864356\" target=\"_blank\" rel=\"noreferrer noopener nofollow\">People-lehdelle<\/a> haastattelun, jossa h\u00e4n kertoo Mies ja alaston ase -elokuvan kuvauksissa syntyneest\u00e4 suhteesta<strong> Liam Neesonin <\/strong>kanssa.<\/p>\n<p>Pari nousi otsikoihin sek\u00e4 negatiivisessa ett\u00e4 positiivisessa valossa elokuvan promokiertueen aikana. Moni ep\u00e4ili suhteen aitoutta. Nyt Anderson kertoo totuuden.<\/p>\n<p>Lue my\u00f6s: <a href=\"https:\/\/www.episodi.fi\/uutiset\/yllatys-pamela-anderson-haluaisi-itselleen-suomalaisen-sukunimen\/\" title=\"Yll\u00e4tys! Pamela Anderson haluaisi itselleen suomalaisen sukunimen\" class=\"underline-custom !font-montserrat !font-bold !underline-offset-4 !decoration-4 !decoration-episodi-blue !text-md\" rel=\"nofollow noopener\" target=\"_blank\">Yll\u00e4tys! Pamela Anderson haluaisi itselleen suomalaisen sukunimen<\/a><\/p>\n<p>Lue my\u00f6s: <a href=\"https:\/\/www.episodi.fi\/uutiset\/pamela-anderson-suostui-taman-elokuvan-paarooliin-nakematta-edes-kasikirjoitusta-agenttikaan-ei-onnistunut-estamaan\/\" title=\"Pamela Anderson suostui elokuvaan n\u00e4kem\u00e4tt\u00e4 k\u00e4sikirjoitusta \u2013 Edes agentti ei onnistunut est\u00e4m\u00e4\u00e4n virheliikett\u00e4\" class=\"underline-custom !font-montserrat !font-bold !underline-offset-4 !decoration-4 !decoration-episodi-blue !text-md\" rel=\"nofollow noopener\" target=\"_blank\">Pamela Anderson suostui elokuvaan n\u00e4kem\u00e4tt\u00e4 k\u00e4sikirjoitusta \u2013 Edes agentti ei onnistunut est\u00e4m\u00e4\u00e4n virheliikett\u00e4<\/a><\/p>\n<p>\u2013 Jos teid\u00e4n on pakko tiet\u00e4\u00e4, niin paljastan, ett\u00e4 olimme Liamin kanssa romanttisessa suhteessa lyhyen aikaa, mutta se tapahtui kuvausten p\u00e4\u00e4tytty\u00e4, Anderson kertoi.<\/p>\n<p>Kaksikko vietti \u201dintiimin viikon\u201d Neesonin kodissa New Yorkissa.<\/p>\n<p>\u2013 Minulla oli oma huone. Avustajamme oli siell\u00e4, ja jopa perheemme vieraili luonamme.<\/p>\n<p>\u2013 Menimme pieneen ranskalaiseen ravintolaan, jossa h\u00e4n esitteli minut tulevana rouva Neesonina.<\/p>\n<p>Anderson paljasti samalla, ett\u00e4 h\u00e4n hoiti Neesonin puutarhaa, jossa ylikasvanut minttu oli vallannut ruusupensaan. \u201dKadonneen romanttisen viikon\u201d aikana kylpytakkiin pukeutunut Neeson joutui ajamaan my\u00f6s karhun keitti\u00f6n ikkunan ulkopuolelta.<\/p>\n<p>\u2013 Lopulta erosimme, koska l\u00e4hdimme kuvaamaan omia elokuviamme toisaalle, Anderson kertoi.<\/p>\n<p>Kaksikko tapasi uudelleen, kun Alastoman aseen promokiertue k\u00e4ynnistyi. Anderson ja Neeson n\u00e4htiin punaisilla matoilla halailemassa ja pitelem\u00e4ss\u00e4 toistensa k\u00e4si\u00e4.<\/p>\n<p>\u2013 Pidimme hauskaa. Minulla oli hillitt\u00f6m\u00e4n hauskaa, kun ihmiset ajattelivat sen olleen pelkk\u00e4 PR-stuntti. Ihailen Liamia, mutta meid\u00e4n on parempi olla pelkki\u00e4 yst\u00e4vi\u00e4, jos totta puhun.<\/p>\n<p>Kaksikko on n\u00e4hnyt toisensa viimeksi elokuussa, kun Neeson teki yll\u00e4tysvierailun Williamstownin teatterifestivaaleille, jossa Anderson n\u00e4ytteli<strong> Tennessee Williamin<\/strong><strong> <\/strong>Camino Real -n\u00e4ytelm\u00e4ss\u00e4.<\/p>\n<p>\u2013 H\u00e4n tukee minua minua t\u00e4ss\u00e4 urani uudessa vaiheessa, ja kertoo aina, kuinka ylpe\u00e4 h\u00e4n minusta on. Uskon, ett\u00e4 olemme yst\u00e4vi\u00e4 ikuisesti, Anderson kertoi.<\/p>\n<p>Lue my\u00f6s: <a href=\"https:\/\/www.episodi.fi\/uutiskirje\/?uutiskirjemainos=tekstilinkkimainos\" title=\"Tilaa Episodin uutiskirje ja voit voittaa leffalippuja! Nappaa tv-vinkit suoraan s\u00e4hk\u00f6postiin t\u00e4st\u00e4.\" class=\"underline-custom !font-montserrat !font-bold !underline-offset-4 !decoration-4 !decoration-episodi-blue !text-md\" rel=\"nofollow noopener\" target=\"_blank\">Tilaa Episodin uutiskirje ja voit voittaa leffalippuja! Nappaa katseluvinkit suoraan s\u00e4hk\u00f6postiin t\u00e4st\u00e4.<\/a><\/p>\n","protected":false},"excerpt":{"rendered":"Pamela Anderson on antanut People-lehdelle haastattelun, jossa h\u00e4n kertoo Mies ja alaston ase -elokuvan kuvauksissa syntyneest\u00e4 suhteesta Liam&hellip;\n","protected":false},"author":2,"featured_media":112023,"comment_status":"","ping_status":"","sticky":false,"template":"","format":"standard","meta":{"footnotes":""},"categories":[130],"tags":[137,33,31,30,2081,2889,2082,1496,32,109],"class_list":{"0":"post-112022","1":"post","2":"type-post","3":"status-publish","4":"format-standard","5":"has-post-thumbnail","7":"category-viihde","8":"tag-entertainment","9":"tag-fi","10":"tag-finland","11":"tag-finnish","12":"tag-liam-neeson","13":"tag-mies-ja-alaston-ase","14":"tag-pamela-anderson","15":"tag-parisuhde","16":"tag-suomi","17":"tag-viihde"},"share_on_mastodon":{"url":"https:\/\/pubeurope.com\/@fi\/115691178084299227","error":""},"_links":{"self":[{"href":"https:\/\/www.europesays.com\/fi\/wp-json\/wp\/v2\/posts\/112022","targetHints":{"allow":["GET"]}}],"collection":[{"href":"https:\/\/www.europesays.com\/fi\/wp-json\/wp\/v2\/posts"}],"about":[{"href":"https:\/\/www.europesays.com\/fi\/wp-json\/wp\/v2\/types\/post"}],"author":[{"embeddable":true,"href":"https:\/\/www.europesays.com\/fi\/wp-json\/wp\/v2\/users\/2"}],"replies":[{"embeddable":true,"href":"https:\/\/www.europesays.com\/fi\/wp-json\/wp\/v2\/comments?post=112022"}],"version-history":[{"count":0,"href":"https:\/\/www.europesays.com\/fi\/wp-json\/wp\/v2\/posts\/112022\/revisions"}],"wp:featuredmedia":[{"embeddable":true,"href":"https:\/\/www.europesays.com\/fi\/wp-json\/wp\/v2\/media\/112023"}],"wp:attachment":[{"href":"https:\/\/www.europesays.com\/fi\/wp-json\/wp\/v2\/media?parent=112022"}],"wp:term":[{"taxonomy":"category","embeddable":true,"href":"https:\/\/www.europesays.com\/fi\/wp-json\/wp\/v2\/categories?post=112022"},{"taxonomy":"post_tag","embeddable":true,"href":"https:\/\/www.europesays.com\/fi\/wp-json\/wp\/v2\/tags?post=112022"}],"curies":[{"name":"wp","href":"https:\/\/api.w.org\/{rel}","templated":true}]}}