{"id":112026,"date":"2025-12-09T19:10:10","date_gmt":"2025-12-09T19:10:10","guid":{"rendered":"https:\/\/www.europesays.com\/fi\/112026\/"},"modified":"2025-12-09T19:10:10","modified_gmt":"2025-12-09T19:10:10","slug":"vihdoinkin-eu-toimii-tassa-asiassa","status":"publish","type":"post","link":"https:\/\/www.europesays.com\/fi\/112026\/","title":{"rendered":"Vihdoinkin EU toimii t\u00e4ss\u00e4 asiassa"},"content":{"rendered":"<p><a href=\"https:\/\/www.iltalehti.fi\/kirjoittajat\/Juha Ristam\u00e4ki\" class=\"article-description-pov-author\" rel=\"nofollow noopener\" target=\"_blank\"><\/p>\n<p>Juha Ristam\u00e4ki<\/p>\n<p><img decoding=\"async\" class=\"author-image\" src=\"https:\/\/www.europesays.com\/fi\/wp-content\/uploads\/2025\/09\/31074260e5d4e513b485c555ddfb5e7d30c67d0d002845325da12ddc68a463d9.png\" alt=\"\"\/><\/a><\/p>\n<p>N\u00e4m\u00e4 ovat todellisia ongelmia paitsi j\u00e4senmaille, my\u00f6s siirtolaisille itselleen, kirjoittaa Juha Ristam\u00e4ki.<\/p>\n<p>T\u00e4n\u00e4\u00e4n klo 20:26<\/p>\n<p><img decoding=\"async\" class=\"image image-show image-preview\" src=\"https:\/\/www.europesays.com\/fi\/wp-content\/uploads\/2025\/09\/c54c5315088b202f261160894515bec36b9ebb2c03d0c4226e821a33dea2f895.jpg\" alt=\"\"\/><img decoding=\"async\" class=\"image image-show\" src=\"https:\/\/www.europesays.com\/fi\/wp-content\/uploads\/2025\/09\/1758681011_597_c54c5315088b202f261160894515bec36b9ebb2c03d0c4226e821a33dea2f895.jpg\" alt=\"\"\/><\/p>\n<p>Mari Rantanen edustaa Suomea EU-tasolla sis\u00e4ministerien kokoonpanossa. Henri K\u00e4rkk\u00e4inen<\/p>\n<p class=\"paragraph\">Maanantaina oli iso p\u00e4iv\u00e4 EU:n sis\u00e4ministerien kokouksessa. Vuosien poliittisen vatuloinnin j\u00e4lkeen unionin sis\u00e4ministerit p\u00e4\u00e4siv\u00e4t sopuun lakialoitteista, jotka tulevaisuudessa toivottavasti tehostavat EU:n turvapaikkaprosesseja ja est\u00e4v\u00e4t laitonta siirtolaisuutta.<\/p>\n<p class=\"paragraph\">Eteenp\u00e4in nytk\u00e4ht\u00e4vi\u00e4 uudistuksia on useita.<\/p>\n<p class=\"paragraph\">Turvapaikanhakijan asian prosessointi voidaan tulevaisuudessa siirt\u00e4\u00e4 EU:n ulkopuolelle turvalliseen maahan. Muun muassa It\u00e4valta ja Tanska ovat ilmaisseet halunsa is\u00e4nn\u00f6id\u00e4 t\u00e4llaisia turvapaikkakeskuksia EU:n ulkopuolella.<\/p>\n<p class=\"paragraph\">Jos turvapaikanhakija on kotoisin turvalliseksi katsotusta l\u00e4ht\u00f6maasta, h\u00e4nen hakemuksensa voidaan k\u00e4sitell\u00e4 nopeutetusti. Turvapaikanhakijoiden s\u00e4il\u00f6\u00f6nottoa helpotetaan ja palautuksia tehostetaan.<\/p>\n<p class=\"paragraph\">Lis\u00e4ksi luodaan 430 miljoonaa euron solidaarisuusrahasto, josta tuetaan EU-maita, jotka ovat kovimman turvapaikanhakupaineen alla. N\u00e4it\u00e4 ovat Kypros, Kreikka, Italia ja Espanja.<\/p>\n<p class=\"paragraph\">Tekeill\u00e4 on my\u00f6s suunnitelma 21 000 turvapaikanhakijan uudelleensijoittamisesta EU:n sis\u00e4ll\u00e4. Ne maat, jotka eiv\u00e4t halua t\u00e4ss\u00e4 yhteydess\u00e4 ottaa turvapaikanhakijoita, joutuvat maksamaan yhteisvastuusta \u2013\u2009Suomi kuuluu t\u00e4h\u00e4n joukkoon.<\/p>\n<p class=\"paragraph\">T\u00e4m\u00e4 yhteisvastuuj\u00e4rjestelm\u00e4 on osa EU:n muuttoliike- ja turvapaikkasopimusta, jota aletaan soveltaa kes\u00e4ll\u00e4 2026. J\u00e4rjestelm\u00e4 luodaan, jotta mik\u00e4\u00e4n j\u00e4senvaltio ei j\u00e4isi yksin muuttoliikepaineen alle.<\/p>\n<p class=\"paragraph\">N\u00e4iden toimien tarkoituksena on paitsi vahvistaa turvapaikkaprosessia, my\u00f6s tehostaa laittomasti EU:ssa oleskelevien henkil\u00f6iden palautuksia sek\u00e4 est\u00e4\u00e4 luvatonta liikkumista Schengen-alueella. Asetus luo j\u00e4senvaltioille yhteiset ja ajanmukaiset s\u00e4\u00e4nn\u00f6t palautusten hallintaan.<\/p>\n<p class=\"paragraph\">Uutisoinnissa maanantain p\u00e4\u00e4t\u00f6ksiss\u00e4 on v\u00e4l\u00e4ytelty, ett\u00e4 pitk\u00e4\u00e4n v\u00e4\u00e4nnetyt uudistukset saatiin nyt maaliin, koska ymp\u00e4ri Eurooppaa ollaan pel\u00e4stytty laitaoikeiston noususta.<\/p>\n<p class=\"paragraph\">T\u00e4m\u00e4 on hyvin eriskummallinen asetelma.<\/p>\n<p class=\"paragraph\">Ongelma siis monissa EU-maissa n\u00e4ytt\u00e4isi olevan laitaoikeistopuolueiden kannatuksen nousu, ei se, ett\u00e4 EU-alueella on miljoonia laittomia siirtolaisia ja koko ajan unioniin virtaa ihmisi\u00e4, joilla ei ole perusteita saada t\u00e4\u00e4lt\u00e4 turvapaikkaa.<\/p>\n<p class=\"paragraph\">N\u00e4m\u00e4 ovat todellisia ongelmia paitsi j\u00e4senmaille, my\u00f6s siirtolaisille itselleen, jotka voivat joutua monenlaisten v\u00e4\u00e4rink\u00e4yt\u00f6sten kohteeksi, niin salakuljettajien kuin muidenkin rikollisten.<\/p>\n<p class=\"paragraph\">On luonnollista, ett\u00e4 monissa maissa laitaoikeistopuolueiden kannatus on nousussa, koska maahanmuuton ongelmat ovat kasvaneet.<\/p>\n<p class=\"paragraph\">Jos valtapuolueissa on oltu t\u00e4st\u00e4 huolissaan, olisi kannattanut ryhty\u00e4 hoitamaan juurisyit\u00e4 jo aiemmin. Mutta parempi my\u00f6h\u00e4\u00e4n kuin ei milloinkaan, pit\u00e4\u00e4 toivoa, ett\u00e4 EU:n sis\u00e4ministerien p\u00e4\u00e4t\u00f6kset my\u00f6s johtavat konkreettiseen toimintaan.<\/p>\n<p class=\"paragraph\">Suomessa Orpon hallitus on kirist\u00e4nyt maahanmuuttopolitiikkaa lukuisilla lakiuudistuksilla. Samanlaisia kiristyksi\u00e4 tehd\u00e4\u00e4n ymp\u00e4ri Eurooppaa.<\/p>\n<p class=\"paragraph\">Uudistukset ovat v\u00e4ltt\u00e4m\u00e4tt\u00f6mi\u00e4 muun muassa sen takia, ett\u00e4 maahanmuuttajat saataisiin kotiutumaan mahdollisimman hyvin itse hankitun toimeentulon kautta, mutta my\u00f6s sen takia, ett\u00e4 rikoksia tehneet tai muuten laittomasti maassa olevat saataisiin karkotettua. T\u00e4ll\u00e4 hetkell\u00e4 Suomessa arvioidaan olevan 3 000\u20136 000 niin sanottua paperitonta, jotka oleskelevat maassa ilman laillista oleskeluoikeutta.<\/p>\n<p class=\"paragraph\">Maahanmuuttopolitiikan oikeansuuntainen kirist\u00e4minen ei tarkoita sit\u00e4, etteik\u00f6 Suomi tarvitsisi ty\u00f6per\u00e4ist\u00e4 maahanmuuttoa. Millaista, kuinka paljon ja mill\u00e4 ehdoilla, sit\u00e4 saavat seuraavatkin hallitukset pohtia kuumeisesti.<\/p>\n","protected":false},"excerpt":{"rendered":"Juha Ristam\u00e4ki N\u00e4m\u00e4 ovat todellisia ongelmia paitsi j\u00e4senmaille, my\u00f6s siirtolaisille itselleen, kirjoittaa Juha Ristam\u00e4ki. T\u00e4n\u00e4\u00e4n klo 20:26 Mari&hellip;\n","protected":false},"author":2,"featured_media":112027,"comment_status":"","ping_status":"","sticky":false,"template":"","format":"standard","meta":{"footnotes":""},"categories":[14],"tags":[35,22,23,26,27,33,31,30,17,3243,24,25,3244,28,29,2594,15,18,21,637,886,32,19,20,56,16,59,60,61],"class_list":{"0":"post-112026","1":"post","2":"type-post","3":"status-publish","4":"format-standard","5":"has-post-thumbnail","7":"category-ulkomaat","8":"tag-24h","9":"tag-breaking-news","10":"tag-breakingnews","11":"tag-featured-news","12":"tag-featurednews","13":"tag-fi","14":"tag-finland","15":"tag-finnish","16":"tag-headlines","17":"tag-kansallinen-tai-etninen-ryhma","18":"tag-latest-news","19":"tag-latestnews","20":"tag-maahanmuutto","21":"tag-main-news","22":"tag-mainnews","23":"tag-muuttoliike-ja-siirtolaisuus","24":"tag-news","25":"tag-otsikot","26":"tag-paauutiset","27":"tag-politiikka","28":"tag-puolueet","29":"tag-suomi","30":"tag-top-stories","31":"tag-topstories","32":"tag-ulkomaat","33":"tag-uutiset","34":"tag-world","35":"tag-world-news","36":"tag-worldnews"},"share_on_mastodon":{"url":"https:\/\/pubeurope.com\/@fi\/115691194257950575","error":""},"_links":{"self":[{"href":"https:\/\/www.europesays.com\/fi\/wp-json\/wp\/v2\/posts\/112026","targetHints":{"allow":["GET"]}}],"collection":[{"href":"https:\/\/www.europesays.com\/fi\/wp-json\/wp\/v2\/posts"}],"about":[{"href":"https:\/\/www.europesays.com\/fi\/wp-json\/wp\/v2\/types\/post"}],"author":[{"embeddable":true,"href":"https:\/\/www.europesays.com\/fi\/wp-json\/wp\/v2\/users\/2"}],"replies":[{"embeddable":true,"href":"https:\/\/www.europesays.com\/fi\/wp-json\/wp\/v2\/comments?post=112026"}],"version-history":[{"count":0,"href":"https:\/\/www.europesays.com\/fi\/wp-json\/wp\/v2\/posts\/112026\/revisions"}],"wp:featuredmedia":[{"embeddable":true,"href":"https:\/\/www.europesays.com\/fi\/wp-json\/wp\/v2\/media\/112027"}],"wp:attachment":[{"href":"https:\/\/www.europesays.com\/fi\/wp-json\/wp\/v2\/media?parent=112026"}],"wp:term":[{"taxonomy":"category","embeddable":true,"href":"https:\/\/www.europesays.com\/fi\/wp-json\/wp\/v2\/categories?post=112026"},{"taxonomy":"post_tag","embeddable":true,"href":"https:\/\/www.europesays.com\/fi\/wp-json\/wp\/v2\/tags?post=112026"}],"curies":[{"name":"wp","href":"https:\/\/api.w.org\/{rel}","templated":true}]}}