{"id":112028,"date":"2025-12-09T19:11:08","date_gmt":"2025-12-09T19:11:08","guid":{"rendered":"https:\/\/www.europesays.com\/fi\/112028\/"},"modified":"2025-12-09T19:11:08","modified_gmt":"2025-12-09T19:11:08","slug":"jos-naet-taman-naisen-soita-112","status":"publish","type":"post","link":"https:\/\/www.europesays.com\/fi\/112028\/","title":{"rendered":"Jos n\u00e4et t\u00e4m\u00e4n naisen, soita 112"},"content":{"rendered":"<p>Noin 150 senttimetri\u00e4 pitk\u00e4 nainen on kadonnut Mikkeliss\u00e4.<\/p>\n<p><img decoding=\"async\" class=\"image image-show image-preview\" src=\"https:\/\/www.europesays.com\/fi\/wp-content\/uploads\/2025\/12\/9a96050e99e0c4ca28629f594f82f61f4067030b61589a8ec08336e3d8404095.png\" alt=\"\"\/><img decoding=\"async\" class=\"image image-show\" src=\"https:\/\/www.europesays.com\/fi\/wp-content\/uploads\/2025\/12\/1765307468_603_9a96050e99e0c4ca28629f594f82f61f4067030b61589a8ec08336e3d8404095.png\" alt=\"\"\/><\/p>\n<p>Poliisi kaipaa apua t\u00e4m\u00e4n naisen l\u00f6yt\u00e4miseen. Kuvat: Poliisi<\/p>\n<p class=\"paragraph\">Poliisi etsii naista, joka on viimeksi n\u00e4hty Pietarinkadulla Mikkeliss\u00e4, tiedottaa It\u00e4-Suomen poliisilaitos.<\/p>\n<p class=\"paragraph\">Noin 150 senttimetri\u00e4 pitk\u00e4 nainen oli pukeutunut pitk\u00e4\u00e4n ruskeaan tai viininpunaiseen toppatakkiin. Lis\u00e4ksi h\u00e4nell\u00e4 oli punertava pipo tai harmahtava p\u00e4\u00e4nauha.<\/p>\n<p class=\"paragraph\">Poliisi pyyt\u00e4\u00e4 havaintoja h\u00e4t\u00e4numeroon 112.<\/p>\n","protected":false},"excerpt":{"rendered":"Noin 150 senttimetri\u00e4 pitk\u00e4 nainen on kadonnut Mikkeliss\u00e4. Poliisi kaipaa apua t\u00e4m\u00e4n naisen l\u00f6yt\u00e4miseen. Kuvat: Poliisi Poliisi etsii&hellip;\n","protected":false},"author":2,"featured_media":112029,"comment_status":"","ping_status":"","sticky":false,"template":"","format":"standard","meta":{"footnotes":""},"categories":[12],"tags":[35,22,23,26,27,33,31,30,17,55,24,25,28,29,15,18,21,122,54,52,32,19,20,546,16],"class_list":{"0":"post-112028","1":"post","2":"type-post","3":"status-publish","4":"format-standard","5":"has-post-thumbnail","7":"category-suomi","8":"tag-24h","9":"tag-breaking-news","10":"tag-breakingnews","11":"tag-featured-news","12":"tag-featurednews","13":"tag-fi","14":"tag-finland","15":"tag-finnish","16":"tag-headlines","17":"tag-lainvalvonta","18":"tag-latest-news","19":"tag-latestnews","20":"tag-main-news","21":"tag-mainnews","22":"tag-news","23":"tag-otsikot","24":"tag-paauutiset","25":"tag-pelastaminen","26":"tag-pelastuspalvelut","27":"tag-poliisi","28":"tag-suomi","29":"tag-top-stories","30":"tag-topstories","31":"tag-turvallisuus","32":"tag-uutiset"},"share_on_mastodon":{"url":"https:\/\/pubeurope.com\/@fi\/115691198113214640","error":""},"_links":{"self":[{"href":"https:\/\/www.europesays.com\/fi\/wp-json\/wp\/v2\/posts\/112028","targetHints":{"allow":["GET"]}}],"collection":[{"href":"https:\/\/www.europesays.com\/fi\/wp-json\/wp\/v2\/posts"}],"about":[{"href":"https:\/\/www.europesays.com\/fi\/wp-json\/wp\/v2\/types\/post"}],"author":[{"embeddable":true,"href":"https:\/\/www.europesays.com\/fi\/wp-json\/wp\/v2\/users\/2"}],"replies":[{"embeddable":true,"href":"https:\/\/www.europesays.com\/fi\/wp-json\/wp\/v2\/comments?post=112028"}],"version-history":[{"count":0,"href":"https:\/\/www.europesays.com\/fi\/wp-json\/wp\/v2\/posts\/112028\/revisions"}],"wp:featuredmedia":[{"embeddable":true,"href":"https:\/\/www.europesays.com\/fi\/wp-json\/wp\/v2\/media\/112029"}],"wp:attachment":[{"href":"https:\/\/www.europesays.com\/fi\/wp-json\/wp\/v2\/media?parent=112028"}],"wp:term":[{"taxonomy":"category","embeddable":true,"href":"https:\/\/www.europesays.com\/fi\/wp-json\/wp\/v2\/categories?post=112028"},{"taxonomy":"post_tag","embeddable":true,"href":"https:\/\/www.europesays.com\/fi\/wp-json\/wp\/v2\/tags?post=112028"}],"curies":[{"name":"wp","href":"https:\/\/api.w.org\/{rel}","templated":true}]}}